{"id":1385,"date":"2018-09-28T12:41:31","date_gmt":"2018-09-28T12:41:31","guid":{"rendered":"http:\/\/lfsl.net.hemsida.eu\/?p=1385"},"modified":"2019-03-22T14:44:09","modified_gmt":"2019-03-22T14:44:09","slug":"the-armistice-centennial","status":"publish","type":"post","link":"https:\/\/www.lfsl.net\/en\/the-armistice-centennial\/","title":{"rendered":"The Armistice Centennial"},"content":{"rendered":"\n<p>From October 15 to 19, 2018, LFSL students in the class of \u00ab 3\u00e8me\u201d went to France and Belgium to participate in an interdisciplinary project as part of the Armistice Centennial.<\/p>\n\n\n\n<p>One of the objectives was to educate the students about the everyday life of a soldier in this World War, whatever his nationality, and to realise that the all lived the same horror.<\/p>\n\n\n\n<p>In the footsteps and memories left by the Great War, as the soldiers called it, the students first discovered the English speaking engagement by visiting the village of Villiers-Bretonneux where the Australian imprint is particularly significant. A memorial circuit was then proposed on the British Battlefields of the Somme, culminating in the Thiepval Memorial.<br>Following the traces of the French and German soldiers, the students visited the museum of Meaux in order to get a global vision of the conflict, then taken to the battlefields of Verdun and Douaumont.<\/p>\n\n\n\n<p>They then visited Reims and its cathedral, of major importance in order to evoke the material destruction of this war.<\/p>\n\n\n\n<p>Finally the trip ended in Brussels, a place steeped in the history of European construction, to evoke the reconciliation of the European peoples.<br>This project will end with a commemoration day at the LFSL November 9, 2018.<\/p>\n","protected":false},"excerpt":{"rendered":"<p>From October 15 to 19, 2018, LFSL students in the class of \u00ab 3\u00e8me\u201d went to France and Belgium to participate in an interdisciplinary project as part of the Armistice Centennial. One of the objectives was to educate the students about the everyday life of a soldier in this World War, whatever his nationality, and &#8230; <\/p>\n<p class=\"read-more-container\"><a title=\"The Armistice Centennial\" class=\"read-more button\" href=\"https:\/\/www.lfsl.net\/en\/the-armistice-centennial\/#more-1385\" aria-label=\"Read more about The Armistice Centennial\">Read more<\/a><\/p>\n","protected":false},"author":1,"featured_media":2813,"comment_status":"closed","ping_status":"closed","sticky":false,"template":"","format":"standard","meta":{"footnotes":""},"categories":[1],"tags":[],"class_list":["post-1385","post","type-post","status-publish","format-standard","has-post-thumbnail","hentry","category-uncategorized"],"yoast_head":"<!-- This site is optimized with the Yoast SEO plugin v27.4 - https:\/\/yoast.com\/product\/yoast-seo-wordpress\/ -->\n<title>The Armistice Centennial &#8211; Lyc\u00e9e Fran\u00e7ais Saint Louis de Stockholm<\/title>\n<meta name=\"robots\" content=\"index, follow, max-snippet:-1, max-image-preview:large, max-video-preview:-1\" \/>\n<link rel=\"canonical\" href=\"https:\/\/www.lfsl.net\/en\/the-armistice-centennial\/\" \/>\n<meta property=\"og:locale\" content=\"en_US\" \/>\n<meta property=\"og:type\" content=\"article\" \/>\n<meta property=\"og:title\" content=\"The Armistice Centennial &#8211; Lyc\u00e9e Fran\u00e7ais Saint Louis de Stockholm\" \/>\n<meta property=\"og:description\" content=\"From October 15 to 19, 2018, LFSL students in the class of \u00ab 3\u00e8me\u201d went to France and Belgium to participate in an interdisciplinary project as part of the Armistice Centennial. One of the objectives was to educate the students about the everyday life of a soldier in this World War, whatever his nationality, and ... Read more\" \/>\n<meta property=\"og:url\" content=\"https:\/\/www.lfsl.net\/en\/the-armistice-centennial\/\" \/>\n<meta property=\"og:site_name\" content=\"Lyc\u00e9e Fran\u00e7ais Saint Louis de Stockholm\" \/>\n<meta property=\"article:publisher\" content=\"https:\/\/www.facebook.com\/Lyc%c3%a9e-Francais-Saint-Louis-182116921840529\/\" \/>\n<meta property=\"article:published_time\" content=\"2018-09-28T12:41:31+00:00\" \/>\n<meta property=\"article:modified_time\" content=\"2019-03-22T14:44:09+00:00\" \/>\n<meta property=\"og:image\" content=\"https:\/\/www.lfsl.net\/wp-content\/uploads\/2019\/01\/Villiers-Bretonneux.jpg\" \/>\n\t<meta property=\"og:image:width\" content=\"1920\" \/>\n\t<meta property=\"og:image:height\" content=\"1080\" \/>\n\t<meta property=\"og:image:type\" content=\"image\/jpeg\" \/>\n<meta name=\"author\" content=\"LFSL\" \/>\n<meta name=\"twitter:card\" content=\"summary_large_image\" \/>\n<script type=\"application\/ld+json\" class=\"yoast-schema-graph\">{\"@context\":\"https:\\\/\\\/schema.org\",\"@graph\":[{\"@type\":\"Article\",\"@id\":\"https:\\\/\\\/www.lfsl.net\\\/en\\\/the-armistice-centennial\\\/#article\",\"isPartOf\":{\"@id\":\"https:\\\/\\\/www.lfsl.net\\\/en\\\/the-armistice-centennial\\\/\"},\"author\":{\"name\":\"LFSL\",\"@id\":\"https:\\\/\\\/www.lfsl.net\\\/en\\\/#\\\/schema\\\/person\\\/b844e4fec0b6546045ed48d495805bfc\"},\"headline\":\"The Armistice Centennial\",\"datePublished\":\"2018-09-28T12:41:31+00:00\",\"dateModified\":\"2019-03-22T14:44:09+00:00\",\"mainEntityOfPage\":{\"@id\":\"https:\\\/\\\/www.lfsl.net\\\/en\\\/the-armistice-centennial\\\/\"},\"wordCount\":207,\"publisher\":{\"@id\":\"https:\\\/\\\/www.lfsl.net\\\/en\\\/#organization\"},\"image\":{\"@id\":\"https:\\\/\\\/www.lfsl.net\\\/en\\\/the-armistice-centennial\\\/#primaryimage\"},\"thumbnailUrl\":\"https:\\\/\\\/www.lfsl.net\\\/wp-content\\\/uploads\\\/2019\\\/01\\\/Villiers-Bretonneux.jpg\",\"inLanguage\":\"en-US\"},{\"@type\":\"WebPage\",\"@id\":\"https:\\\/\\\/www.lfsl.net\\\/en\\\/the-armistice-centennial\\\/\",\"url\":\"https:\\\/\\\/www.lfsl.net\\\/en\\\/the-armistice-centennial\\\/\",\"name\":\"The Armistice Centennial &#8211; Lyc\u00e9e Fran\u00e7ais Saint Louis de Stockholm\",\"isPartOf\":{\"@id\":\"https:\\\/\\\/www.lfsl.net\\\/en\\\/#website\"},\"primaryImageOfPage\":{\"@id\":\"https:\\\/\\\/www.lfsl.net\\\/en\\\/the-armistice-centennial\\\/#primaryimage\"},\"image\":{\"@id\":\"https:\\\/\\\/www.lfsl.net\\\/en\\\/the-armistice-centennial\\\/#primaryimage\"},\"thumbnailUrl\":\"https:\\\/\\\/www.lfsl.net\\\/wp-content\\\/uploads\\\/2019\\\/01\\\/Villiers-Bretonneux.jpg\",\"datePublished\":\"2018-09-28T12:41:31+00:00\",\"dateModified\":\"2019-03-22T14:44:09+00:00\",\"breadcrumb\":{\"@id\":\"https:\\\/\\\/www.lfsl.net\\\/en\\\/the-armistice-centennial\\\/#breadcrumb\"},\"inLanguage\":\"en-US\",\"potentialAction\":[{\"@type\":\"ReadAction\",\"target\":[\"https:\\\/\\\/www.lfsl.net\\\/en\\\/the-armistice-centennial\\\/\"]}]},{\"@type\":\"ImageObject\",\"inLanguage\":\"en-US\",\"@id\":\"https:\\\/\\\/www.lfsl.net\\\/en\\\/the-armistice-centennial\\\/#primaryimage\",\"url\":\"https:\\\/\\\/www.lfsl.net\\\/wp-content\\\/uploads\\\/2019\\\/01\\\/Villiers-Bretonneux.jpg\",\"contentUrl\":\"https:\\\/\\\/www.lfsl.net\\\/wp-content\\\/uploads\\\/2019\\\/01\\\/Villiers-Bretonneux.jpg\",\"width\":1920,\"height\":1080},{\"@type\":\"BreadcrumbList\",\"@id\":\"https:\\\/\\\/www.lfsl.net\\\/en\\\/the-armistice-centennial\\\/#breadcrumb\",\"itemListElement\":[{\"@type\":\"ListItem\",\"position\":1,\"name\":\"Home\",\"item\":\"https:\\\/\\\/www.lfsl.net\\\/en\\\/\"},{\"@type\":\"ListItem\",\"position\":2,\"name\":\"The Armistice Centennial\"}]},{\"@type\":\"WebSite\",\"@id\":\"https:\\\/\\\/www.lfsl.net\\\/en\\\/#website\",\"url\":\"https:\\\/\\\/www.lfsl.net\\\/en\\\/\",\"name\":\"Lyc\u00e9e Fran\u00e7ais Saint Louis de Stockholm\",\"description\":\"\u00c9tablissement membre du r\u00e9seau AEFE\",\"publisher\":{\"@id\":\"https:\\\/\\\/www.lfsl.net\\\/en\\\/#organization\"},\"potentialAction\":[{\"@type\":\"SearchAction\",\"target\":{\"@type\":\"EntryPoint\",\"urlTemplate\":\"https:\\\/\\\/www.lfsl.net\\\/en\\\/?s={search_term_string}\"},\"query-input\":{\"@type\":\"PropertyValueSpecification\",\"valueRequired\":true,\"valueName\":\"search_term_string\"}}],\"inLanguage\":\"en-US\"},{\"@type\":\"Organization\",\"@id\":\"https:\\\/\\\/www.lfsl.net\\\/en\\\/#organization\",\"name\":\"Lyc\u00e9e Fran\u00e7ais Saint Louis\",\"url\":\"https:\\\/\\\/www.lfsl.net\\\/en\\\/\",\"logo\":{\"@type\":\"ImageObject\",\"inLanguage\":\"en-US\",\"@id\":\"https:\\\/\\\/www.lfsl.net\\\/en\\\/#\\\/schema\\\/logo\\\/image\\\/\",\"url\":\"https:\\\/\\\/www.lfsl.net\\\/wp-content\\\/uploads\\\/2021\\\/03\\\/LFSL-logo.jpg\",\"contentUrl\":\"https:\\\/\\\/www.lfsl.net\\\/wp-content\\\/uploads\\\/2021\\\/03\\\/LFSL-logo.jpg\",\"width\":330,\"height\":473,\"caption\":\"Lyc\u00e9e Fran\u00e7ais Saint Louis\"},\"image\":{\"@id\":\"https:\\\/\\\/www.lfsl.net\\\/en\\\/#\\\/schema\\\/logo\\\/image\\\/\"},\"sameAs\":[\"https:\\\/\\\/www.facebook.com\\\/Lyc\u00e9e-Francais-Saint-Louis-182116921840529\\\/\",\"https:\\\/\\\/www.instagram.com\\\/lyceefrancaisstockholm\\\/\",\"https:\\\/\\\/www.linkedin.com\\\/school\\\/lfsl\\\/\",\"https:\\\/\\\/www.youtube.com\\\/channel\\\/UCchS4IO4jE_YY0ILwn5NgGQ\"]},{\"@type\":\"Person\",\"@id\":\"https:\\\/\\\/www.lfsl.net\\\/en\\\/#\\\/schema\\\/person\\\/b844e4fec0b6546045ed48d495805bfc\",\"name\":\"LFSL\",\"image\":{\"@type\":\"ImageObject\",\"inLanguage\":\"en-US\",\"@id\":\"https:\\\/\\\/secure.gravatar.com\\\/avatar\\\/8675186c12a5532dad5f25706eb6019c936983ed4945888898482ec1904338ec?s=96&d=mm&r=g\",\"url\":\"https:\\\/\\\/secure.gravatar.com\\\/avatar\\\/8675186c12a5532dad5f25706eb6019c936983ed4945888898482ec1904338ec?s=96&d=mm&r=g\",\"contentUrl\":\"https:\\\/\\\/secure.gravatar.com\\\/avatar\\\/8675186c12a5532dad5f25706eb6019c936983ed4945888898482ec1904338ec?s=96&d=mm&r=g\",\"caption\":\"LFSL\"},\"url\":\"https:\\\/\\\/www.lfsl.net\\\/en\\\/author\\\/lfsladmin\\\/\"}]}<\/script>\n<!-- \/ Yoast SEO plugin. -->","yoast_head_json":{"title":"The Armistice Centennial &#8211; Lyc\u00e9e Fran\u00e7ais Saint Louis de Stockholm","robots":{"index":"index","follow":"follow","max-snippet":"max-snippet:-1","max-image-preview":"max-image-preview:large","max-video-preview":"max-video-preview:-1"},"canonical":"https:\/\/www.lfsl.net\/en\/the-armistice-centennial\/","og_locale":"en_US","og_type":"article","og_title":"The Armistice Centennial &#8211; Lyc\u00e9e Fran\u00e7ais Saint Louis de Stockholm","og_description":"From October 15 to 19, 2018, LFSL students in the class of \u00ab 3\u00e8me\u201d went to France and Belgium to participate in an interdisciplinary project as part of the Armistice Centennial. One of the objectives was to educate the students about the everyday life of a soldier in this World War, whatever his nationality, and ... Read more","og_url":"https:\/\/www.lfsl.net\/en\/the-armistice-centennial\/","og_site_name":"Lyc\u00e9e Fran\u00e7ais Saint Louis de Stockholm","article_publisher":"https:\/\/www.facebook.com\/Lyc%c3%a9e-Francais-Saint-Louis-182116921840529\/","article_published_time":"2018-09-28T12:41:31+00:00","article_modified_time":"2019-03-22T14:44:09+00:00","og_image":[{"width":1920,"height":1080,"url":"https:\/\/www.lfsl.net\/wp-content\/uploads\/2019\/01\/Villiers-Bretonneux.jpg","type":"image\/jpeg"}],"author":"LFSL","twitter_card":"summary_large_image","schema":{"@context":"https:\/\/schema.org","@graph":[{"@type":"Article","@id":"https:\/\/www.lfsl.net\/en\/the-armistice-centennial\/#article","isPartOf":{"@id":"https:\/\/www.lfsl.net\/en\/the-armistice-centennial\/"},"author":{"name":"LFSL","@id":"https:\/\/www.lfsl.net\/en\/#\/schema\/person\/b844e4fec0b6546045ed48d495805bfc"},"headline":"The Armistice Centennial","datePublished":"2018-09-28T12:41:31+00:00","dateModified":"2019-03-22T14:44:09+00:00","mainEntityOfPage":{"@id":"https:\/\/www.lfsl.net\/en\/the-armistice-centennial\/"},"wordCount":207,"publisher":{"@id":"https:\/\/www.lfsl.net\/en\/#organization"},"image":{"@id":"https:\/\/www.lfsl.net\/en\/the-armistice-centennial\/#primaryimage"},"thumbnailUrl":"https:\/\/www.lfsl.net\/wp-content\/uploads\/2019\/01\/Villiers-Bretonneux.jpg","inLanguage":"en-US"},{"@type":"WebPage","@id":"https:\/\/www.lfsl.net\/en\/the-armistice-centennial\/","url":"https:\/\/www.lfsl.net\/en\/the-armistice-centennial\/","name":"The Armistice Centennial &#8211; Lyc\u00e9e Fran\u00e7ais Saint Louis de Stockholm","isPartOf":{"@id":"https:\/\/www.lfsl.net\/en\/#website"},"primaryImageOfPage":{"@id":"https:\/\/www.lfsl.net\/en\/the-armistice-centennial\/#primaryimage"},"image":{"@id":"https:\/\/www.lfsl.net\/en\/the-armistice-centennial\/#primaryimage"},"thumbnailUrl":"https:\/\/www.lfsl.net\/wp-content\/uploads\/2019\/01\/Villiers-Bretonneux.jpg","datePublished":"2018-09-28T12:41:31+00:00","dateModified":"2019-03-22T14:44:09+00:00","breadcrumb":{"@id":"https:\/\/www.lfsl.net\/en\/the-armistice-centennial\/#breadcrumb"},"inLanguage":"en-US","potentialAction":[{"@type":"ReadAction","target":["https:\/\/www.lfsl.net\/en\/the-armistice-centennial\/"]}]},{"@type":"ImageObject","inLanguage":"en-US","@id":"https:\/\/www.lfsl.net\/en\/the-armistice-centennial\/#primaryimage","url":"https:\/\/www.lfsl.net\/wp-content\/uploads\/2019\/01\/Villiers-Bretonneux.jpg","contentUrl":"https:\/\/www.lfsl.net\/wp-content\/uploads\/2019\/01\/Villiers-Bretonneux.jpg","width":1920,"height":1080},{"@type":"BreadcrumbList","@id":"https:\/\/www.lfsl.net\/en\/the-armistice-centennial\/#breadcrumb","itemListElement":[{"@type":"ListItem","position":1,"name":"Home","item":"https:\/\/www.lfsl.net\/en\/"},{"@type":"ListItem","position":2,"name":"The Armistice Centennial"}]},{"@type":"WebSite","@id":"https:\/\/www.lfsl.net\/en\/#website","url":"https:\/\/www.lfsl.net\/en\/","name":"Lyc\u00e9e Fran\u00e7ais Saint Louis de Stockholm","description":"\u00c9tablissement membre du r\u00e9seau AEFE","publisher":{"@id":"https:\/\/www.lfsl.net\/en\/#organization"},"potentialAction":[{"@type":"SearchAction","target":{"@type":"EntryPoint","urlTemplate":"https:\/\/www.lfsl.net\/en\/?s={search_term_string}"},"query-input":{"@type":"PropertyValueSpecification","valueRequired":true,"valueName":"search_term_string"}}],"inLanguage":"en-US"},{"@type":"Organization","@id":"https:\/\/www.lfsl.net\/en\/#organization","name":"Lyc\u00e9e Fran\u00e7ais Saint Louis","url":"https:\/\/www.lfsl.net\/en\/","logo":{"@type":"ImageObject","inLanguage":"en-US","@id":"https:\/\/www.lfsl.net\/en\/#\/schema\/logo\/image\/","url":"https:\/\/www.lfsl.net\/wp-content\/uploads\/2021\/03\/LFSL-logo.jpg","contentUrl":"https:\/\/www.lfsl.net\/wp-content\/uploads\/2021\/03\/LFSL-logo.jpg","width":330,"height":473,"caption":"Lyc\u00e9e Fran\u00e7ais Saint Louis"},"image":{"@id":"https:\/\/www.lfsl.net\/en\/#\/schema\/logo\/image\/"},"sameAs":["https:\/\/www.facebook.com\/Lyc\u00e9e-Francais-Saint-Louis-182116921840529\/","https:\/\/www.instagram.com\/lyceefrancaisstockholm\/","https:\/\/www.linkedin.com\/school\/lfsl\/","https:\/\/www.youtube.com\/channel\/UCchS4IO4jE_YY0ILwn5NgGQ"]},{"@type":"Person","@id":"https:\/\/www.lfsl.net\/en\/#\/schema\/person\/b844e4fec0b6546045ed48d495805bfc","name":"LFSL","image":{"@type":"ImageObject","inLanguage":"en-US","@id":"https:\/\/secure.gravatar.com\/avatar\/8675186c12a5532dad5f25706eb6019c936983ed4945888898482ec1904338ec?s=96&d=mm&r=g","url":"https:\/\/secure.gravatar.com\/avatar\/8675186c12a5532dad5f25706eb6019c936983ed4945888898482ec1904338ec?s=96&d=mm&r=g","contentUrl":"https:\/\/secure.gravatar.com\/avatar\/8675186c12a5532dad5f25706eb6019c936983ed4945888898482ec1904338ec?s=96&d=mm&r=g","caption":"LFSL"},"url":"https:\/\/www.lfsl.net\/en\/author\/lfsladmin\/"}]}},"_links":{"self":[{"href":"https:\/\/www.lfsl.net\/en\/wp-json\/wp\/v2\/posts\/1385","targetHints":{"allow":["GET"]}}],"collection":[{"href":"https:\/\/www.lfsl.net\/en\/wp-json\/wp\/v2\/posts"}],"about":[{"href":"https:\/\/www.lfsl.net\/en\/wp-json\/wp\/v2\/types\/post"}],"author":[{"embeddable":true,"href":"https:\/\/www.lfsl.net\/en\/wp-json\/wp\/v2\/users\/1"}],"replies":[{"embeddable":true,"href":"https:\/\/www.lfsl.net\/en\/wp-json\/wp\/v2\/comments?post=1385"}],"version-history":[{"count":3,"href":"https:\/\/www.lfsl.net\/en\/wp-json\/wp\/v2\/posts\/1385\/revisions"}],"predecessor-version":[{"id":2824,"href":"https:\/\/www.lfsl.net\/en\/wp-json\/wp\/v2\/posts\/1385\/revisions\/2824"}],"wp:featuredmedia":[{"embeddable":true,"href":"https:\/\/www.lfsl.net\/en\/wp-json\/wp\/v2\/media\/2813"}],"wp:attachment":[{"href":"https:\/\/www.lfsl.net\/en\/wp-json\/wp\/v2\/media?parent=1385"}],"wp:term":[{"taxonomy":"category","embeddable":true,"href":"https:\/\/www.lfsl.net\/en\/wp-json\/wp\/v2\/categories?post=1385"},{"taxonomy":"post_tag","embeddable":true,"href":"https:\/\/www.lfsl.net\/en\/wp-json\/wp\/v2\/tags?post=1385"}],"curies":[{"name":"wp","href":"https:\/\/api.w.org\/{rel}","templated":true}]}}