{"id":6025,"date":"2019-12-09T08:29:24","date_gmt":"2019-12-09T08:29:24","guid":{"rendered":"https:\/\/www.lfsl.net\/?p=6025"},"modified":"2019-12-13T08:16:45","modified_gmt":"2019-12-13T08:16:45","slug":"the-nobel-prize-esther-duflo-at-lfsl","status":"publish","type":"post","link":"https:\/\/www.lfsl.net\/en\/the-nobel-prize-esther-duflo-at-lfsl\/","title":{"rendered":"The Nobel Prize, Esther Duflo, at LFSL!"},"content":{"rendered":"\n<p>On Friday, December 6th, the Lyc\u00e9e Fran\u00e7ais Saint Louis and the French Embassy had the pleasure to receive a visit from Professor Esther Duflo, joint winner of the 2019 Swedish Bank of Economics Prize in memory of Alfred Nobel, for her work on the fight against poverty.<br><br>A great opportunity for the students at Lyc\u00e9e Fran\u00e7ais Saint Louis, Franska skolan and Europaskolan to exchange with her! The students at the LFSL elementary school even had the chance to interview her as part of the LFSL web radio project.<\/p>\n","protected":false},"excerpt":{"rendered":"<p>On Friday, December 6th, the Lyc\u00e9e Fran\u00e7ais Saint Louis and the French Embassy had the pleasure to receive a visit from Professor Esther Duflo, joint winner of the 2019 Swedish Bank of Economics Prize in memory of Alfred Nobel, for her work on the fight against poverty. A great opportunity for the students at Lyc\u00e9e &#8230; <\/p>\n<p class=\"read-more-container\"><a title=\"The Nobel Prize, Esther Duflo, at LFSL!\" class=\"read-more button\" href=\"https:\/\/www.lfsl.net\/en\/the-nobel-prize-esther-duflo-at-lfsl\/#more-6025\" aria-label=\"Read more about The Nobel Prize, Esther Duflo, at LFSL!\">Read more<\/a><\/p>\n","protected":false},"author":1,"featured_media":6027,"comment_status":"closed","ping_status":"closed","sticky":false,"template":"","format":"standard","meta":{"footnotes":""},"categories":[1],"tags":[],"class_list":["post-6025","post","type-post","status-publish","format-standard","has-post-thumbnail","hentry","category-uncategorized"],"yoast_head":"<!-- This site is optimized with the Yoast SEO plugin v27.4 - https:\/\/yoast.com\/product\/yoast-seo-wordpress\/ -->\n<title>The Nobel Prize, Esther Duflo, at LFSL! &#8211; Lyc\u00e9e Fran\u00e7ais Saint Louis de Stockholm<\/title>\n<meta name=\"robots\" content=\"index, follow, max-snippet:-1, max-image-preview:large, max-video-preview:-1\" \/>\n<link rel=\"canonical\" href=\"https:\/\/www.lfsl.net\/en\/the-nobel-prize-esther-duflo-at-lfsl\/\" \/>\n<meta property=\"og:locale\" content=\"en_US\" \/>\n<meta property=\"og:type\" content=\"article\" \/>\n<meta property=\"og:title\" content=\"The Nobel Prize, Esther Duflo, at LFSL! &#8211; Lyc\u00e9e Fran\u00e7ais Saint Louis de Stockholm\" \/>\n<meta property=\"og:description\" content=\"On Friday, December 6th, the Lyc\u00e9e Fran\u00e7ais Saint Louis and the French Embassy had the pleasure to receive a visit from Professor Esther Duflo, joint winner of the 2019 Swedish Bank of Economics Prize in memory of Alfred Nobel, for her work on the fight against poverty. A great opportunity for the students at Lyc\u00e9e ... Read more\" \/>\n<meta property=\"og:url\" content=\"https:\/\/www.lfsl.net\/en\/the-nobel-prize-esther-duflo-at-lfsl\/\" \/>\n<meta property=\"og:site_name\" content=\"Lyc\u00e9e Fran\u00e7ais Saint Louis de Stockholm\" \/>\n<meta property=\"article:publisher\" content=\"https:\/\/www.facebook.com\/Lyc%c3%a9e-Francais-Saint-Louis-182116921840529\/\" \/>\n<meta property=\"article:published_time\" content=\"2019-12-09T08:29:24+00:00\" \/>\n<meta property=\"article:modified_time\" content=\"2019-12-13T08:16:45+00:00\" \/>\n<meta property=\"og:image\" content=\"https:\/\/www.lfsl.net\/wp-content\/uploads\/2019\/12\/Duflo_5_crop.jpg\" \/>\n\t<meta property=\"og:image:width\" content=\"1877\" \/>\n\t<meta property=\"og:image:height\" content=\"1056\" \/>\n\t<meta property=\"og:image:type\" content=\"image\/jpeg\" \/>\n<meta name=\"author\" content=\"LFSL\" \/>\n<meta name=\"twitter:card\" content=\"summary_large_image\" \/>\n<script type=\"application\/ld+json\" class=\"yoast-schema-graph\">{\"@context\":\"https:\\\/\\\/schema.org\",\"@graph\":[{\"@type\":\"Article\",\"@id\":\"https:\\\/\\\/www.lfsl.net\\\/en\\\/the-nobel-prize-esther-duflo-at-lfsl\\\/#article\",\"isPartOf\":{\"@id\":\"https:\\\/\\\/www.lfsl.net\\\/en\\\/the-nobel-prize-esther-duflo-at-lfsl\\\/\"},\"author\":{\"name\":\"LFSL\",\"@id\":\"https:\\\/\\\/www.lfsl.net\\\/en\\\/#\\\/schema\\\/person\\\/b844e4fec0b6546045ed48d495805bfc\"},\"headline\":\"The Nobel Prize, Esther Duflo, at LFSL!\",\"datePublished\":\"2019-12-09T08:29:24+00:00\",\"dateModified\":\"2019-12-13T08:16:45+00:00\",\"mainEntityOfPage\":{\"@id\":\"https:\\\/\\\/www.lfsl.net\\\/en\\\/the-nobel-prize-esther-duflo-at-lfsl\\\/\"},\"wordCount\":98,\"publisher\":{\"@id\":\"https:\\\/\\\/www.lfsl.net\\\/en\\\/#organization\"},\"image\":{\"@id\":\"https:\\\/\\\/www.lfsl.net\\\/en\\\/the-nobel-prize-esther-duflo-at-lfsl\\\/#primaryimage\"},\"thumbnailUrl\":\"https:\\\/\\\/www.lfsl.net\\\/wp-content\\\/uploads\\\/2019\\\/12\\\/Duflo_5_crop.jpg\",\"inLanguage\":\"en-US\"},{\"@type\":\"WebPage\",\"@id\":\"https:\\\/\\\/www.lfsl.net\\\/en\\\/the-nobel-prize-esther-duflo-at-lfsl\\\/\",\"url\":\"https:\\\/\\\/www.lfsl.net\\\/en\\\/the-nobel-prize-esther-duflo-at-lfsl\\\/\",\"name\":\"The Nobel Prize, Esther Duflo, at LFSL! &#8211; Lyc\u00e9e Fran\u00e7ais Saint Louis de Stockholm\",\"isPartOf\":{\"@id\":\"https:\\\/\\\/www.lfsl.net\\\/en\\\/#website\"},\"primaryImageOfPage\":{\"@id\":\"https:\\\/\\\/www.lfsl.net\\\/en\\\/the-nobel-prize-esther-duflo-at-lfsl\\\/#primaryimage\"},\"image\":{\"@id\":\"https:\\\/\\\/www.lfsl.net\\\/en\\\/the-nobel-prize-esther-duflo-at-lfsl\\\/#primaryimage\"},\"thumbnailUrl\":\"https:\\\/\\\/www.lfsl.net\\\/wp-content\\\/uploads\\\/2019\\\/12\\\/Duflo_5_crop.jpg\",\"datePublished\":\"2019-12-09T08:29:24+00:00\",\"dateModified\":\"2019-12-13T08:16:45+00:00\",\"breadcrumb\":{\"@id\":\"https:\\\/\\\/www.lfsl.net\\\/en\\\/the-nobel-prize-esther-duflo-at-lfsl\\\/#breadcrumb\"},\"inLanguage\":\"en-US\",\"potentialAction\":[{\"@type\":\"ReadAction\",\"target\":[\"https:\\\/\\\/www.lfsl.net\\\/en\\\/the-nobel-prize-esther-duflo-at-lfsl\\\/\"]}]},{\"@type\":\"ImageObject\",\"inLanguage\":\"en-US\",\"@id\":\"https:\\\/\\\/www.lfsl.net\\\/en\\\/the-nobel-prize-esther-duflo-at-lfsl\\\/#primaryimage\",\"url\":\"https:\\\/\\\/www.lfsl.net\\\/wp-content\\\/uploads\\\/2019\\\/12\\\/Duflo_5_crop.jpg\",\"contentUrl\":\"https:\\\/\\\/www.lfsl.net\\\/wp-content\\\/uploads\\\/2019\\\/12\\\/Duflo_5_crop.jpg\",\"width\":1877,\"height\":1056},{\"@type\":\"BreadcrumbList\",\"@id\":\"https:\\\/\\\/www.lfsl.net\\\/en\\\/the-nobel-prize-esther-duflo-at-lfsl\\\/#breadcrumb\",\"itemListElement\":[{\"@type\":\"ListItem\",\"position\":1,\"name\":\"Home\",\"item\":\"https:\\\/\\\/www.lfsl.net\\\/en\\\/\"},{\"@type\":\"ListItem\",\"position\":2,\"name\":\"The Nobel Prize, Esther Duflo, at LFSL!\"}]},{\"@type\":\"WebSite\",\"@id\":\"https:\\\/\\\/www.lfsl.net\\\/en\\\/#website\",\"url\":\"https:\\\/\\\/www.lfsl.net\\\/en\\\/\",\"name\":\"Lyc\u00e9e Fran\u00e7ais Saint Louis de Stockholm\",\"description\":\"\u00c9tablissement membre du r\u00e9seau AEFE\",\"publisher\":{\"@id\":\"https:\\\/\\\/www.lfsl.net\\\/en\\\/#organization\"},\"potentialAction\":[{\"@type\":\"SearchAction\",\"target\":{\"@type\":\"EntryPoint\",\"urlTemplate\":\"https:\\\/\\\/www.lfsl.net\\\/en\\\/?s={search_term_string}\"},\"query-input\":{\"@type\":\"PropertyValueSpecification\",\"valueRequired\":true,\"valueName\":\"search_term_string\"}}],\"inLanguage\":\"en-US\"},{\"@type\":\"Organization\",\"@id\":\"https:\\\/\\\/www.lfsl.net\\\/en\\\/#organization\",\"name\":\"Lyc\u00e9e Fran\u00e7ais Saint Louis\",\"url\":\"https:\\\/\\\/www.lfsl.net\\\/en\\\/\",\"logo\":{\"@type\":\"ImageObject\",\"inLanguage\":\"en-US\",\"@id\":\"https:\\\/\\\/www.lfsl.net\\\/en\\\/#\\\/schema\\\/logo\\\/image\\\/\",\"url\":\"https:\\\/\\\/www.lfsl.net\\\/wp-content\\\/uploads\\\/2021\\\/03\\\/LFSL-logo.jpg\",\"contentUrl\":\"https:\\\/\\\/www.lfsl.net\\\/wp-content\\\/uploads\\\/2021\\\/03\\\/LFSL-logo.jpg\",\"width\":330,\"height\":473,\"caption\":\"Lyc\u00e9e Fran\u00e7ais Saint Louis\"},\"image\":{\"@id\":\"https:\\\/\\\/www.lfsl.net\\\/en\\\/#\\\/schema\\\/logo\\\/image\\\/\"},\"sameAs\":[\"https:\\\/\\\/www.facebook.com\\\/Lyc\u00e9e-Francais-Saint-Louis-182116921840529\\\/\",\"https:\\\/\\\/www.instagram.com\\\/lyceefrancaisstockholm\\\/\",\"https:\\\/\\\/www.linkedin.com\\\/school\\\/lfsl\\\/\",\"https:\\\/\\\/www.youtube.com\\\/channel\\\/UCchS4IO4jE_YY0ILwn5NgGQ\"]},{\"@type\":\"Person\",\"@id\":\"https:\\\/\\\/www.lfsl.net\\\/en\\\/#\\\/schema\\\/person\\\/b844e4fec0b6546045ed48d495805bfc\",\"name\":\"LFSL\",\"image\":{\"@type\":\"ImageObject\",\"inLanguage\":\"en-US\",\"@id\":\"https:\\\/\\\/secure.gravatar.com\\\/avatar\\\/8675186c12a5532dad5f25706eb6019c936983ed4945888898482ec1904338ec?s=96&d=mm&r=g\",\"url\":\"https:\\\/\\\/secure.gravatar.com\\\/avatar\\\/8675186c12a5532dad5f25706eb6019c936983ed4945888898482ec1904338ec?s=96&d=mm&r=g\",\"contentUrl\":\"https:\\\/\\\/secure.gravatar.com\\\/avatar\\\/8675186c12a5532dad5f25706eb6019c936983ed4945888898482ec1904338ec?s=96&d=mm&r=g\",\"caption\":\"LFSL\"},\"url\":\"https:\\\/\\\/www.lfsl.net\\\/en\\\/author\\\/lfsladmin\\\/\"}]}<\/script>\n<!-- \/ Yoast SEO plugin. -->","yoast_head_json":{"title":"The Nobel Prize, Esther Duflo, at LFSL! &#8211; Lyc\u00e9e Fran\u00e7ais Saint Louis de Stockholm","robots":{"index":"index","follow":"follow","max-snippet":"max-snippet:-1","max-image-preview":"max-image-preview:large","max-video-preview":"max-video-preview:-1"},"canonical":"https:\/\/www.lfsl.net\/en\/the-nobel-prize-esther-duflo-at-lfsl\/","og_locale":"en_US","og_type":"article","og_title":"The Nobel Prize, Esther Duflo, at LFSL! &#8211; Lyc\u00e9e Fran\u00e7ais Saint Louis de Stockholm","og_description":"On Friday, December 6th, the Lyc\u00e9e Fran\u00e7ais Saint Louis and the French Embassy had the pleasure to receive a visit from Professor Esther Duflo, joint winner of the 2019 Swedish Bank of Economics Prize in memory of Alfred Nobel, for her work on the fight against poverty. A great opportunity for the students at Lyc\u00e9e ... Read more","og_url":"https:\/\/www.lfsl.net\/en\/the-nobel-prize-esther-duflo-at-lfsl\/","og_site_name":"Lyc\u00e9e Fran\u00e7ais Saint Louis de Stockholm","article_publisher":"https:\/\/www.facebook.com\/Lyc%c3%a9e-Francais-Saint-Louis-182116921840529\/","article_published_time":"2019-12-09T08:29:24+00:00","article_modified_time":"2019-12-13T08:16:45+00:00","og_image":[{"width":1877,"height":1056,"url":"https:\/\/www.lfsl.net\/wp-content\/uploads\/2019\/12\/Duflo_5_crop.jpg","type":"image\/jpeg"}],"author":"LFSL","twitter_card":"summary_large_image","schema":{"@context":"https:\/\/schema.org","@graph":[{"@type":"Article","@id":"https:\/\/www.lfsl.net\/en\/the-nobel-prize-esther-duflo-at-lfsl\/#article","isPartOf":{"@id":"https:\/\/www.lfsl.net\/en\/the-nobel-prize-esther-duflo-at-lfsl\/"},"author":{"name":"LFSL","@id":"https:\/\/www.lfsl.net\/en\/#\/schema\/person\/b844e4fec0b6546045ed48d495805bfc"},"headline":"The Nobel Prize, Esther Duflo, at LFSL!","datePublished":"2019-12-09T08:29:24+00:00","dateModified":"2019-12-13T08:16:45+00:00","mainEntityOfPage":{"@id":"https:\/\/www.lfsl.net\/en\/the-nobel-prize-esther-duflo-at-lfsl\/"},"wordCount":98,"publisher":{"@id":"https:\/\/www.lfsl.net\/en\/#organization"},"image":{"@id":"https:\/\/www.lfsl.net\/en\/the-nobel-prize-esther-duflo-at-lfsl\/#primaryimage"},"thumbnailUrl":"https:\/\/www.lfsl.net\/wp-content\/uploads\/2019\/12\/Duflo_5_crop.jpg","inLanguage":"en-US"},{"@type":"WebPage","@id":"https:\/\/www.lfsl.net\/en\/the-nobel-prize-esther-duflo-at-lfsl\/","url":"https:\/\/www.lfsl.net\/en\/the-nobel-prize-esther-duflo-at-lfsl\/","name":"The Nobel Prize, Esther Duflo, at LFSL! &#8211; Lyc\u00e9e Fran\u00e7ais Saint Louis de Stockholm","isPartOf":{"@id":"https:\/\/www.lfsl.net\/en\/#website"},"primaryImageOfPage":{"@id":"https:\/\/www.lfsl.net\/en\/the-nobel-prize-esther-duflo-at-lfsl\/#primaryimage"},"image":{"@id":"https:\/\/www.lfsl.net\/en\/the-nobel-prize-esther-duflo-at-lfsl\/#primaryimage"},"thumbnailUrl":"https:\/\/www.lfsl.net\/wp-content\/uploads\/2019\/12\/Duflo_5_crop.jpg","datePublished":"2019-12-09T08:29:24+00:00","dateModified":"2019-12-13T08:16:45+00:00","breadcrumb":{"@id":"https:\/\/www.lfsl.net\/en\/the-nobel-prize-esther-duflo-at-lfsl\/#breadcrumb"},"inLanguage":"en-US","potentialAction":[{"@type":"ReadAction","target":["https:\/\/www.lfsl.net\/en\/the-nobel-prize-esther-duflo-at-lfsl\/"]}]},{"@type":"ImageObject","inLanguage":"en-US","@id":"https:\/\/www.lfsl.net\/en\/the-nobel-prize-esther-duflo-at-lfsl\/#primaryimage","url":"https:\/\/www.lfsl.net\/wp-content\/uploads\/2019\/12\/Duflo_5_crop.jpg","contentUrl":"https:\/\/www.lfsl.net\/wp-content\/uploads\/2019\/12\/Duflo_5_crop.jpg","width":1877,"height":1056},{"@type":"BreadcrumbList","@id":"https:\/\/www.lfsl.net\/en\/the-nobel-prize-esther-duflo-at-lfsl\/#breadcrumb","itemListElement":[{"@type":"ListItem","position":1,"name":"Home","item":"https:\/\/www.lfsl.net\/en\/"},{"@type":"ListItem","position":2,"name":"The Nobel Prize, Esther Duflo, at LFSL!"}]},{"@type":"WebSite","@id":"https:\/\/www.lfsl.net\/en\/#website","url":"https:\/\/www.lfsl.net\/en\/","name":"Lyc\u00e9e Fran\u00e7ais Saint Louis de Stockholm","description":"\u00c9tablissement membre du r\u00e9seau AEFE","publisher":{"@id":"https:\/\/www.lfsl.net\/en\/#organization"},"potentialAction":[{"@type":"SearchAction","target":{"@type":"EntryPoint","urlTemplate":"https:\/\/www.lfsl.net\/en\/?s={search_term_string}"},"query-input":{"@type":"PropertyValueSpecification","valueRequired":true,"valueName":"search_term_string"}}],"inLanguage":"en-US"},{"@type":"Organization","@id":"https:\/\/www.lfsl.net\/en\/#organization","name":"Lyc\u00e9e Fran\u00e7ais Saint Louis","url":"https:\/\/www.lfsl.net\/en\/","logo":{"@type":"ImageObject","inLanguage":"en-US","@id":"https:\/\/www.lfsl.net\/en\/#\/schema\/logo\/image\/","url":"https:\/\/www.lfsl.net\/wp-content\/uploads\/2021\/03\/LFSL-logo.jpg","contentUrl":"https:\/\/www.lfsl.net\/wp-content\/uploads\/2021\/03\/LFSL-logo.jpg","width":330,"height":473,"caption":"Lyc\u00e9e Fran\u00e7ais Saint Louis"},"image":{"@id":"https:\/\/www.lfsl.net\/en\/#\/schema\/logo\/image\/"},"sameAs":["https:\/\/www.facebook.com\/Lyc\u00e9e-Francais-Saint-Louis-182116921840529\/","https:\/\/www.instagram.com\/lyceefrancaisstockholm\/","https:\/\/www.linkedin.com\/school\/lfsl\/","https:\/\/www.youtube.com\/channel\/UCchS4IO4jE_YY0ILwn5NgGQ"]},{"@type":"Person","@id":"https:\/\/www.lfsl.net\/en\/#\/schema\/person\/b844e4fec0b6546045ed48d495805bfc","name":"LFSL","image":{"@type":"ImageObject","inLanguage":"en-US","@id":"https:\/\/secure.gravatar.com\/avatar\/8675186c12a5532dad5f25706eb6019c936983ed4945888898482ec1904338ec?s=96&d=mm&r=g","url":"https:\/\/secure.gravatar.com\/avatar\/8675186c12a5532dad5f25706eb6019c936983ed4945888898482ec1904338ec?s=96&d=mm&r=g","contentUrl":"https:\/\/secure.gravatar.com\/avatar\/8675186c12a5532dad5f25706eb6019c936983ed4945888898482ec1904338ec?s=96&d=mm&r=g","caption":"LFSL"},"url":"https:\/\/www.lfsl.net\/en\/author\/lfsladmin\/"}]}},"_links":{"self":[{"href":"https:\/\/www.lfsl.net\/en\/wp-json\/wp\/v2\/posts\/6025","targetHints":{"allow":["GET"]}}],"collection":[{"href":"https:\/\/www.lfsl.net\/en\/wp-json\/wp\/v2\/posts"}],"about":[{"href":"https:\/\/www.lfsl.net\/en\/wp-json\/wp\/v2\/types\/post"}],"author":[{"embeddable":true,"href":"https:\/\/www.lfsl.net\/en\/wp-json\/wp\/v2\/users\/1"}],"replies":[{"embeddable":true,"href":"https:\/\/www.lfsl.net\/en\/wp-json\/wp\/v2\/comments?post=6025"}],"version-history":[{"count":2,"href":"https:\/\/www.lfsl.net\/en\/wp-json\/wp\/v2\/posts\/6025\/revisions"}],"predecessor-version":[{"id":6033,"href":"https:\/\/www.lfsl.net\/en\/wp-json\/wp\/v2\/posts\/6025\/revisions\/6033"}],"wp:featuredmedia":[{"embeddable":true,"href":"https:\/\/www.lfsl.net\/en\/wp-json\/wp\/v2\/media\/6027"}],"wp:attachment":[{"href":"https:\/\/www.lfsl.net\/en\/wp-json\/wp\/v2\/media?parent=6025"}],"wp:term":[{"taxonomy":"category","embeddable":true,"href":"https:\/\/www.lfsl.net\/en\/wp-json\/wp\/v2\/categories?post=6025"},{"taxonomy":"post_tag","embeddable":true,"href":"https:\/\/www.lfsl.net\/en\/wp-json\/wp\/v2\/tags?post=6025"}],"curies":[{"name":"wp","href":"https:\/\/api.w.org\/{rel}","templated":true}]}}