{"id":6055,"date":"2019-12-12T13:56:09","date_gmt":"2019-12-12T13:56:09","guid":{"rendered":"https:\/\/www.lfsl.net\/?p=6055"},"modified":"2019-12-13T08:26:18","modified_gmt":"2019-12-13T08:26:18","slug":"lucia-concert-with-the-5emes","status":"publish","type":"post","link":"https:\/\/www.lfsl.net\/en\/lucia-concert-with-the-5emes\/","title":{"rendered":"Lucia Concerts with the 5\u00e8mes"},"content":{"rendered":"\n<p>This year, students in the 5\u00e8me gave Lucia performances two evenings in a row, first for LFSL employees and then for the parents.<br>Fantastic concerts with many beautiful Lucia songs in five different languages, all sung by heart and fine soloist performances!<\/p>\n\n\n\n<figure class=\"wp-block-image\"><img loading=\"lazy\" decoding=\"async\" width=\"1200\" height=\"675\" src=\"https:\/\/www.lfsl.net\/wp-content\/uploads\/2019\/12\/Lucia_claire_crop-1200x675.jpg\" alt=\"\" class=\"wp-image-6123\" srcset=\"https:\/\/www.lfsl.net\/wp-content\/uploads\/2019\/12\/Lucia_claire_crop-1200x675.jpg 1200w, https:\/\/www.lfsl.net\/wp-content\/uploads\/2019\/12\/Lucia_claire_crop-600x338.jpg 600w, https:\/\/www.lfsl.net\/wp-content\/uploads\/2019\/12\/Lucia_claire_crop-768x432.jpg 768w, https:\/\/www.lfsl.net\/wp-content\/uploads\/2019\/12\/Lucia_claire_crop.jpg 1920w\" sizes=\"auto, (max-width: 1200px) 100vw, 1200px\" \/><figcaption>Before the performance for the employ\u00e9es<\/figcaption><\/figure>\n\n\n\n<p>All day, December 12, was dedicated for performances for all classes at the LFSL. <br>Congratulations and a big thank you to all the students in 5\u00e8me, the soloists and to their music teacher!<\/p>\n\n\n\n<p>For those of you who couldn&#8217;t attend the concert, or want to relive the magic, watch the video below!<\/p>\n\n\n\n<figure class=\"wp-block-embed-youtube wp-block-embed is-type-video is-provider-youtube wp-embed-aspect-16-9 wp-has-aspect-ratio\"><div class=\"wp-block-embed__wrapper\">\n<iframe loading=\"lazy\" title=\"Lucia 2019 LFSL\" width=\"1200\" height=\"675\" src=\"https:\/\/www.youtube.com\/embed\/sM3fiyzjalU?feature=oembed\" frameborder=\"0\" allow=\"accelerometer; autoplay; encrypted-media; gyroscope; picture-in-picture\" allowfullscreen><\/iframe>\n<\/div><\/figure>\n","protected":false},"excerpt":{"rendered":"<p>This year, students in the 5\u00e8me gave Lucia performances two evenings in a row, first for LFSL employees and then for the parents.Fantastic concerts with many beautiful Lucia songs in five different languages, all sung by heart and fine soloist performances! All day, December 12, was dedicated for performances for all classes at the LFSL. &#8230; <\/p>\n<p class=\"read-more-container\"><a title=\"Lucia Concerts with the 5\u00e8mes\" class=\"read-more button\" href=\"https:\/\/www.lfsl.net\/en\/lucia-concert-with-the-5emes\/#more-6055\" aria-label=\"Read more about Lucia Concerts with the 5\u00e8mes\">Read more<\/a><\/p>\n","protected":false},"author":1,"featured_media":6042,"comment_status":"closed","ping_status":"closed","sticky":false,"template":"","format":"standard","meta":{"footnotes":""},"categories":[1],"tags":[],"class_list":["post-6055","post","type-post","status-publish","format-standard","has-post-thumbnail","hentry","category-uncategorized"],"yoast_head":"<!-- This site is optimized with the Yoast SEO plugin v27.4 - https:\/\/yoast.com\/product\/yoast-seo-wordpress\/ -->\n<title>Lucia Concerts with the 5\u00e8mes &#8211; Lyc\u00e9e Fran\u00e7ais Saint Louis de Stockholm<\/title>\n<meta name=\"robots\" content=\"index, follow, max-snippet:-1, max-image-preview:large, max-video-preview:-1\" \/>\n<link rel=\"canonical\" href=\"https:\/\/www.lfsl.net\/en\/lucia-concert-with-the-5emes\/\" \/>\n<meta property=\"og:locale\" content=\"en_US\" \/>\n<meta property=\"og:type\" content=\"article\" \/>\n<meta property=\"og:title\" content=\"Lucia Concerts with the 5\u00e8mes &#8211; Lyc\u00e9e Fran\u00e7ais Saint Louis de Stockholm\" \/>\n<meta property=\"og:description\" content=\"This year, students in the 5\u00e8me gave Lucia performances two evenings in a row, first for LFSL employees and then for the parents.Fantastic concerts with many beautiful Lucia songs in five different languages, all sung by heart and fine soloist performances! All day, December 12, was dedicated for performances for all classes at the LFSL. ... Read more\" \/>\n<meta property=\"og:url\" content=\"https:\/\/www.lfsl.net\/en\/lucia-concert-with-the-5emes\/\" \/>\n<meta property=\"og:site_name\" content=\"Lyc\u00e9e Fran\u00e7ais Saint Louis de Stockholm\" \/>\n<meta property=\"article:publisher\" content=\"https:\/\/www.facebook.com\/Lyc%c3%a9e-Francais-Saint-Louis-182116921840529\/\" \/>\n<meta property=\"article:published_time\" content=\"2019-12-12T13:56:09+00:00\" \/>\n<meta property=\"article:modified_time\" content=\"2019-12-13T08:26:18+00:00\" \/>\n<meta property=\"og:image\" content=\"https:\/\/www.lfsl.net\/wp-content\/uploads\/2019\/12\/Lucia_4_crop.jpg\" \/>\n\t<meta property=\"og:image:width\" content=\"1310\" \/>\n\t<meta property=\"og:image:height\" content=\"737\" \/>\n\t<meta property=\"og:image:type\" content=\"image\/jpeg\" \/>\n<meta name=\"author\" content=\"LFSL\" \/>\n<meta name=\"twitter:card\" content=\"summary_large_image\" \/>\n<script type=\"application\/ld+json\" class=\"yoast-schema-graph\">{\"@context\":\"https:\\\/\\\/schema.org\",\"@graph\":[{\"@type\":\"Article\",\"@id\":\"https:\\\/\\\/www.lfsl.net\\\/en\\\/lucia-concert-with-the-5emes\\\/#article\",\"isPartOf\":{\"@id\":\"https:\\\/\\\/www.lfsl.net\\\/en\\\/lucia-concert-with-the-5emes\\\/\"},\"author\":{\"name\":\"LFSL\",\"@id\":\"https:\\\/\\\/www.lfsl.net\\\/en\\\/#\\\/schema\\\/person\\\/b844e4fec0b6546045ed48d495805bfc\"},\"headline\":\"Lucia Concerts with the 5\u00e8mes\",\"datePublished\":\"2019-12-12T13:56:09+00:00\",\"dateModified\":\"2019-12-13T08:26:18+00:00\",\"mainEntityOfPage\":{\"@id\":\"https:\\\/\\\/www.lfsl.net\\\/en\\\/lucia-concert-with-the-5emes\\\/\"},\"wordCount\":111,\"publisher\":{\"@id\":\"https:\\\/\\\/www.lfsl.net\\\/en\\\/#organization\"},\"image\":{\"@id\":\"https:\\\/\\\/www.lfsl.net\\\/en\\\/lucia-concert-with-the-5emes\\\/#primaryimage\"},\"thumbnailUrl\":\"https:\\\/\\\/www.lfsl.net\\\/wp-content\\\/uploads\\\/2019\\\/12\\\/Lucia_4_crop.jpg\",\"inLanguage\":\"en-US\"},{\"@type\":\"WebPage\",\"@id\":\"https:\\\/\\\/www.lfsl.net\\\/en\\\/lucia-concert-with-the-5emes\\\/\",\"url\":\"https:\\\/\\\/www.lfsl.net\\\/en\\\/lucia-concert-with-the-5emes\\\/\",\"name\":\"Lucia Concerts with the 5\u00e8mes &#8211; Lyc\u00e9e Fran\u00e7ais Saint Louis de Stockholm\",\"isPartOf\":{\"@id\":\"https:\\\/\\\/www.lfsl.net\\\/en\\\/#website\"},\"primaryImageOfPage\":{\"@id\":\"https:\\\/\\\/www.lfsl.net\\\/en\\\/lucia-concert-with-the-5emes\\\/#primaryimage\"},\"image\":{\"@id\":\"https:\\\/\\\/www.lfsl.net\\\/en\\\/lucia-concert-with-the-5emes\\\/#primaryimage\"},\"thumbnailUrl\":\"https:\\\/\\\/www.lfsl.net\\\/wp-content\\\/uploads\\\/2019\\\/12\\\/Lucia_4_crop.jpg\",\"datePublished\":\"2019-12-12T13:56:09+00:00\",\"dateModified\":\"2019-12-13T08:26:18+00:00\",\"breadcrumb\":{\"@id\":\"https:\\\/\\\/www.lfsl.net\\\/en\\\/lucia-concert-with-the-5emes\\\/#breadcrumb\"},\"inLanguage\":\"en-US\",\"potentialAction\":[{\"@type\":\"ReadAction\",\"target\":[\"https:\\\/\\\/www.lfsl.net\\\/en\\\/lucia-concert-with-the-5emes\\\/\"]}]},{\"@type\":\"ImageObject\",\"inLanguage\":\"en-US\",\"@id\":\"https:\\\/\\\/www.lfsl.net\\\/en\\\/lucia-concert-with-the-5emes\\\/#primaryimage\",\"url\":\"https:\\\/\\\/www.lfsl.net\\\/wp-content\\\/uploads\\\/2019\\\/12\\\/Lucia_4_crop.jpg\",\"contentUrl\":\"https:\\\/\\\/www.lfsl.net\\\/wp-content\\\/uploads\\\/2019\\\/12\\\/Lucia_4_crop.jpg\",\"width\":1310,\"height\":737},{\"@type\":\"BreadcrumbList\",\"@id\":\"https:\\\/\\\/www.lfsl.net\\\/en\\\/lucia-concert-with-the-5emes\\\/#breadcrumb\",\"itemListElement\":[{\"@type\":\"ListItem\",\"position\":1,\"name\":\"Home\",\"item\":\"https:\\\/\\\/www.lfsl.net\\\/en\\\/\"},{\"@type\":\"ListItem\",\"position\":2,\"name\":\"Lucia Concerts with the 5\u00e8mes\"}]},{\"@type\":\"WebSite\",\"@id\":\"https:\\\/\\\/www.lfsl.net\\\/en\\\/#website\",\"url\":\"https:\\\/\\\/www.lfsl.net\\\/en\\\/\",\"name\":\"Lyc\u00e9e Fran\u00e7ais Saint Louis de Stockholm\",\"description\":\"\u00c9tablissement membre du r\u00e9seau AEFE\",\"publisher\":{\"@id\":\"https:\\\/\\\/www.lfsl.net\\\/en\\\/#organization\"},\"potentialAction\":[{\"@type\":\"SearchAction\",\"target\":{\"@type\":\"EntryPoint\",\"urlTemplate\":\"https:\\\/\\\/www.lfsl.net\\\/en\\\/?s={search_term_string}\"},\"query-input\":{\"@type\":\"PropertyValueSpecification\",\"valueRequired\":true,\"valueName\":\"search_term_string\"}}],\"inLanguage\":\"en-US\"},{\"@type\":\"Organization\",\"@id\":\"https:\\\/\\\/www.lfsl.net\\\/en\\\/#organization\",\"name\":\"Lyc\u00e9e Fran\u00e7ais Saint Louis\",\"url\":\"https:\\\/\\\/www.lfsl.net\\\/en\\\/\",\"logo\":{\"@type\":\"ImageObject\",\"inLanguage\":\"en-US\",\"@id\":\"https:\\\/\\\/www.lfsl.net\\\/en\\\/#\\\/schema\\\/logo\\\/image\\\/\",\"url\":\"https:\\\/\\\/www.lfsl.net\\\/wp-content\\\/uploads\\\/2021\\\/03\\\/LFSL-logo.jpg\",\"contentUrl\":\"https:\\\/\\\/www.lfsl.net\\\/wp-content\\\/uploads\\\/2021\\\/03\\\/LFSL-logo.jpg\",\"width\":330,\"height\":473,\"caption\":\"Lyc\u00e9e Fran\u00e7ais Saint Louis\"},\"image\":{\"@id\":\"https:\\\/\\\/www.lfsl.net\\\/en\\\/#\\\/schema\\\/logo\\\/image\\\/\"},\"sameAs\":[\"https:\\\/\\\/www.facebook.com\\\/Lyc\u00e9e-Francais-Saint-Louis-182116921840529\\\/\",\"https:\\\/\\\/www.instagram.com\\\/lyceefrancaisstockholm\\\/\",\"https:\\\/\\\/www.linkedin.com\\\/school\\\/lfsl\\\/\",\"https:\\\/\\\/www.youtube.com\\\/channel\\\/UCchS4IO4jE_YY0ILwn5NgGQ\"]},{\"@type\":\"Person\",\"@id\":\"https:\\\/\\\/www.lfsl.net\\\/en\\\/#\\\/schema\\\/person\\\/b844e4fec0b6546045ed48d495805bfc\",\"name\":\"LFSL\",\"image\":{\"@type\":\"ImageObject\",\"inLanguage\":\"en-US\",\"@id\":\"https:\\\/\\\/secure.gravatar.com\\\/avatar\\\/8675186c12a5532dad5f25706eb6019c936983ed4945888898482ec1904338ec?s=96&d=mm&r=g\",\"url\":\"https:\\\/\\\/secure.gravatar.com\\\/avatar\\\/8675186c12a5532dad5f25706eb6019c936983ed4945888898482ec1904338ec?s=96&d=mm&r=g\",\"contentUrl\":\"https:\\\/\\\/secure.gravatar.com\\\/avatar\\\/8675186c12a5532dad5f25706eb6019c936983ed4945888898482ec1904338ec?s=96&d=mm&r=g\",\"caption\":\"LFSL\"},\"url\":\"https:\\\/\\\/www.lfsl.net\\\/en\\\/author\\\/lfsladmin\\\/\"}]}<\/script>\n<!-- \/ Yoast SEO plugin. -->","yoast_head_json":{"title":"Lucia Concerts with the 5\u00e8mes &#8211; Lyc\u00e9e Fran\u00e7ais Saint Louis de Stockholm","robots":{"index":"index","follow":"follow","max-snippet":"max-snippet:-1","max-image-preview":"max-image-preview:large","max-video-preview":"max-video-preview:-1"},"canonical":"https:\/\/www.lfsl.net\/en\/lucia-concert-with-the-5emes\/","og_locale":"en_US","og_type":"article","og_title":"Lucia Concerts with the 5\u00e8mes &#8211; Lyc\u00e9e Fran\u00e7ais Saint Louis de Stockholm","og_description":"This year, students in the 5\u00e8me gave Lucia performances two evenings in a row, first for LFSL employees and then for the parents.Fantastic concerts with many beautiful Lucia songs in five different languages, all sung by heart and fine soloist performances! All day, December 12, was dedicated for performances for all classes at the LFSL. ... Read more","og_url":"https:\/\/www.lfsl.net\/en\/lucia-concert-with-the-5emes\/","og_site_name":"Lyc\u00e9e Fran\u00e7ais Saint Louis de Stockholm","article_publisher":"https:\/\/www.facebook.com\/Lyc%c3%a9e-Francais-Saint-Louis-182116921840529\/","article_published_time":"2019-12-12T13:56:09+00:00","article_modified_time":"2019-12-13T08:26:18+00:00","og_image":[{"width":1310,"height":737,"url":"https:\/\/www.lfsl.net\/wp-content\/uploads\/2019\/12\/Lucia_4_crop.jpg","type":"image\/jpeg"}],"author":"LFSL","twitter_card":"summary_large_image","schema":{"@context":"https:\/\/schema.org","@graph":[{"@type":"Article","@id":"https:\/\/www.lfsl.net\/en\/lucia-concert-with-the-5emes\/#article","isPartOf":{"@id":"https:\/\/www.lfsl.net\/en\/lucia-concert-with-the-5emes\/"},"author":{"name":"LFSL","@id":"https:\/\/www.lfsl.net\/en\/#\/schema\/person\/b844e4fec0b6546045ed48d495805bfc"},"headline":"Lucia Concerts with the 5\u00e8mes","datePublished":"2019-12-12T13:56:09+00:00","dateModified":"2019-12-13T08:26:18+00:00","mainEntityOfPage":{"@id":"https:\/\/www.lfsl.net\/en\/lucia-concert-with-the-5emes\/"},"wordCount":111,"publisher":{"@id":"https:\/\/www.lfsl.net\/en\/#organization"},"image":{"@id":"https:\/\/www.lfsl.net\/en\/lucia-concert-with-the-5emes\/#primaryimage"},"thumbnailUrl":"https:\/\/www.lfsl.net\/wp-content\/uploads\/2019\/12\/Lucia_4_crop.jpg","inLanguage":"en-US"},{"@type":"WebPage","@id":"https:\/\/www.lfsl.net\/en\/lucia-concert-with-the-5emes\/","url":"https:\/\/www.lfsl.net\/en\/lucia-concert-with-the-5emes\/","name":"Lucia Concerts with the 5\u00e8mes &#8211; Lyc\u00e9e Fran\u00e7ais Saint Louis de Stockholm","isPartOf":{"@id":"https:\/\/www.lfsl.net\/en\/#website"},"primaryImageOfPage":{"@id":"https:\/\/www.lfsl.net\/en\/lucia-concert-with-the-5emes\/#primaryimage"},"image":{"@id":"https:\/\/www.lfsl.net\/en\/lucia-concert-with-the-5emes\/#primaryimage"},"thumbnailUrl":"https:\/\/www.lfsl.net\/wp-content\/uploads\/2019\/12\/Lucia_4_crop.jpg","datePublished":"2019-12-12T13:56:09+00:00","dateModified":"2019-12-13T08:26:18+00:00","breadcrumb":{"@id":"https:\/\/www.lfsl.net\/en\/lucia-concert-with-the-5emes\/#breadcrumb"},"inLanguage":"en-US","potentialAction":[{"@type":"ReadAction","target":["https:\/\/www.lfsl.net\/en\/lucia-concert-with-the-5emes\/"]}]},{"@type":"ImageObject","inLanguage":"en-US","@id":"https:\/\/www.lfsl.net\/en\/lucia-concert-with-the-5emes\/#primaryimage","url":"https:\/\/www.lfsl.net\/wp-content\/uploads\/2019\/12\/Lucia_4_crop.jpg","contentUrl":"https:\/\/www.lfsl.net\/wp-content\/uploads\/2019\/12\/Lucia_4_crop.jpg","width":1310,"height":737},{"@type":"BreadcrumbList","@id":"https:\/\/www.lfsl.net\/en\/lucia-concert-with-the-5emes\/#breadcrumb","itemListElement":[{"@type":"ListItem","position":1,"name":"Home","item":"https:\/\/www.lfsl.net\/en\/"},{"@type":"ListItem","position":2,"name":"Lucia Concerts with the 5\u00e8mes"}]},{"@type":"WebSite","@id":"https:\/\/www.lfsl.net\/en\/#website","url":"https:\/\/www.lfsl.net\/en\/","name":"Lyc\u00e9e Fran\u00e7ais Saint Louis de Stockholm","description":"\u00c9tablissement membre du r\u00e9seau AEFE","publisher":{"@id":"https:\/\/www.lfsl.net\/en\/#organization"},"potentialAction":[{"@type":"SearchAction","target":{"@type":"EntryPoint","urlTemplate":"https:\/\/www.lfsl.net\/en\/?s={search_term_string}"},"query-input":{"@type":"PropertyValueSpecification","valueRequired":true,"valueName":"search_term_string"}}],"inLanguage":"en-US"},{"@type":"Organization","@id":"https:\/\/www.lfsl.net\/en\/#organization","name":"Lyc\u00e9e Fran\u00e7ais Saint Louis","url":"https:\/\/www.lfsl.net\/en\/","logo":{"@type":"ImageObject","inLanguage":"en-US","@id":"https:\/\/www.lfsl.net\/en\/#\/schema\/logo\/image\/","url":"https:\/\/www.lfsl.net\/wp-content\/uploads\/2021\/03\/LFSL-logo.jpg","contentUrl":"https:\/\/www.lfsl.net\/wp-content\/uploads\/2021\/03\/LFSL-logo.jpg","width":330,"height":473,"caption":"Lyc\u00e9e Fran\u00e7ais Saint Louis"},"image":{"@id":"https:\/\/www.lfsl.net\/en\/#\/schema\/logo\/image\/"},"sameAs":["https:\/\/www.facebook.com\/Lyc\u00e9e-Francais-Saint-Louis-182116921840529\/","https:\/\/www.instagram.com\/lyceefrancaisstockholm\/","https:\/\/www.linkedin.com\/school\/lfsl\/","https:\/\/www.youtube.com\/channel\/UCchS4IO4jE_YY0ILwn5NgGQ"]},{"@type":"Person","@id":"https:\/\/www.lfsl.net\/en\/#\/schema\/person\/b844e4fec0b6546045ed48d495805bfc","name":"LFSL","image":{"@type":"ImageObject","inLanguage":"en-US","@id":"https:\/\/secure.gravatar.com\/avatar\/8675186c12a5532dad5f25706eb6019c936983ed4945888898482ec1904338ec?s=96&d=mm&r=g","url":"https:\/\/secure.gravatar.com\/avatar\/8675186c12a5532dad5f25706eb6019c936983ed4945888898482ec1904338ec?s=96&d=mm&r=g","contentUrl":"https:\/\/secure.gravatar.com\/avatar\/8675186c12a5532dad5f25706eb6019c936983ed4945888898482ec1904338ec?s=96&d=mm&r=g","caption":"LFSL"},"url":"https:\/\/www.lfsl.net\/en\/author\/lfsladmin\/"}]}},"_links":{"self":[{"href":"https:\/\/www.lfsl.net\/en\/wp-json\/wp\/v2\/posts\/6055","targetHints":{"allow":["GET"]}}],"collection":[{"href":"https:\/\/www.lfsl.net\/en\/wp-json\/wp\/v2\/posts"}],"about":[{"href":"https:\/\/www.lfsl.net\/en\/wp-json\/wp\/v2\/types\/post"}],"author":[{"embeddable":true,"href":"https:\/\/www.lfsl.net\/en\/wp-json\/wp\/v2\/users\/1"}],"replies":[{"embeddable":true,"href":"https:\/\/www.lfsl.net\/en\/wp-json\/wp\/v2\/comments?post=6055"}],"version-history":[{"count":6,"href":"https:\/\/www.lfsl.net\/en\/wp-json\/wp\/v2\/posts\/6055\/revisions"}],"predecessor-version":[{"id":6126,"href":"https:\/\/www.lfsl.net\/en\/wp-json\/wp\/v2\/posts\/6055\/revisions\/6126"}],"wp:featuredmedia":[{"embeddable":true,"href":"https:\/\/www.lfsl.net\/en\/wp-json\/wp\/v2\/media\/6042"}],"wp:attachment":[{"href":"https:\/\/www.lfsl.net\/en\/wp-json\/wp\/v2\/media?parent=6055"}],"wp:term":[{"taxonomy":"category","embeddable":true,"href":"https:\/\/www.lfsl.net\/en\/wp-json\/wp\/v2\/categories?post=6055"},{"taxonomy":"post_tag","embeddable":true,"href":"https:\/\/www.lfsl.net\/en\/wp-json\/wp\/v2\/tags?post=6055"}],"curies":[{"name":"wp","href":"https:\/\/api.w.org\/{rel}","templated":true}]}}