{"id":6075,"date":"2019-12-11T14:31:08","date_gmt":"2019-12-11T14:31:08","guid":{"rendered":"https:\/\/www.lfsl.net\/?p=6075"},"modified":"2019-12-13T08:18:19","modified_gmt":"2019-12-13T08:18:19","slug":"webradio-club-interview-with-esther-duflo-nobel-prize-in-economy-2019","status":"publish","type":"post","link":"https:\/\/www.lfsl.net\/en\/webradio-club-interview-with-esther-duflo-nobel-prize-in-economy-2019\/","title":{"rendered":"Webradio Club: Interview with Esther Duflo, Nobel Prize in Economy 2019"},"content":{"rendered":"\n<p>Esther Duflo was the recipient of this year\u2019s Nobel Prize in Economy. She came to the Lyc\u00e9e Francais Saint Louis last Friday, December 6th, and our students had the privilege  to meet her as she was sharing her experience.<br><br>She\u2019s the second woman to ever receive that prize, along with two American colleagues, , Abhijit Banerjee and Michael Kremer. They have been working on reducing poverty on a worldwide scale. <br>Esther was kind enough to participate in an interview with three aspiring journalists from our CM2 classes. This was part of our webradio project.<br><br> Click on the link below to listen to this interview on our web radio!<\/p>\n\n\n\n<figure class=\"wp-block-embed-soundcloud wp-block-embed is-type-rich is-provider-soundcloud wp-embed-aspect-4-3 wp-has-aspect-ratio\"><div class=\"wp-block-embed__wrapper\">\n<iframe loading=\"lazy\" title=\"CLUB WEBRADIO- Interview Prix Nobel Economie 2019 Esther DUFLO by WebRadio du Lyc\u00e9e Fran\u00e7ais de Stockholm\" width=\"1200\" height=\"400\" scrolling=\"no\" frameborder=\"no\" src=\"https:\/\/w.soundcloud.com\/player\/?visual=true&#038;url=https%3A%2F%2Fapi.soundcloud.com%2Ftracks%2F725308831&#038;show_artwork=true&#038;maxwidth=1200&#038;maxheight=1000&#038;dnt=1\"><\/iframe>\n<\/div><\/figure>\n","protected":false},"excerpt":{"rendered":"<p>Esther Duflo was the recipient of this year\u2019s Nobel Prize in Economy. She came to the Lyc\u00e9e Francais Saint Louis last Friday, December 6th, and our students had the privilege to meet her as she was sharing her experience. She\u2019s the second woman to ever receive that prize, along with two American colleagues, , Abhijit &#8230; <\/p>\n<p class=\"read-more-container\"><a title=\"Webradio Club: Interview with Esther Duflo, Nobel Prize in Economy 2019\" class=\"read-more button\" href=\"https:\/\/www.lfsl.net\/en\/webradio-club-interview-with-esther-duflo-nobel-prize-in-economy-2019\/#more-6075\" aria-label=\"Read more about Webradio Club: Interview with Esther Duflo, Nobel Prize in Economy 2019\">Read more<\/a><\/p>\n","protected":false},"author":1,"featured_media":6073,"comment_status":"closed","ping_status":"closed","sticky":false,"template":"","format":"standard","meta":{"footnotes":""},"categories":[1],"tags":[],"class_list":["post-6075","post","type-post","status-publish","format-standard","has-post-thumbnail","hentry","category-uncategorized"],"yoast_head":"<!-- This site is optimized with the Yoast SEO plugin v27.4 - https:\/\/yoast.com\/product\/yoast-seo-wordpress\/ -->\n<title>Webradio Club: Interview with Esther Duflo, Nobel Prize in Economy 2019 &#8211; Lyc\u00e9e Fran\u00e7ais Saint Louis de Stockholm<\/title>\n<meta name=\"robots\" content=\"index, follow, max-snippet:-1, max-image-preview:large, max-video-preview:-1\" \/>\n<link rel=\"canonical\" href=\"https:\/\/www.lfsl.net\/en\/webradio-club-interview-with-esther-duflo-nobel-prize-in-economy-2019\/\" \/>\n<meta property=\"og:locale\" content=\"en_US\" \/>\n<meta property=\"og:type\" content=\"article\" \/>\n<meta property=\"og:title\" content=\"Webradio Club: Interview with Esther Duflo, Nobel Prize in Economy 2019 &#8211; Lyc\u00e9e Fran\u00e7ais Saint Louis de Stockholm\" \/>\n<meta property=\"og:description\" content=\"Esther Duflo was the recipient of this year\u2019s Nobel Prize in Economy. She came to the Lyc\u00e9e Francais Saint Louis last Friday, December 6th, and our students had the privilege to meet her as she was sharing her experience. She\u2019s the second woman to ever receive that prize, along with two American colleagues, , Abhijit ... Read more\" \/>\n<meta property=\"og:url\" content=\"https:\/\/www.lfsl.net\/en\/webradio-club-interview-with-esther-duflo-nobel-prize-in-economy-2019\/\" \/>\n<meta property=\"og:site_name\" content=\"Lyc\u00e9e Fran\u00e7ais Saint Louis de Stockholm\" \/>\n<meta property=\"article:publisher\" content=\"https:\/\/www.facebook.com\/Lyc%c3%a9e-Francais-Saint-Louis-182116921840529\/\" \/>\n<meta property=\"article:published_time\" content=\"2019-12-11T14:31:08+00:00\" \/>\n<meta property=\"article:modified_time\" content=\"2019-12-13T08:18:19+00:00\" \/>\n<meta property=\"og:image\" content=\"https:\/\/www.lfsl.net\/wp-content\/uploads\/2019\/12\/Webradio_Duflo_crop-1.jpg\" \/>\n\t<meta property=\"og:image:width\" content=\"1198\" \/>\n\t<meta property=\"og:image:height\" content=\"674\" \/>\n\t<meta property=\"og:image:type\" content=\"image\/jpeg\" \/>\n<meta name=\"author\" content=\"LFSL\" \/>\n<meta name=\"twitter:card\" content=\"summary_large_image\" \/>\n<script type=\"application\/ld+json\" class=\"yoast-schema-graph\">{\"@context\":\"https:\\\/\\\/schema.org\",\"@graph\":[{\"@type\":\"Article\",\"@id\":\"https:\\\/\\\/www.lfsl.net\\\/en\\\/webradio-club-interview-with-esther-duflo-nobel-prize-in-economy-2019\\\/#article\",\"isPartOf\":{\"@id\":\"https:\\\/\\\/www.lfsl.net\\\/en\\\/webradio-club-interview-with-esther-duflo-nobel-prize-in-economy-2019\\\/\"},\"author\":{\"name\":\"LFSL\",\"@id\":\"https:\\\/\\\/www.lfsl.net\\\/en\\\/#\\\/schema\\\/person\\\/b844e4fec0b6546045ed48d495805bfc\"},\"headline\":\"Webradio Club: Interview with Esther Duflo, Nobel Prize in Economy 2019\",\"datePublished\":\"2019-12-11T14:31:08+00:00\",\"dateModified\":\"2019-12-13T08:18:19+00:00\",\"mainEntityOfPage\":{\"@id\":\"https:\\\/\\\/www.lfsl.net\\\/en\\\/webradio-club-interview-with-esther-duflo-nobel-prize-in-economy-2019\\\/\"},\"wordCount\":126,\"publisher\":{\"@id\":\"https:\\\/\\\/www.lfsl.net\\\/en\\\/#organization\"},\"image\":{\"@id\":\"https:\\\/\\\/www.lfsl.net\\\/en\\\/webradio-club-interview-with-esther-duflo-nobel-prize-in-economy-2019\\\/#primaryimage\"},\"thumbnailUrl\":\"https:\\\/\\\/www.lfsl.net\\\/wp-content\\\/uploads\\\/2019\\\/12\\\/Webradio_Duflo_crop-1.jpg\",\"inLanguage\":\"en-US\"},{\"@type\":\"WebPage\",\"@id\":\"https:\\\/\\\/www.lfsl.net\\\/en\\\/webradio-club-interview-with-esther-duflo-nobel-prize-in-economy-2019\\\/\",\"url\":\"https:\\\/\\\/www.lfsl.net\\\/en\\\/webradio-club-interview-with-esther-duflo-nobel-prize-in-economy-2019\\\/\",\"name\":\"Webradio Club: Interview with Esther Duflo, Nobel Prize in Economy 2019 &#8211; Lyc\u00e9e Fran\u00e7ais Saint Louis de Stockholm\",\"isPartOf\":{\"@id\":\"https:\\\/\\\/www.lfsl.net\\\/en\\\/#website\"},\"primaryImageOfPage\":{\"@id\":\"https:\\\/\\\/www.lfsl.net\\\/en\\\/webradio-club-interview-with-esther-duflo-nobel-prize-in-economy-2019\\\/#primaryimage\"},\"image\":{\"@id\":\"https:\\\/\\\/www.lfsl.net\\\/en\\\/webradio-club-interview-with-esther-duflo-nobel-prize-in-economy-2019\\\/#primaryimage\"},\"thumbnailUrl\":\"https:\\\/\\\/www.lfsl.net\\\/wp-content\\\/uploads\\\/2019\\\/12\\\/Webradio_Duflo_crop-1.jpg\",\"datePublished\":\"2019-12-11T14:31:08+00:00\",\"dateModified\":\"2019-12-13T08:18:19+00:00\",\"breadcrumb\":{\"@id\":\"https:\\\/\\\/www.lfsl.net\\\/en\\\/webradio-club-interview-with-esther-duflo-nobel-prize-in-economy-2019\\\/#breadcrumb\"},\"inLanguage\":\"en-US\",\"potentialAction\":[{\"@type\":\"ReadAction\",\"target\":[\"https:\\\/\\\/www.lfsl.net\\\/en\\\/webradio-club-interview-with-esther-duflo-nobel-prize-in-economy-2019\\\/\"]}]},{\"@type\":\"ImageObject\",\"inLanguage\":\"en-US\",\"@id\":\"https:\\\/\\\/www.lfsl.net\\\/en\\\/webradio-club-interview-with-esther-duflo-nobel-prize-in-economy-2019\\\/#primaryimage\",\"url\":\"https:\\\/\\\/www.lfsl.net\\\/wp-content\\\/uploads\\\/2019\\\/12\\\/Webradio_Duflo_crop-1.jpg\",\"contentUrl\":\"https:\\\/\\\/www.lfsl.net\\\/wp-content\\\/uploads\\\/2019\\\/12\\\/Webradio_Duflo_crop-1.jpg\",\"width\":1198,\"height\":674},{\"@type\":\"BreadcrumbList\",\"@id\":\"https:\\\/\\\/www.lfsl.net\\\/en\\\/webradio-club-interview-with-esther-duflo-nobel-prize-in-economy-2019\\\/#breadcrumb\",\"itemListElement\":[{\"@type\":\"ListItem\",\"position\":1,\"name\":\"Home\",\"item\":\"https:\\\/\\\/www.lfsl.net\\\/en\\\/\"},{\"@type\":\"ListItem\",\"position\":2,\"name\":\"Webradio Club: Interview with Esther Duflo, Nobel Prize in Economy 2019\"}]},{\"@type\":\"WebSite\",\"@id\":\"https:\\\/\\\/www.lfsl.net\\\/en\\\/#website\",\"url\":\"https:\\\/\\\/www.lfsl.net\\\/en\\\/\",\"name\":\"Lyc\u00e9e Fran\u00e7ais Saint Louis de Stockholm\",\"description\":\"\u00c9tablissement membre du r\u00e9seau AEFE\",\"publisher\":{\"@id\":\"https:\\\/\\\/www.lfsl.net\\\/en\\\/#organization\"},\"potentialAction\":[{\"@type\":\"SearchAction\",\"target\":{\"@type\":\"EntryPoint\",\"urlTemplate\":\"https:\\\/\\\/www.lfsl.net\\\/en\\\/?s={search_term_string}\"},\"query-input\":{\"@type\":\"PropertyValueSpecification\",\"valueRequired\":true,\"valueName\":\"search_term_string\"}}],\"inLanguage\":\"en-US\"},{\"@type\":\"Organization\",\"@id\":\"https:\\\/\\\/www.lfsl.net\\\/en\\\/#organization\",\"name\":\"Lyc\u00e9e Fran\u00e7ais Saint Louis\",\"url\":\"https:\\\/\\\/www.lfsl.net\\\/en\\\/\",\"logo\":{\"@type\":\"ImageObject\",\"inLanguage\":\"en-US\",\"@id\":\"https:\\\/\\\/www.lfsl.net\\\/en\\\/#\\\/schema\\\/logo\\\/image\\\/\",\"url\":\"https:\\\/\\\/www.lfsl.net\\\/wp-content\\\/uploads\\\/2021\\\/03\\\/LFSL-logo.jpg\",\"contentUrl\":\"https:\\\/\\\/www.lfsl.net\\\/wp-content\\\/uploads\\\/2021\\\/03\\\/LFSL-logo.jpg\",\"width\":330,\"height\":473,\"caption\":\"Lyc\u00e9e Fran\u00e7ais Saint Louis\"},\"image\":{\"@id\":\"https:\\\/\\\/www.lfsl.net\\\/en\\\/#\\\/schema\\\/logo\\\/image\\\/\"},\"sameAs\":[\"https:\\\/\\\/www.facebook.com\\\/Lyc\u00e9e-Francais-Saint-Louis-182116921840529\\\/\",\"https:\\\/\\\/www.instagram.com\\\/lyceefrancaisstockholm\\\/\",\"https:\\\/\\\/www.linkedin.com\\\/school\\\/lfsl\\\/\",\"https:\\\/\\\/www.youtube.com\\\/channel\\\/UCchS4IO4jE_YY0ILwn5NgGQ\"]},{\"@type\":\"Person\",\"@id\":\"https:\\\/\\\/www.lfsl.net\\\/en\\\/#\\\/schema\\\/person\\\/b844e4fec0b6546045ed48d495805bfc\",\"name\":\"LFSL\",\"image\":{\"@type\":\"ImageObject\",\"inLanguage\":\"en-US\",\"@id\":\"https:\\\/\\\/secure.gravatar.com\\\/avatar\\\/8675186c12a5532dad5f25706eb6019c936983ed4945888898482ec1904338ec?s=96&d=mm&r=g\",\"url\":\"https:\\\/\\\/secure.gravatar.com\\\/avatar\\\/8675186c12a5532dad5f25706eb6019c936983ed4945888898482ec1904338ec?s=96&d=mm&r=g\",\"contentUrl\":\"https:\\\/\\\/secure.gravatar.com\\\/avatar\\\/8675186c12a5532dad5f25706eb6019c936983ed4945888898482ec1904338ec?s=96&d=mm&r=g\",\"caption\":\"LFSL\"},\"url\":\"https:\\\/\\\/www.lfsl.net\\\/en\\\/author\\\/lfsladmin\\\/\"}]}<\/script>\n<!-- \/ Yoast SEO plugin. -->","yoast_head_json":{"title":"Webradio Club: Interview with Esther Duflo, Nobel Prize in Economy 2019 &#8211; Lyc\u00e9e Fran\u00e7ais Saint Louis de Stockholm","robots":{"index":"index","follow":"follow","max-snippet":"max-snippet:-1","max-image-preview":"max-image-preview:large","max-video-preview":"max-video-preview:-1"},"canonical":"https:\/\/www.lfsl.net\/en\/webradio-club-interview-with-esther-duflo-nobel-prize-in-economy-2019\/","og_locale":"en_US","og_type":"article","og_title":"Webradio Club: Interview with Esther Duflo, Nobel Prize in Economy 2019 &#8211; Lyc\u00e9e Fran\u00e7ais Saint Louis de Stockholm","og_description":"Esther Duflo was the recipient of this year\u2019s Nobel Prize in Economy. She came to the Lyc\u00e9e Francais Saint Louis last Friday, December 6th, and our students had the privilege to meet her as she was sharing her experience. She\u2019s the second woman to ever receive that prize, along with two American colleagues, , Abhijit ... Read more","og_url":"https:\/\/www.lfsl.net\/en\/webradio-club-interview-with-esther-duflo-nobel-prize-in-economy-2019\/","og_site_name":"Lyc\u00e9e Fran\u00e7ais Saint Louis de Stockholm","article_publisher":"https:\/\/www.facebook.com\/Lyc%c3%a9e-Francais-Saint-Louis-182116921840529\/","article_published_time":"2019-12-11T14:31:08+00:00","article_modified_time":"2019-12-13T08:18:19+00:00","og_image":[{"width":1198,"height":674,"url":"https:\/\/www.lfsl.net\/wp-content\/uploads\/2019\/12\/Webradio_Duflo_crop-1.jpg","type":"image\/jpeg"}],"author":"LFSL","twitter_card":"summary_large_image","schema":{"@context":"https:\/\/schema.org","@graph":[{"@type":"Article","@id":"https:\/\/www.lfsl.net\/en\/webradio-club-interview-with-esther-duflo-nobel-prize-in-economy-2019\/#article","isPartOf":{"@id":"https:\/\/www.lfsl.net\/en\/webradio-club-interview-with-esther-duflo-nobel-prize-in-economy-2019\/"},"author":{"name":"LFSL","@id":"https:\/\/www.lfsl.net\/en\/#\/schema\/person\/b844e4fec0b6546045ed48d495805bfc"},"headline":"Webradio Club: Interview with Esther Duflo, Nobel Prize in Economy 2019","datePublished":"2019-12-11T14:31:08+00:00","dateModified":"2019-12-13T08:18:19+00:00","mainEntityOfPage":{"@id":"https:\/\/www.lfsl.net\/en\/webradio-club-interview-with-esther-duflo-nobel-prize-in-economy-2019\/"},"wordCount":126,"publisher":{"@id":"https:\/\/www.lfsl.net\/en\/#organization"},"image":{"@id":"https:\/\/www.lfsl.net\/en\/webradio-club-interview-with-esther-duflo-nobel-prize-in-economy-2019\/#primaryimage"},"thumbnailUrl":"https:\/\/www.lfsl.net\/wp-content\/uploads\/2019\/12\/Webradio_Duflo_crop-1.jpg","inLanguage":"en-US"},{"@type":"WebPage","@id":"https:\/\/www.lfsl.net\/en\/webradio-club-interview-with-esther-duflo-nobel-prize-in-economy-2019\/","url":"https:\/\/www.lfsl.net\/en\/webradio-club-interview-with-esther-duflo-nobel-prize-in-economy-2019\/","name":"Webradio Club: Interview with Esther Duflo, Nobel Prize in Economy 2019 &#8211; Lyc\u00e9e Fran\u00e7ais Saint Louis de Stockholm","isPartOf":{"@id":"https:\/\/www.lfsl.net\/en\/#website"},"primaryImageOfPage":{"@id":"https:\/\/www.lfsl.net\/en\/webradio-club-interview-with-esther-duflo-nobel-prize-in-economy-2019\/#primaryimage"},"image":{"@id":"https:\/\/www.lfsl.net\/en\/webradio-club-interview-with-esther-duflo-nobel-prize-in-economy-2019\/#primaryimage"},"thumbnailUrl":"https:\/\/www.lfsl.net\/wp-content\/uploads\/2019\/12\/Webradio_Duflo_crop-1.jpg","datePublished":"2019-12-11T14:31:08+00:00","dateModified":"2019-12-13T08:18:19+00:00","breadcrumb":{"@id":"https:\/\/www.lfsl.net\/en\/webradio-club-interview-with-esther-duflo-nobel-prize-in-economy-2019\/#breadcrumb"},"inLanguage":"en-US","potentialAction":[{"@type":"ReadAction","target":["https:\/\/www.lfsl.net\/en\/webradio-club-interview-with-esther-duflo-nobel-prize-in-economy-2019\/"]}]},{"@type":"ImageObject","inLanguage":"en-US","@id":"https:\/\/www.lfsl.net\/en\/webradio-club-interview-with-esther-duflo-nobel-prize-in-economy-2019\/#primaryimage","url":"https:\/\/www.lfsl.net\/wp-content\/uploads\/2019\/12\/Webradio_Duflo_crop-1.jpg","contentUrl":"https:\/\/www.lfsl.net\/wp-content\/uploads\/2019\/12\/Webradio_Duflo_crop-1.jpg","width":1198,"height":674},{"@type":"BreadcrumbList","@id":"https:\/\/www.lfsl.net\/en\/webradio-club-interview-with-esther-duflo-nobel-prize-in-economy-2019\/#breadcrumb","itemListElement":[{"@type":"ListItem","position":1,"name":"Home","item":"https:\/\/www.lfsl.net\/en\/"},{"@type":"ListItem","position":2,"name":"Webradio Club: Interview with Esther Duflo, Nobel Prize in Economy 2019"}]},{"@type":"WebSite","@id":"https:\/\/www.lfsl.net\/en\/#website","url":"https:\/\/www.lfsl.net\/en\/","name":"Lyc\u00e9e Fran\u00e7ais Saint Louis de Stockholm","description":"\u00c9tablissement membre du r\u00e9seau AEFE","publisher":{"@id":"https:\/\/www.lfsl.net\/en\/#organization"},"potentialAction":[{"@type":"SearchAction","target":{"@type":"EntryPoint","urlTemplate":"https:\/\/www.lfsl.net\/en\/?s={search_term_string}"},"query-input":{"@type":"PropertyValueSpecification","valueRequired":true,"valueName":"search_term_string"}}],"inLanguage":"en-US"},{"@type":"Organization","@id":"https:\/\/www.lfsl.net\/en\/#organization","name":"Lyc\u00e9e Fran\u00e7ais Saint Louis","url":"https:\/\/www.lfsl.net\/en\/","logo":{"@type":"ImageObject","inLanguage":"en-US","@id":"https:\/\/www.lfsl.net\/en\/#\/schema\/logo\/image\/","url":"https:\/\/www.lfsl.net\/wp-content\/uploads\/2021\/03\/LFSL-logo.jpg","contentUrl":"https:\/\/www.lfsl.net\/wp-content\/uploads\/2021\/03\/LFSL-logo.jpg","width":330,"height":473,"caption":"Lyc\u00e9e Fran\u00e7ais Saint Louis"},"image":{"@id":"https:\/\/www.lfsl.net\/en\/#\/schema\/logo\/image\/"},"sameAs":["https:\/\/www.facebook.com\/Lyc\u00e9e-Francais-Saint-Louis-182116921840529\/","https:\/\/www.instagram.com\/lyceefrancaisstockholm\/","https:\/\/www.linkedin.com\/school\/lfsl\/","https:\/\/www.youtube.com\/channel\/UCchS4IO4jE_YY0ILwn5NgGQ"]},{"@type":"Person","@id":"https:\/\/www.lfsl.net\/en\/#\/schema\/person\/b844e4fec0b6546045ed48d495805bfc","name":"LFSL","image":{"@type":"ImageObject","inLanguage":"en-US","@id":"https:\/\/secure.gravatar.com\/avatar\/8675186c12a5532dad5f25706eb6019c936983ed4945888898482ec1904338ec?s=96&d=mm&r=g","url":"https:\/\/secure.gravatar.com\/avatar\/8675186c12a5532dad5f25706eb6019c936983ed4945888898482ec1904338ec?s=96&d=mm&r=g","contentUrl":"https:\/\/secure.gravatar.com\/avatar\/8675186c12a5532dad5f25706eb6019c936983ed4945888898482ec1904338ec?s=96&d=mm&r=g","caption":"LFSL"},"url":"https:\/\/www.lfsl.net\/en\/author\/lfsladmin\/"}]}},"_links":{"self":[{"href":"https:\/\/www.lfsl.net\/en\/wp-json\/wp\/v2\/posts\/6075","targetHints":{"allow":["GET"]}}],"collection":[{"href":"https:\/\/www.lfsl.net\/en\/wp-json\/wp\/v2\/posts"}],"about":[{"href":"https:\/\/www.lfsl.net\/en\/wp-json\/wp\/v2\/types\/post"}],"author":[{"embeddable":true,"href":"https:\/\/www.lfsl.net\/en\/wp-json\/wp\/v2\/users\/1"}],"replies":[{"embeddable":true,"href":"https:\/\/www.lfsl.net\/en\/wp-json\/wp\/v2\/comments?post=6075"}],"version-history":[{"count":2,"href":"https:\/\/www.lfsl.net\/en\/wp-json\/wp\/v2\/posts\/6075\/revisions"}],"predecessor-version":[{"id":6120,"href":"https:\/\/www.lfsl.net\/en\/wp-json\/wp\/v2\/posts\/6075\/revisions\/6120"}],"wp:featuredmedia":[{"embeddable":true,"href":"https:\/\/www.lfsl.net\/en\/wp-json\/wp\/v2\/media\/6073"}],"wp:attachment":[{"href":"https:\/\/www.lfsl.net\/en\/wp-json\/wp\/v2\/media?parent=6075"}],"wp:term":[{"taxonomy":"category","embeddable":true,"href":"https:\/\/www.lfsl.net\/en\/wp-json\/wp\/v2\/categories?post=6075"},{"taxonomy":"post_tag","embeddable":true,"href":"https:\/\/www.lfsl.net\/en\/wp-json\/wp\/v2\/tags?post=6075"}],"curies":[{"name":"wp","href":"https:\/\/api.w.org\/{rel}","templated":true}]}}