{"id":6499,"date":"2020-02-03T12:41:09","date_gmt":"2020-02-03T12:41:09","guid":{"rendered":"https:\/\/www.lfsl.net\/?p=6499"},"modified":"2020-02-04T14:31:30","modified_gmt":"2020-02-04T14:31:30","slug":"new-date-for-meeting-with-the-board","status":"publish","type":"post","link":"https:\/\/www.lfsl.net\/en\/new-date-for-meeting-with-the-board\/","title":{"rendered":"New date for meeting with the Board"},"content":{"rendered":"\n<p>The Board wishes to inform that the meeting with parents and staff scheduled for February 10 will be moved to April 1.<br><br>The main reason for the meeting was to inform those concerned about the negotiations that were going on to rent new premises at Lilla Essingen.<br><br>The negotiations, which were expected to be completed in January, have now been extended, which means that the board has decided to postpone the meeting.<br>The alternatives that apply to Lilla \/ Stora Essingen have not been finally determined.<\/p>\n\n\n\n<p>Other possibilities that have been discussed regarding additional premises in Helenelund and in Nacka are no longer relevant.<\/p>\n","protected":false},"excerpt":{"rendered":"<p>The Board wishes to inform that the meeting with parents and staff scheduled for February 10 will be moved to April 1. The main reason for the meeting was to inform those concerned about the negotiations that were going on to rent new premises at Lilla Essingen. The negotiations, which were expected to be completed &#8230; <\/p>\n<p class=\"read-more-container\"><a title=\"New date for meeting with the Board\" class=\"read-more button\" href=\"https:\/\/www.lfsl.net\/en\/new-date-for-meeting-with-the-board\/#more-6499\" aria-label=\"Read more about New date for meeting with the Board\">Read more<\/a><\/p>\n","protected":false},"author":1,"featured_media":6494,"comment_status":"closed","ping_status":"closed","sticky":false,"template":"","format":"standard","meta":{"footnotes":""},"categories":[1],"tags":[],"class_list":["post-6499","post","type-post","status-publish","format-standard","has-post-thumbnail","hentry","category-uncategorized"],"yoast_head":"<!-- This site is optimized with the Yoast SEO plugin v27.4 - https:\/\/yoast.com\/product\/yoast-seo-wordpress\/ -->\n<title>New date for meeting with the Board &#8211; Lyc\u00e9e Fran\u00e7ais Saint Louis de Stockholm<\/title>\n<meta name=\"robots\" content=\"index, follow, max-snippet:-1, max-image-preview:large, max-video-preview:-1\" \/>\n<link rel=\"canonical\" href=\"https:\/\/www.lfsl.net\/en\/new-date-for-meeting-with-the-board\/\" \/>\n<meta property=\"og:locale\" content=\"en_US\" \/>\n<meta property=\"og:type\" content=\"article\" \/>\n<meta property=\"og:title\" content=\"New date for meeting with the Board &#8211; Lyc\u00e9e Fran\u00e7ais Saint Louis de Stockholm\" \/>\n<meta property=\"og:description\" content=\"The Board wishes to inform that the meeting with parents and staff scheduled for February 10 will be moved to April 1. The main reason for the meeting was to inform those concerned about the negotiations that were going on to rent new premises at Lilla Essingen. The negotiations, which were expected to be completed ... Read more\" \/>\n<meta property=\"og:url\" content=\"https:\/\/www.lfsl.net\/en\/new-date-for-meeting-with-the-board\/\" \/>\n<meta property=\"og:site_name\" content=\"Lyc\u00e9e Fran\u00e7ais Saint Louis de Stockholm\" \/>\n<meta property=\"article:publisher\" content=\"https:\/\/www.facebook.com\/Lyc%c3%a9e-Francais-Saint-Louis-182116921840529\/\" \/>\n<meta property=\"article:published_time\" content=\"2020-02-03T12:41:09+00:00\" \/>\n<meta property=\"article:modified_time\" content=\"2020-02-04T14:31:30+00:00\" \/>\n<meta property=\"og:image\" content=\"https:\/\/www.lfsl.net\/wp-content\/uploads\/2020\/02\/R\u00e9union_bild_crop.jpg\" \/>\n\t<meta property=\"og:image:width\" content=\"1880\" \/>\n\t<meta property=\"og:image:height\" content=\"1058\" \/>\n\t<meta property=\"og:image:type\" content=\"image\/jpeg\" \/>\n<meta name=\"author\" content=\"LFSL\" \/>\n<meta name=\"twitter:card\" content=\"summary_large_image\" \/>\n<script type=\"application\/ld+json\" class=\"yoast-schema-graph\">{\"@context\":\"https:\\\/\\\/schema.org\",\"@graph\":[{\"@type\":\"Article\",\"@id\":\"https:\\\/\\\/www.lfsl.net\\\/en\\\/new-date-for-meeting-with-the-board\\\/#article\",\"isPartOf\":{\"@id\":\"https:\\\/\\\/www.lfsl.net\\\/en\\\/new-date-for-meeting-with-the-board\\\/\"},\"author\":{\"name\":\"LFSL\",\"@id\":\"https:\\\/\\\/www.lfsl.net\\\/en\\\/#\\\/schema\\\/person\\\/b844e4fec0b6546045ed48d495805bfc\"},\"headline\":\"New date for meeting with the Board\",\"datePublished\":\"2020-02-03T12:41:09+00:00\",\"dateModified\":\"2020-02-04T14:31:30+00:00\",\"mainEntityOfPage\":{\"@id\":\"https:\\\/\\\/www.lfsl.net\\\/en\\\/new-date-for-meeting-with-the-board\\\/\"},\"wordCount\":108,\"publisher\":{\"@id\":\"https:\\\/\\\/www.lfsl.net\\\/en\\\/#organization\"},\"image\":{\"@id\":\"https:\\\/\\\/www.lfsl.net\\\/en\\\/new-date-for-meeting-with-the-board\\\/#primaryimage\"},\"thumbnailUrl\":\"https:\\\/\\\/www.lfsl.net\\\/wp-content\\\/uploads\\\/2020\\\/02\\\/R\u00e9union_bild_crop.jpg\",\"inLanguage\":\"en-US\"},{\"@type\":\"WebPage\",\"@id\":\"https:\\\/\\\/www.lfsl.net\\\/en\\\/new-date-for-meeting-with-the-board\\\/\",\"url\":\"https:\\\/\\\/www.lfsl.net\\\/en\\\/new-date-for-meeting-with-the-board\\\/\",\"name\":\"New date for meeting with the Board &#8211; Lyc\u00e9e Fran\u00e7ais Saint Louis de Stockholm\",\"isPartOf\":{\"@id\":\"https:\\\/\\\/www.lfsl.net\\\/en\\\/#website\"},\"primaryImageOfPage\":{\"@id\":\"https:\\\/\\\/www.lfsl.net\\\/en\\\/new-date-for-meeting-with-the-board\\\/#primaryimage\"},\"image\":{\"@id\":\"https:\\\/\\\/www.lfsl.net\\\/en\\\/new-date-for-meeting-with-the-board\\\/#primaryimage\"},\"thumbnailUrl\":\"https:\\\/\\\/www.lfsl.net\\\/wp-content\\\/uploads\\\/2020\\\/02\\\/R\u00e9union_bild_crop.jpg\",\"datePublished\":\"2020-02-03T12:41:09+00:00\",\"dateModified\":\"2020-02-04T14:31:30+00:00\",\"breadcrumb\":{\"@id\":\"https:\\\/\\\/www.lfsl.net\\\/en\\\/new-date-for-meeting-with-the-board\\\/#breadcrumb\"},\"inLanguage\":\"en-US\",\"potentialAction\":[{\"@type\":\"ReadAction\",\"target\":[\"https:\\\/\\\/www.lfsl.net\\\/en\\\/new-date-for-meeting-with-the-board\\\/\"]}]},{\"@type\":\"ImageObject\",\"inLanguage\":\"en-US\",\"@id\":\"https:\\\/\\\/www.lfsl.net\\\/en\\\/new-date-for-meeting-with-the-board\\\/#primaryimage\",\"url\":\"https:\\\/\\\/www.lfsl.net\\\/wp-content\\\/uploads\\\/2020\\\/02\\\/R\u00e9union_bild_crop.jpg\",\"contentUrl\":\"https:\\\/\\\/www.lfsl.net\\\/wp-content\\\/uploads\\\/2020\\\/02\\\/R\u00e9union_bild_crop.jpg\",\"width\":1880,\"height\":1058},{\"@type\":\"BreadcrumbList\",\"@id\":\"https:\\\/\\\/www.lfsl.net\\\/en\\\/new-date-for-meeting-with-the-board\\\/#breadcrumb\",\"itemListElement\":[{\"@type\":\"ListItem\",\"position\":1,\"name\":\"Home\",\"item\":\"https:\\\/\\\/www.lfsl.net\\\/en\\\/\"},{\"@type\":\"ListItem\",\"position\":2,\"name\":\"New date for meeting with the Board\"}]},{\"@type\":\"WebSite\",\"@id\":\"https:\\\/\\\/www.lfsl.net\\\/en\\\/#website\",\"url\":\"https:\\\/\\\/www.lfsl.net\\\/en\\\/\",\"name\":\"Lyc\u00e9e Fran\u00e7ais Saint Louis de Stockholm\",\"description\":\"\u00c9tablissement membre du r\u00e9seau AEFE\",\"publisher\":{\"@id\":\"https:\\\/\\\/www.lfsl.net\\\/en\\\/#organization\"},\"potentialAction\":[{\"@type\":\"SearchAction\",\"target\":{\"@type\":\"EntryPoint\",\"urlTemplate\":\"https:\\\/\\\/www.lfsl.net\\\/en\\\/?s={search_term_string}\"},\"query-input\":{\"@type\":\"PropertyValueSpecification\",\"valueRequired\":true,\"valueName\":\"search_term_string\"}}],\"inLanguage\":\"en-US\"},{\"@type\":\"Organization\",\"@id\":\"https:\\\/\\\/www.lfsl.net\\\/en\\\/#organization\",\"name\":\"Lyc\u00e9e Fran\u00e7ais Saint Louis\",\"url\":\"https:\\\/\\\/www.lfsl.net\\\/en\\\/\",\"logo\":{\"@type\":\"ImageObject\",\"inLanguage\":\"en-US\",\"@id\":\"https:\\\/\\\/www.lfsl.net\\\/en\\\/#\\\/schema\\\/logo\\\/image\\\/\",\"url\":\"https:\\\/\\\/www.lfsl.net\\\/wp-content\\\/uploads\\\/2021\\\/03\\\/LFSL-logo.jpg\",\"contentUrl\":\"https:\\\/\\\/www.lfsl.net\\\/wp-content\\\/uploads\\\/2021\\\/03\\\/LFSL-logo.jpg\",\"width\":330,\"height\":473,\"caption\":\"Lyc\u00e9e Fran\u00e7ais Saint Louis\"},\"image\":{\"@id\":\"https:\\\/\\\/www.lfsl.net\\\/en\\\/#\\\/schema\\\/logo\\\/image\\\/\"},\"sameAs\":[\"https:\\\/\\\/www.facebook.com\\\/Lyc\u00e9e-Francais-Saint-Louis-182116921840529\\\/\",\"https:\\\/\\\/www.instagram.com\\\/lyceefrancaisstockholm\\\/\",\"https:\\\/\\\/www.linkedin.com\\\/school\\\/lfsl\\\/\",\"https:\\\/\\\/www.youtube.com\\\/channel\\\/UCchS4IO4jE_YY0ILwn5NgGQ\"]},{\"@type\":\"Person\",\"@id\":\"https:\\\/\\\/www.lfsl.net\\\/en\\\/#\\\/schema\\\/person\\\/b844e4fec0b6546045ed48d495805bfc\",\"name\":\"LFSL\",\"image\":{\"@type\":\"ImageObject\",\"inLanguage\":\"en-US\",\"@id\":\"https:\\\/\\\/secure.gravatar.com\\\/avatar\\\/8675186c12a5532dad5f25706eb6019c936983ed4945888898482ec1904338ec?s=96&d=mm&r=g\",\"url\":\"https:\\\/\\\/secure.gravatar.com\\\/avatar\\\/8675186c12a5532dad5f25706eb6019c936983ed4945888898482ec1904338ec?s=96&d=mm&r=g\",\"contentUrl\":\"https:\\\/\\\/secure.gravatar.com\\\/avatar\\\/8675186c12a5532dad5f25706eb6019c936983ed4945888898482ec1904338ec?s=96&d=mm&r=g\",\"caption\":\"LFSL\"},\"url\":\"https:\\\/\\\/www.lfsl.net\\\/en\\\/author\\\/lfsladmin\\\/\"}]}<\/script>\n<!-- \/ Yoast SEO plugin. -->","yoast_head_json":{"title":"New date for meeting with the Board &#8211; Lyc\u00e9e Fran\u00e7ais Saint Louis de Stockholm","robots":{"index":"index","follow":"follow","max-snippet":"max-snippet:-1","max-image-preview":"max-image-preview:large","max-video-preview":"max-video-preview:-1"},"canonical":"https:\/\/www.lfsl.net\/en\/new-date-for-meeting-with-the-board\/","og_locale":"en_US","og_type":"article","og_title":"New date for meeting with the Board &#8211; Lyc\u00e9e Fran\u00e7ais Saint Louis de Stockholm","og_description":"The Board wishes to inform that the meeting with parents and staff scheduled for February 10 will be moved to April 1. The main reason for the meeting was to inform those concerned about the negotiations that were going on to rent new premises at Lilla Essingen. The negotiations, which were expected to be completed ... Read more","og_url":"https:\/\/www.lfsl.net\/en\/new-date-for-meeting-with-the-board\/","og_site_name":"Lyc\u00e9e Fran\u00e7ais Saint Louis de Stockholm","article_publisher":"https:\/\/www.facebook.com\/Lyc%c3%a9e-Francais-Saint-Louis-182116921840529\/","article_published_time":"2020-02-03T12:41:09+00:00","article_modified_time":"2020-02-04T14:31:30+00:00","og_image":[{"width":1880,"height":1058,"url":"https:\/\/www.lfsl.net\/wp-content\/uploads\/2020\/02\/R\u00e9union_bild_crop.jpg","type":"image\/jpeg"}],"author":"LFSL","twitter_card":"summary_large_image","schema":{"@context":"https:\/\/schema.org","@graph":[{"@type":"Article","@id":"https:\/\/www.lfsl.net\/en\/new-date-for-meeting-with-the-board\/#article","isPartOf":{"@id":"https:\/\/www.lfsl.net\/en\/new-date-for-meeting-with-the-board\/"},"author":{"name":"LFSL","@id":"https:\/\/www.lfsl.net\/en\/#\/schema\/person\/b844e4fec0b6546045ed48d495805bfc"},"headline":"New date for meeting with the Board","datePublished":"2020-02-03T12:41:09+00:00","dateModified":"2020-02-04T14:31:30+00:00","mainEntityOfPage":{"@id":"https:\/\/www.lfsl.net\/en\/new-date-for-meeting-with-the-board\/"},"wordCount":108,"publisher":{"@id":"https:\/\/www.lfsl.net\/en\/#organization"},"image":{"@id":"https:\/\/www.lfsl.net\/en\/new-date-for-meeting-with-the-board\/#primaryimage"},"thumbnailUrl":"https:\/\/www.lfsl.net\/wp-content\/uploads\/2020\/02\/R\u00e9union_bild_crop.jpg","inLanguage":"en-US"},{"@type":"WebPage","@id":"https:\/\/www.lfsl.net\/en\/new-date-for-meeting-with-the-board\/","url":"https:\/\/www.lfsl.net\/en\/new-date-for-meeting-with-the-board\/","name":"New date for meeting with the Board &#8211; Lyc\u00e9e Fran\u00e7ais Saint Louis de Stockholm","isPartOf":{"@id":"https:\/\/www.lfsl.net\/en\/#website"},"primaryImageOfPage":{"@id":"https:\/\/www.lfsl.net\/en\/new-date-for-meeting-with-the-board\/#primaryimage"},"image":{"@id":"https:\/\/www.lfsl.net\/en\/new-date-for-meeting-with-the-board\/#primaryimage"},"thumbnailUrl":"https:\/\/www.lfsl.net\/wp-content\/uploads\/2020\/02\/R\u00e9union_bild_crop.jpg","datePublished":"2020-02-03T12:41:09+00:00","dateModified":"2020-02-04T14:31:30+00:00","breadcrumb":{"@id":"https:\/\/www.lfsl.net\/en\/new-date-for-meeting-with-the-board\/#breadcrumb"},"inLanguage":"en-US","potentialAction":[{"@type":"ReadAction","target":["https:\/\/www.lfsl.net\/en\/new-date-for-meeting-with-the-board\/"]}]},{"@type":"ImageObject","inLanguage":"en-US","@id":"https:\/\/www.lfsl.net\/en\/new-date-for-meeting-with-the-board\/#primaryimage","url":"https:\/\/www.lfsl.net\/wp-content\/uploads\/2020\/02\/R\u00e9union_bild_crop.jpg","contentUrl":"https:\/\/www.lfsl.net\/wp-content\/uploads\/2020\/02\/R\u00e9union_bild_crop.jpg","width":1880,"height":1058},{"@type":"BreadcrumbList","@id":"https:\/\/www.lfsl.net\/en\/new-date-for-meeting-with-the-board\/#breadcrumb","itemListElement":[{"@type":"ListItem","position":1,"name":"Home","item":"https:\/\/www.lfsl.net\/en\/"},{"@type":"ListItem","position":2,"name":"New date for meeting with the Board"}]},{"@type":"WebSite","@id":"https:\/\/www.lfsl.net\/en\/#website","url":"https:\/\/www.lfsl.net\/en\/","name":"Lyc\u00e9e Fran\u00e7ais Saint Louis de Stockholm","description":"\u00c9tablissement membre du r\u00e9seau AEFE","publisher":{"@id":"https:\/\/www.lfsl.net\/en\/#organization"},"potentialAction":[{"@type":"SearchAction","target":{"@type":"EntryPoint","urlTemplate":"https:\/\/www.lfsl.net\/en\/?s={search_term_string}"},"query-input":{"@type":"PropertyValueSpecification","valueRequired":true,"valueName":"search_term_string"}}],"inLanguage":"en-US"},{"@type":"Organization","@id":"https:\/\/www.lfsl.net\/en\/#organization","name":"Lyc\u00e9e Fran\u00e7ais Saint Louis","url":"https:\/\/www.lfsl.net\/en\/","logo":{"@type":"ImageObject","inLanguage":"en-US","@id":"https:\/\/www.lfsl.net\/en\/#\/schema\/logo\/image\/","url":"https:\/\/www.lfsl.net\/wp-content\/uploads\/2021\/03\/LFSL-logo.jpg","contentUrl":"https:\/\/www.lfsl.net\/wp-content\/uploads\/2021\/03\/LFSL-logo.jpg","width":330,"height":473,"caption":"Lyc\u00e9e Fran\u00e7ais Saint Louis"},"image":{"@id":"https:\/\/www.lfsl.net\/en\/#\/schema\/logo\/image\/"},"sameAs":["https:\/\/www.facebook.com\/Lyc\u00e9e-Francais-Saint-Louis-182116921840529\/","https:\/\/www.instagram.com\/lyceefrancaisstockholm\/","https:\/\/www.linkedin.com\/school\/lfsl\/","https:\/\/www.youtube.com\/channel\/UCchS4IO4jE_YY0ILwn5NgGQ"]},{"@type":"Person","@id":"https:\/\/www.lfsl.net\/en\/#\/schema\/person\/b844e4fec0b6546045ed48d495805bfc","name":"LFSL","image":{"@type":"ImageObject","inLanguage":"en-US","@id":"https:\/\/secure.gravatar.com\/avatar\/8675186c12a5532dad5f25706eb6019c936983ed4945888898482ec1904338ec?s=96&d=mm&r=g","url":"https:\/\/secure.gravatar.com\/avatar\/8675186c12a5532dad5f25706eb6019c936983ed4945888898482ec1904338ec?s=96&d=mm&r=g","contentUrl":"https:\/\/secure.gravatar.com\/avatar\/8675186c12a5532dad5f25706eb6019c936983ed4945888898482ec1904338ec?s=96&d=mm&r=g","caption":"LFSL"},"url":"https:\/\/www.lfsl.net\/en\/author\/lfsladmin\/"}]}},"_links":{"self":[{"href":"https:\/\/www.lfsl.net\/en\/wp-json\/wp\/v2\/posts\/6499","targetHints":{"allow":["GET"]}}],"collection":[{"href":"https:\/\/www.lfsl.net\/en\/wp-json\/wp\/v2\/posts"}],"about":[{"href":"https:\/\/www.lfsl.net\/en\/wp-json\/wp\/v2\/types\/post"}],"author":[{"embeddable":true,"href":"https:\/\/www.lfsl.net\/en\/wp-json\/wp\/v2\/users\/1"}],"replies":[{"embeddable":true,"href":"https:\/\/www.lfsl.net\/en\/wp-json\/wp\/v2\/comments?post=6499"}],"version-history":[{"count":1,"href":"https:\/\/www.lfsl.net\/en\/wp-json\/wp\/v2\/posts\/6499\/revisions"}],"predecessor-version":[{"id":6500,"href":"https:\/\/www.lfsl.net\/en\/wp-json\/wp\/v2\/posts\/6499\/revisions\/6500"}],"wp:featuredmedia":[{"embeddable":true,"href":"https:\/\/www.lfsl.net\/en\/wp-json\/wp\/v2\/media\/6494"}],"wp:attachment":[{"href":"https:\/\/www.lfsl.net\/en\/wp-json\/wp\/v2\/media?parent=6499"}],"wp:term":[{"taxonomy":"category","embeddable":true,"href":"https:\/\/www.lfsl.net\/en\/wp-json\/wp\/v2\/categories?post=6499"},{"taxonomy":"post_tag","embeddable":true,"href":"https:\/\/www.lfsl.net\/en\/wp-json\/wp\/v2\/tags?post=6499"}],"curies":[{"name":"wp","href":"https:\/\/api.w.org\/{rel}","templated":true}]}}