{"id":6510,"date":"2020-01-29T14:30:00","date_gmt":"2020-01-29T14:30:00","guid":{"rendered":"https:\/\/www.lfsl.net\/?p=6510"},"modified":"2020-02-07T09:42:13","modified_gmt":"2020-02-07T09:42:13","slug":"january-27-a-day-of-memory","status":"publish","type":"post","link":"https:\/\/www.lfsl.net\/en\/january-27-a-day-of-memory\/","title":{"rendered":"January 27: a day of memory"},"content":{"rendered":"\n<p>Monday, January 27, our students of Premi\u00e8re had the chance to participate in a day of commemoration of the Shoah, thanks to a meeting, by videoconference from the premises of the Sophie Germain high school in Paris, with five survivors: Rapha\u00ebl Esrail, Victor Perahia , Elie Buzyn, Esther Senot and Ginette Kolinka.<\/p>\n\n\n\n<p>This meeting, instructive and moving, allowed the students to prepare the memorial and educational trip they will make to Poland in April, to explore the concept of memory studied in class a few days earlier, and to learn more on this crime of all crimes of the Second World War, which  in the 1940s, led the jurist Raphael Lemkin to develop a new concept to try to characterize it, that of genocide.<\/p>\n\n\n\n<p>For two hours, the witnesses explained the conditions of survival of the deportees until the liberation on January 27, 1945 of the Auschwitz-Birkenau camps by the Red Army, the deportation and genocidal process, starting with the marginalization of the Jews, and passing by their legal rights (the laws of Nuremberg of the Third Reich), in Germany as in other countries of Europe (the statute of the Jews of the  Vichy government).<\/p>\n\n\n\n<p>One of our students was able to ask a question to the survivors, and wondered how perhaps men considered ordinary in other respects could turn, under the effect of the war &#8211; of this total and unheard of war &#8211; into tormentors. As part of the students&#8217; civic and human journey, this day ultimately enabled them to better understand an event of unparalleled historic scale.<\/p>\n","protected":false},"excerpt":{"rendered":"<p>Monday, January 27, our students of Premi\u00e8re had the chance to participate in a day of commemoration of the Shoah, thanks to a meeting, by videoconference from the premises of the Sophie Germain high school in Paris, with five survivors: Rapha\u00ebl Esrail, Victor Perahia , Elie Buzyn, Esther Senot and Ginette Kolinka. This meeting, instructive &#8230; <\/p>\n<p class=\"read-more-container\"><a title=\"January 27: a day of memory\" class=\"read-more button\" href=\"https:\/\/www.lfsl.net\/en\/january-27-a-day-of-memory\/#more-6510\" aria-label=\"Read more about January 27: a day of memory\">Read more<\/a><\/p>\n","protected":false},"author":1,"featured_media":6505,"comment_status":"closed","ping_status":"closed","sticky":false,"template":"","format":"standard","meta":{"footnotes":""},"categories":[1],"tags":[],"class_list":["post-6510","post","type-post","status-publish","format-standard","has-post-thumbnail","hentry","category-uncategorized"],"yoast_head":"<!-- This site is optimized with the Yoast SEO plugin v27.4 - https:\/\/yoast.com\/product\/yoast-seo-wordpress\/ -->\n<title>January 27: a day of memory &#8211; Lyc\u00e9e Fran\u00e7ais Saint Louis de Stockholm<\/title>\n<meta name=\"robots\" content=\"index, follow, max-snippet:-1, max-image-preview:large, max-video-preview:-1\" \/>\n<link rel=\"canonical\" href=\"https:\/\/www.lfsl.net\/en\/january-27-a-day-of-memory\/\" \/>\n<meta property=\"og:locale\" content=\"en_US\" \/>\n<meta property=\"og:type\" content=\"article\" \/>\n<meta property=\"og:title\" content=\"January 27: a day of memory &#8211; Lyc\u00e9e Fran\u00e7ais Saint Louis de Stockholm\" \/>\n<meta property=\"og:description\" content=\"Monday, January 27, our students of Premi\u00e8re had the chance to participate in a day of commemoration of the Shoah, thanks to a meeting, by videoconference from the premises of the Sophie Germain high school in Paris, with five survivors: Rapha\u00ebl Esrail, Victor Perahia , Elie Buzyn, Esther Senot and Ginette Kolinka. This meeting, instructive ... Read more\" \/>\n<meta property=\"og:url\" content=\"https:\/\/www.lfsl.net\/en\/january-27-a-day-of-memory\/\" \/>\n<meta property=\"og:site_name\" content=\"Lyc\u00e9e Fran\u00e7ais Saint Louis de Stockholm\" \/>\n<meta property=\"article:publisher\" content=\"https:\/\/www.facebook.com\/Lyc%c3%a9e-Francais-Saint-Louis-182116921840529\/\" \/>\n<meta property=\"article:published_time\" content=\"2020-01-29T14:30:00+00:00\" \/>\n<meta property=\"article:modified_time\" content=\"2020-02-07T09:42:13+00:00\" \/>\n<meta property=\"og:image\" content=\"https:\/\/www.lfsl.net\/wp-content\/uploads\/2020\/02\/Journ\u00e9e-de-m\u00e9moire_crop.jpg\" \/>\n\t<meta property=\"og:image:width\" content=\"1920\" \/>\n\t<meta property=\"og:image:height\" content=\"1080\" \/>\n\t<meta property=\"og:image:type\" content=\"image\/jpeg\" \/>\n<meta name=\"author\" content=\"LFSL\" \/>\n<meta name=\"twitter:card\" content=\"summary_large_image\" \/>\n<script type=\"application\/ld+json\" class=\"yoast-schema-graph\">{\"@context\":\"https:\\\/\\\/schema.org\",\"@graph\":[{\"@type\":\"Article\",\"@id\":\"https:\\\/\\\/www.lfsl.net\\\/en\\\/january-27-a-day-of-memory\\\/#article\",\"isPartOf\":{\"@id\":\"https:\\\/\\\/www.lfsl.net\\\/en\\\/january-27-a-day-of-memory\\\/\"},\"author\":{\"name\":\"LFSL\",\"@id\":\"https:\\\/\\\/www.lfsl.net\\\/en\\\/#\\\/schema\\\/person\\\/b844e4fec0b6546045ed48d495805bfc\"},\"headline\":\"January 27: a day of memory\",\"datePublished\":\"2020-01-29T14:30:00+00:00\",\"dateModified\":\"2020-02-07T09:42:13+00:00\",\"mainEntityOfPage\":{\"@id\":\"https:\\\/\\\/www.lfsl.net\\\/en\\\/january-27-a-day-of-memory\\\/\"},\"wordCount\":263,\"publisher\":{\"@id\":\"https:\\\/\\\/www.lfsl.net\\\/en\\\/#organization\"},\"image\":{\"@id\":\"https:\\\/\\\/www.lfsl.net\\\/en\\\/january-27-a-day-of-memory\\\/#primaryimage\"},\"thumbnailUrl\":\"https:\\\/\\\/www.lfsl.net\\\/wp-content\\\/uploads\\\/2020\\\/02\\\/Journ\u00e9e-de-m\u00e9moire_crop.jpg\",\"inLanguage\":\"en-US\"},{\"@type\":\"WebPage\",\"@id\":\"https:\\\/\\\/www.lfsl.net\\\/en\\\/january-27-a-day-of-memory\\\/\",\"url\":\"https:\\\/\\\/www.lfsl.net\\\/en\\\/january-27-a-day-of-memory\\\/\",\"name\":\"January 27: a day of memory &#8211; Lyc\u00e9e Fran\u00e7ais Saint Louis de Stockholm\",\"isPartOf\":{\"@id\":\"https:\\\/\\\/www.lfsl.net\\\/en\\\/#website\"},\"primaryImageOfPage\":{\"@id\":\"https:\\\/\\\/www.lfsl.net\\\/en\\\/january-27-a-day-of-memory\\\/#primaryimage\"},\"image\":{\"@id\":\"https:\\\/\\\/www.lfsl.net\\\/en\\\/january-27-a-day-of-memory\\\/#primaryimage\"},\"thumbnailUrl\":\"https:\\\/\\\/www.lfsl.net\\\/wp-content\\\/uploads\\\/2020\\\/02\\\/Journ\u00e9e-de-m\u00e9moire_crop.jpg\",\"datePublished\":\"2020-01-29T14:30:00+00:00\",\"dateModified\":\"2020-02-07T09:42:13+00:00\",\"breadcrumb\":{\"@id\":\"https:\\\/\\\/www.lfsl.net\\\/en\\\/january-27-a-day-of-memory\\\/#breadcrumb\"},\"inLanguage\":\"en-US\",\"potentialAction\":[{\"@type\":\"ReadAction\",\"target\":[\"https:\\\/\\\/www.lfsl.net\\\/en\\\/january-27-a-day-of-memory\\\/\"]}]},{\"@type\":\"ImageObject\",\"inLanguage\":\"en-US\",\"@id\":\"https:\\\/\\\/www.lfsl.net\\\/en\\\/january-27-a-day-of-memory\\\/#primaryimage\",\"url\":\"https:\\\/\\\/www.lfsl.net\\\/wp-content\\\/uploads\\\/2020\\\/02\\\/Journ\u00e9e-de-m\u00e9moire_crop.jpg\",\"contentUrl\":\"https:\\\/\\\/www.lfsl.net\\\/wp-content\\\/uploads\\\/2020\\\/02\\\/Journ\u00e9e-de-m\u00e9moire_crop.jpg\",\"width\":1920,\"height\":1080},{\"@type\":\"BreadcrumbList\",\"@id\":\"https:\\\/\\\/www.lfsl.net\\\/en\\\/january-27-a-day-of-memory\\\/#breadcrumb\",\"itemListElement\":[{\"@type\":\"ListItem\",\"position\":1,\"name\":\"Home\",\"item\":\"https:\\\/\\\/www.lfsl.net\\\/en\\\/\"},{\"@type\":\"ListItem\",\"position\":2,\"name\":\"January 27: a day of memory\"}]},{\"@type\":\"WebSite\",\"@id\":\"https:\\\/\\\/www.lfsl.net\\\/en\\\/#website\",\"url\":\"https:\\\/\\\/www.lfsl.net\\\/en\\\/\",\"name\":\"Lyc\u00e9e Fran\u00e7ais Saint Louis de Stockholm\",\"description\":\"\u00c9tablissement membre du r\u00e9seau AEFE\",\"publisher\":{\"@id\":\"https:\\\/\\\/www.lfsl.net\\\/en\\\/#organization\"},\"potentialAction\":[{\"@type\":\"SearchAction\",\"target\":{\"@type\":\"EntryPoint\",\"urlTemplate\":\"https:\\\/\\\/www.lfsl.net\\\/en\\\/?s={search_term_string}\"},\"query-input\":{\"@type\":\"PropertyValueSpecification\",\"valueRequired\":true,\"valueName\":\"search_term_string\"}}],\"inLanguage\":\"en-US\"},{\"@type\":\"Organization\",\"@id\":\"https:\\\/\\\/www.lfsl.net\\\/en\\\/#organization\",\"name\":\"Lyc\u00e9e Fran\u00e7ais Saint Louis\",\"url\":\"https:\\\/\\\/www.lfsl.net\\\/en\\\/\",\"logo\":{\"@type\":\"ImageObject\",\"inLanguage\":\"en-US\",\"@id\":\"https:\\\/\\\/www.lfsl.net\\\/en\\\/#\\\/schema\\\/logo\\\/image\\\/\",\"url\":\"https:\\\/\\\/www.lfsl.net\\\/wp-content\\\/uploads\\\/2021\\\/03\\\/LFSL-logo.jpg\",\"contentUrl\":\"https:\\\/\\\/www.lfsl.net\\\/wp-content\\\/uploads\\\/2021\\\/03\\\/LFSL-logo.jpg\",\"width\":330,\"height\":473,\"caption\":\"Lyc\u00e9e Fran\u00e7ais Saint Louis\"},\"image\":{\"@id\":\"https:\\\/\\\/www.lfsl.net\\\/en\\\/#\\\/schema\\\/logo\\\/image\\\/\"},\"sameAs\":[\"https:\\\/\\\/www.facebook.com\\\/Lyc\u00e9e-Francais-Saint-Louis-182116921840529\\\/\",\"https:\\\/\\\/www.instagram.com\\\/lyceefrancaisstockholm\\\/\",\"https:\\\/\\\/www.linkedin.com\\\/school\\\/lfsl\\\/\",\"https:\\\/\\\/www.youtube.com\\\/channel\\\/UCchS4IO4jE_YY0ILwn5NgGQ\"]},{\"@type\":\"Person\",\"@id\":\"https:\\\/\\\/www.lfsl.net\\\/en\\\/#\\\/schema\\\/person\\\/b844e4fec0b6546045ed48d495805bfc\",\"name\":\"LFSL\",\"image\":{\"@type\":\"ImageObject\",\"inLanguage\":\"en-US\",\"@id\":\"https:\\\/\\\/secure.gravatar.com\\\/avatar\\\/8675186c12a5532dad5f25706eb6019c936983ed4945888898482ec1904338ec?s=96&d=mm&r=g\",\"url\":\"https:\\\/\\\/secure.gravatar.com\\\/avatar\\\/8675186c12a5532dad5f25706eb6019c936983ed4945888898482ec1904338ec?s=96&d=mm&r=g\",\"contentUrl\":\"https:\\\/\\\/secure.gravatar.com\\\/avatar\\\/8675186c12a5532dad5f25706eb6019c936983ed4945888898482ec1904338ec?s=96&d=mm&r=g\",\"caption\":\"LFSL\"},\"url\":\"https:\\\/\\\/www.lfsl.net\\\/en\\\/author\\\/lfsladmin\\\/\"}]}<\/script>\n<!-- \/ Yoast SEO plugin. -->","yoast_head_json":{"title":"January 27: a day of memory &#8211; Lyc\u00e9e Fran\u00e7ais Saint Louis de Stockholm","robots":{"index":"index","follow":"follow","max-snippet":"max-snippet:-1","max-image-preview":"max-image-preview:large","max-video-preview":"max-video-preview:-1"},"canonical":"https:\/\/www.lfsl.net\/en\/january-27-a-day-of-memory\/","og_locale":"en_US","og_type":"article","og_title":"January 27: a day of memory &#8211; Lyc\u00e9e Fran\u00e7ais Saint Louis de Stockholm","og_description":"Monday, January 27, our students of Premi\u00e8re had the chance to participate in a day of commemoration of the Shoah, thanks to a meeting, by videoconference from the premises of the Sophie Germain high school in Paris, with five survivors: Rapha\u00ebl Esrail, Victor Perahia , Elie Buzyn, Esther Senot and Ginette Kolinka. This meeting, instructive ... Read more","og_url":"https:\/\/www.lfsl.net\/en\/january-27-a-day-of-memory\/","og_site_name":"Lyc\u00e9e Fran\u00e7ais Saint Louis de Stockholm","article_publisher":"https:\/\/www.facebook.com\/Lyc%c3%a9e-Francais-Saint-Louis-182116921840529\/","article_published_time":"2020-01-29T14:30:00+00:00","article_modified_time":"2020-02-07T09:42:13+00:00","og_image":[{"width":1920,"height":1080,"url":"https:\/\/www.lfsl.net\/wp-content\/uploads\/2020\/02\/Journ\u00e9e-de-m\u00e9moire_crop.jpg","type":"image\/jpeg"}],"author":"LFSL","twitter_card":"summary_large_image","schema":{"@context":"https:\/\/schema.org","@graph":[{"@type":"Article","@id":"https:\/\/www.lfsl.net\/en\/january-27-a-day-of-memory\/#article","isPartOf":{"@id":"https:\/\/www.lfsl.net\/en\/january-27-a-day-of-memory\/"},"author":{"name":"LFSL","@id":"https:\/\/www.lfsl.net\/en\/#\/schema\/person\/b844e4fec0b6546045ed48d495805bfc"},"headline":"January 27: a day of memory","datePublished":"2020-01-29T14:30:00+00:00","dateModified":"2020-02-07T09:42:13+00:00","mainEntityOfPage":{"@id":"https:\/\/www.lfsl.net\/en\/january-27-a-day-of-memory\/"},"wordCount":263,"publisher":{"@id":"https:\/\/www.lfsl.net\/en\/#organization"},"image":{"@id":"https:\/\/www.lfsl.net\/en\/january-27-a-day-of-memory\/#primaryimage"},"thumbnailUrl":"https:\/\/www.lfsl.net\/wp-content\/uploads\/2020\/02\/Journ\u00e9e-de-m\u00e9moire_crop.jpg","inLanguage":"en-US"},{"@type":"WebPage","@id":"https:\/\/www.lfsl.net\/en\/january-27-a-day-of-memory\/","url":"https:\/\/www.lfsl.net\/en\/january-27-a-day-of-memory\/","name":"January 27: a day of memory &#8211; Lyc\u00e9e Fran\u00e7ais Saint Louis de Stockholm","isPartOf":{"@id":"https:\/\/www.lfsl.net\/en\/#website"},"primaryImageOfPage":{"@id":"https:\/\/www.lfsl.net\/en\/january-27-a-day-of-memory\/#primaryimage"},"image":{"@id":"https:\/\/www.lfsl.net\/en\/january-27-a-day-of-memory\/#primaryimage"},"thumbnailUrl":"https:\/\/www.lfsl.net\/wp-content\/uploads\/2020\/02\/Journ\u00e9e-de-m\u00e9moire_crop.jpg","datePublished":"2020-01-29T14:30:00+00:00","dateModified":"2020-02-07T09:42:13+00:00","breadcrumb":{"@id":"https:\/\/www.lfsl.net\/en\/january-27-a-day-of-memory\/#breadcrumb"},"inLanguage":"en-US","potentialAction":[{"@type":"ReadAction","target":["https:\/\/www.lfsl.net\/en\/january-27-a-day-of-memory\/"]}]},{"@type":"ImageObject","inLanguage":"en-US","@id":"https:\/\/www.lfsl.net\/en\/january-27-a-day-of-memory\/#primaryimage","url":"https:\/\/www.lfsl.net\/wp-content\/uploads\/2020\/02\/Journ\u00e9e-de-m\u00e9moire_crop.jpg","contentUrl":"https:\/\/www.lfsl.net\/wp-content\/uploads\/2020\/02\/Journ\u00e9e-de-m\u00e9moire_crop.jpg","width":1920,"height":1080},{"@type":"BreadcrumbList","@id":"https:\/\/www.lfsl.net\/en\/january-27-a-day-of-memory\/#breadcrumb","itemListElement":[{"@type":"ListItem","position":1,"name":"Home","item":"https:\/\/www.lfsl.net\/en\/"},{"@type":"ListItem","position":2,"name":"January 27: a day of memory"}]},{"@type":"WebSite","@id":"https:\/\/www.lfsl.net\/en\/#website","url":"https:\/\/www.lfsl.net\/en\/","name":"Lyc\u00e9e Fran\u00e7ais Saint Louis de Stockholm","description":"\u00c9tablissement membre du r\u00e9seau AEFE","publisher":{"@id":"https:\/\/www.lfsl.net\/en\/#organization"},"potentialAction":[{"@type":"SearchAction","target":{"@type":"EntryPoint","urlTemplate":"https:\/\/www.lfsl.net\/en\/?s={search_term_string}"},"query-input":{"@type":"PropertyValueSpecification","valueRequired":true,"valueName":"search_term_string"}}],"inLanguage":"en-US"},{"@type":"Organization","@id":"https:\/\/www.lfsl.net\/en\/#organization","name":"Lyc\u00e9e Fran\u00e7ais Saint Louis","url":"https:\/\/www.lfsl.net\/en\/","logo":{"@type":"ImageObject","inLanguage":"en-US","@id":"https:\/\/www.lfsl.net\/en\/#\/schema\/logo\/image\/","url":"https:\/\/www.lfsl.net\/wp-content\/uploads\/2021\/03\/LFSL-logo.jpg","contentUrl":"https:\/\/www.lfsl.net\/wp-content\/uploads\/2021\/03\/LFSL-logo.jpg","width":330,"height":473,"caption":"Lyc\u00e9e Fran\u00e7ais Saint Louis"},"image":{"@id":"https:\/\/www.lfsl.net\/en\/#\/schema\/logo\/image\/"},"sameAs":["https:\/\/www.facebook.com\/Lyc\u00e9e-Francais-Saint-Louis-182116921840529\/","https:\/\/www.instagram.com\/lyceefrancaisstockholm\/","https:\/\/www.linkedin.com\/school\/lfsl\/","https:\/\/www.youtube.com\/channel\/UCchS4IO4jE_YY0ILwn5NgGQ"]},{"@type":"Person","@id":"https:\/\/www.lfsl.net\/en\/#\/schema\/person\/b844e4fec0b6546045ed48d495805bfc","name":"LFSL","image":{"@type":"ImageObject","inLanguage":"en-US","@id":"https:\/\/secure.gravatar.com\/avatar\/8675186c12a5532dad5f25706eb6019c936983ed4945888898482ec1904338ec?s=96&d=mm&r=g","url":"https:\/\/secure.gravatar.com\/avatar\/8675186c12a5532dad5f25706eb6019c936983ed4945888898482ec1904338ec?s=96&d=mm&r=g","contentUrl":"https:\/\/secure.gravatar.com\/avatar\/8675186c12a5532dad5f25706eb6019c936983ed4945888898482ec1904338ec?s=96&d=mm&r=g","caption":"LFSL"},"url":"https:\/\/www.lfsl.net\/en\/author\/lfsladmin\/"}]}},"_links":{"self":[{"href":"https:\/\/www.lfsl.net\/en\/wp-json\/wp\/v2\/posts\/6510","targetHints":{"allow":["GET"]}}],"collection":[{"href":"https:\/\/www.lfsl.net\/en\/wp-json\/wp\/v2\/posts"}],"about":[{"href":"https:\/\/www.lfsl.net\/en\/wp-json\/wp\/v2\/types\/post"}],"author":[{"embeddable":true,"href":"https:\/\/www.lfsl.net\/en\/wp-json\/wp\/v2\/users\/1"}],"replies":[{"embeddable":true,"href":"https:\/\/www.lfsl.net\/en\/wp-json\/wp\/v2\/comments?post=6510"}],"version-history":[{"count":2,"href":"https:\/\/www.lfsl.net\/en\/wp-json\/wp\/v2\/posts\/6510\/revisions"}],"predecessor-version":[{"id":6512,"href":"https:\/\/www.lfsl.net\/en\/wp-json\/wp\/v2\/posts\/6510\/revisions\/6512"}],"wp:featuredmedia":[{"embeddable":true,"href":"https:\/\/www.lfsl.net\/en\/wp-json\/wp\/v2\/media\/6505"}],"wp:attachment":[{"href":"https:\/\/www.lfsl.net\/en\/wp-json\/wp\/v2\/media?parent=6510"}],"wp:term":[{"taxonomy":"category","embeddable":true,"href":"https:\/\/www.lfsl.net\/en\/wp-json\/wp\/v2\/categories?post=6510"},{"taxonomy":"post_tag","embeddable":true,"href":"https:\/\/www.lfsl.net\/en\/wp-json\/wp\/v2\/tags?post=6510"}],"curies":[{"name":"wp","href":"https:\/\/api.w.org\/{rel}","templated":true}]}}