{"id":6922,"date":"2020-03-13T13:25:58","date_gmt":"2020-03-13T13:25:58","guid":{"rendered":"https:\/\/www.lfsl.net\/?p=6922"},"modified":"2020-03-13T13:26:34","modified_gmt":"2020-03-13T13:26:34","slug":"lfsl-new-information-regarding-covid-19","status":"publish","type":"post","link":"https:\/\/www.lfsl.net\/en\/lfsl-new-information-regarding-covid-19\/","title":{"rendered":"LFSL &#8211; new information regarding COVID-19"},"content":{"rendered":"\n<p>Dear Parents, Dear Students,<\/p>\n\n\n\n<p>Several French schools in Scandinavia have already closed their doors, as well as all schools in France starting next Monday.<br>\nThe situation in Stockholm is changing quickly. At LFSL, we know that a parent is carrying Covid-19, many students have been sent home this week with a fever, the health authorities have limited the tests, so it\u2019s now impossible for us to know whether the students have the virus or not.<\/p>\n\n\n\n<p>The school does not want to take risks and wants to limit the gatherings, especially with the youngest pupils who may carry the virus but be asymptomatic.<br>\nTherefore, the LFSL management team decided this morning to take further measures in response to this evolving situation.<\/p>\n\n\n\n<p>In agreement with the French Embassy, the AEFE and the Board, the Headmaster and the F\u00f6rskola\u2019s Director of Lyc\u00e9e Fran\u00e7ais Saint Louis have decided, starting Monday March 16th and for an indefinite period:<\/p>\n\n\n\n<ul class=\"wp-block-list\"><li>The closure of the F\u00f6rskola<\/li><li>Distance education for students from CP to Terminale.<\/li><\/ul>\n\n\n\n<p>The premises will no longer be open to students, but elementary and secondary staff will remain available to ensure the continuation of distance education. We want to ensure, as far as possible, educational continuity. The staff will think about new arrangements and more information will be sent to you next week.<br>\nThis new mode of remote operation therefore implies the availability of students during the day and we invite them to limit their trips and gatherings between students during this period.<\/p>\n\n\n\n<p>From a practical point of view, parents and students can collect all their belongings from their lockers at school today.<br>\nIf this is not possible, a permanence will be hold Monday from 9h to 12h to pick up the remaining documents.<\/p>\n\n\n\n<p>In order to centralize the questions around this exceptional situation, we are thinking about a new communication process, we will come back to you later on this point.<br>\nIn the meantime, thank you for your understanding and we will keep you informed.<\/p>\n\n\n\n<p>Regards,<\/p>\n\n\n\n<p>Laurent Cantuel, Headmaster AEFE<br>Katarina Koto, Director F\u00f6rskola<\/p>\n","protected":false},"excerpt":{"rendered":"<p>Dear Parents, Dear Students, Several French schools in Scandinavia have already closed their doors, as well as all schools in France starting next Monday. The situation in Stockholm is changing quickly. At LFSL, we know that a parent is carrying Covid-19, many students have been sent home this week with a fever, the health authorities &#8230; <\/p>\n<p class=\"read-more-container\"><a title=\"LFSL &#8211; new information regarding COVID-19\" class=\"read-more button\" href=\"https:\/\/www.lfsl.net\/en\/lfsl-new-information-regarding-covid-19\/#more-6922\" aria-label=\"Read more about LFSL &#8211; new information regarding COVID-19\">Read more<\/a><\/p>\n","protected":false},"author":1,"featured_media":6904,"comment_status":"closed","ping_status":"closed","sticky":false,"template":"","format":"standard","meta":{"footnotes":""},"categories":[1],"tags":[],"class_list":["post-6922","post","type-post","status-publish","format-standard","has-post-thumbnail","hentry","category-uncategorized"],"yoast_head":"<!-- This site is optimized with the Yoast SEO plugin v27.4 - https:\/\/yoast.com\/product\/yoast-seo-wordpress\/ -->\n<title>LFSL - new information regarding COVID-19 &#8211; Lyc\u00e9e Fran\u00e7ais Saint Louis de Stockholm<\/title>\n<meta name=\"robots\" content=\"index, follow, max-snippet:-1, max-image-preview:large, max-video-preview:-1\" \/>\n<link rel=\"canonical\" href=\"https:\/\/www.lfsl.net\/en\/lfsl-new-information-regarding-covid-19\/\" \/>\n<meta property=\"og:locale\" content=\"en_US\" \/>\n<meta property=\"og:type\" content=\"article\" \/>\n<meta property=\"og:title\" content=\"LFSL - new information regarding COVID-19 &#8211; Lyc\u00e9e Fran\u00e7ais Saint Louis de Stockholm\" \/>\n<meta property=\"og:description\" content=\"Dear Parents, Dear Students, Several French schools in Scandinavia have already closed their doors, as well as all schools in France starting next Monday. The situation in Stockholm is changing quickly. At LFSL, we know that a parent is carrying Covid-19, many students have been sent home this week with a fever, the health authorities ... Read more\" \/>\n<meta property=\"og:url\" content=\"https:\/\/www.lfsl.net\/en\/lfsl-new-information-regarding-covid-19\/\" \/>\n<meta property=\"og:site_name\" content=\"Lyc\u00e9e Fran\u00e7ais Saint Louis de Stockholm\" \/>\n<meta property=\"article:publisher\" content=\"https:\/\/www.facebook.com\/Lyc%c3%a9e-Francais-Saint-Louis-182116921840529\/\" \/>\n<meta property=\"article:published_time\" content=\"2020-03-13T13:25:58+00:00\" \/>\n<meta property=\"article:modified_time\" content=\"2020-03-13T13:26:34+00:00\" \/>\n<meta property=\"og:image\" content=\"https:\/\/www.lfsl.net\/wp-content\/uploads\/2020\/03\/lsfl_logo-minimal_crop.jpg\" \/>\n\t<meta property=\"og:image:width\" content=\"1440\" \/>\n\t<meta property=\"og:image:height\" content=\"810\" \/>\n\t<meta property=\"og:image:type\" content=\"image\/jpeg\" \/>\n<meta name=\"author\" content=\"LFSL\" \/>\n<meta name=\"twitter:card\" content=\"summary_large_image\" \/>\n<script type=\"application\/ld+json\" class=\"yoast-schema-graph\">{\"@context\":\"https:\\\/\\\/schema.org\",\"@graph\":[{\"@type\":\"Article\",\"@id\":\"https:\\\/\\\/www.lfsl.net\\\/en\\\/lfsl-new-information-regarding-covid-19\\\/#article\",\"isPartOf\":{\"@id\":\"https:\\\/\\\/www.lfsl.net\\\/en\\\/lfsl-new-information-regarding-covid-19\\\/\"},\"author\":{\"name\":\"LFSL\",\"@id\":\"https:\\\/\\\/www.lfsl.net\\\/en\\\/#\\\/schema\\\/person\\\/b844e4fec0b6546045ed48d495805bfc\"},\"headline\":\"LFSL &#8211; new information regarding COVID-19\",\"datePublished\":\"2020-03-13T13:25:58+00:00\",\"dateModified\":\"2020-03-13T13:26:34+00:00\",\"mainEntityOfPage\":{\"@id\":\"https:\\\/\\\/www.lfsl.net\\\/en\\\/lfsl-new-information-regarding-covid-19\\\/\"},\"wordCount\":351,\"publisher\":{\"@id\":\"https:\\\/\\\/www.lfsl.net\\\/en\\\/#organization\"},\"image\":{\"@id\":\"https:\\\/\\\/www.lfsl.net\\\/en\\\/lfsl-new-information-regarding-covid-19\\\/#primaryimage\"},\"thumbnailUrl\":\"https:\\\/\\\/www.lfsl.net\\\/wp-content\\\/uploads\\\/2020\\\/03\\\/lsfl_logo-minimal_crop.jpg\",\"inLanguage\":\"en-US\"},{\"@type\":\"WebPage\",\"@id\":\"https:\\\/\\\/www.lfsl.net\\\/en\\\/lfsl-new-information-regarding-covid-19\\\/\",\"url\":\"https:\\\/\\\/www.lfsl.net\\\/en\\\/lfsl-new-information-regarding-covid-19\\\/\",\"name\":\"LFSL - new information regarding COVID-19 &#8211; Lyc\u00e9e Fran\u00e7ais Saint Louis de Stockholm\",\"isPartOf\":{\"@id\":\"https:\\\/\\\/www.lfsl.net\\\/en\\\/#website\"},\"primaryImageOfPage\":{\"@id\":\"https:\\\/\\\/www.lfsl.net\\\/en\\\/lfsl-new-information-regarding-covid-19\\\/#primaryimage\"},\"image\":{\"@id\":\"https:\\\/\\\/www.lfsl.net\\\/en\\\/lfsl-new-information-regarding-covid-19\\\/#primaryimage\"},\"thumbnailUrl\":\"https:\\\/\\\/www.lfsl.net\\\/wp-content\\\/uploads\\\/2020\\\/03\\\/lsfl_logo-minimal_crop.jpg\",\"datePublished\":\"2020-03-13T13:25:58+00:00\",\"dateModified\":\"2020-03-13T13:26:34+00:00\",\"breadcrumb\":{\"@id\":\"https:\\\/\\\/www.lfsl.net\\\/en\\\/lfsl-new-information-regarding-covid-19\\\/#breadcrumb\"},\"inLanguage\":\"en-US\",\"potentialAction\":[{\"@type\":\"ReadAction\",\"target\":[\"https:\\\/\\\/www.lfsl.net\\\/en\\\/lfsl-new-information-regarding-covid-19\\\/\"]}]},{\"@type\":\"ImageObject\",\"inLanguage\":\"en-US\",\"@id\":\"https:\\\/\\\/www.lfsl.net\\\/en\\\/lfsl-new-information-regarding-covid-19\\\/#primaryimage\",\"url\":\"https:\\\/\\\/www.lfsl.net\\\/wp-content\\\/uploads\\\/2020\\\/03\\\/lsfl_logo-minimal_crop.jpg\",\"contentUrl\":\"https:\\\/\\\/www.lfsl.net\\\/wp-content\\\/uploads\\\/2020\\\/03\\\/lsfl_logo-minimal_crop.jpg\",\"width\":1440,\"height\":810},{\"@type\":\"BreadcrumbList\",\"@id\":\"https:\\\/\\\/www.lfsl.net\\\/en\\\/lfsl-new-information-regarding-covid-19\\\/#breadcrumb\",\"itemListElement\":[{\"@type\":\"ListItem\",\"position\":1,\"name\":\"Home\",\"item\":\"https:\\\/\\\/www.lfsl.net\\\/en\\\/\"},{\"@type\":\"ListItem\",\"position\":2,\"name\":\"LFSL &#8211; new information regarding COVID-19\"}]},{\"@type\":\"WebSite\",\"@id\":\"https:\\\/\\\/www.lfsl.net\\\/en\\\/#website\",\"url\":\"https:\\\/\\\/www.lfsl.net\\\/en\\\/\",\"name\":\"Lyc\u00e9e Fran\u00e7ais Saint Louis de Stockholm\",\"description\":\"\u00c9tablissement membre du r\u00e9seau AEFE\",\"publisher\":{\"@id\":\"https:\\\/\\\/www.lfsl.net\\\/en\\\/#organization\"},\"potentialAction\":[{\"@type\":\"SearchAction\",\"target\":{\"@type\":\"EntryPoint\",\"urlTemplate\":\"https:\\\/\\\/www.lfsl.net\\\/en\\\/?s={search_term_string}\"},\"query-input\":{\"@type\":\"PropertyValueSpecification\",\"valueRequired\":true,\"valueName\":\"search_term_string\"}}],\"inLanguage\":\"en-US\"},{\"@type\":\"Organization\",\"@id\":\"https:\\\/\\\/www.lfsl.net\\\/en\\\/#organization\",\"name\":\"Lyc\u00e9e Fran\u00e7ais Saint Louis\",\"url\":\"https:\\\/\\\/www.lfsl.net\\\/en\\\/\",\"logo\":{\"@type\":\"ImageObject\",\"inLanguage\":\"en-US\",\"@id\":\"https:\\\/\\\/www.lfsl.net\\\/en\\\/#\\\/schema\\\/logo\\\/image\\\/\",\"url\":\"https:\\\/\\\/www.lfsl.net\\\/wp-content\\\/uploads\\\/2021\\\/03\\\/LFSL-logo.jpg\",\"contentUrl\":\"https:\\\/\\\/www.lfsl.net\\\/wp-content\\\/uploads\\\/2021\\\/03\\\/LFSL-logo.jpg\",\"width\":330,\"height\":473,\"caption\":\"Lyc\u00e9e Fran\u00e7ais Saint Louis\"},\"image\":{\"@id\":\"https:\\\/\\\/www.lfsl.net\\\/en\\\/#\\\/schema\\\/logo\\\/image\\\/\"},\"sameAs\":[\"https:\\\/\\\/www.facebook.com\\\/Lyc\u00e9e-Francais-Saint-Louis-182116921840529\\\/\",\"https:\\\/\\\/www.instagram.com\\\/lyceefrancaisstockholm\\\/\",\"https:\\\/\\\/www.linkedin.com\\\/school\\\/lfsl\\\/\",\"https:\\\/\\\/www.youtube.com\\\/channel\\\/UCchS4IO4jE_YY0ILwn5NgGQ\"]},{\"@type\":\"Person\",\"@id\":\"https:\\\/\\\/www.lfsl.net\\\/en\\\/#\\\/schema\\\/person\\\/b844e4fec0b6546045ed48d495805bfc\",\"name\":\"LFSL\",\"image\":{\"@type\":\"ImageObject\",\"inLanguage\":\"en-US\",\"@id\":\"https:\\\/\\\/secure.gravatar.com\\\/avatar\\\/8675186c12a5532dad5f25706eb6019c936983ed4945888898482ec1904338ec?s=96&d=mm&r=g\",\"url\":\"https:\\\/\\\/secure.gravatar.com\\\/avatar\\\/8675186c12a5532dad5f25706eb6019c936983ed4945888898482ec1904338ec?s=96&d=mm&r=g\",\"contentUrl\":\"https:\\\/\\\/secure.gravatar.com\\\/avatar\\\/8675186c12a5532dad5f25706eb6019c936983ed4945888898482ec1904338ec?s=96&d=mm&r=g\",\"caption\":\"LFSL\"},\"url\":\"https:\\\/\\\/www.lfsl.net\\\/en\\\/author\\\/lfsladmin\\\/\"}]}<\/script>\n<!-- \/ Yoast SEO plugin. -->","yoast_head_json":{"title":"LFSL - new information regarding COVID-19 &#8211; Lyc\u00e9e Fran\u00e7ais Saint Louis de Stockholm","robots":{"index":"index","follow":"follow","max-snippet":"max-snippet:-1","max-image-preview":"max-image-preview:large","max-video-preview":"max-video-preview:-1"},"canonical":"https:\/\/www.lfsl.net\/en\/lfsl-new-information-regarding-covid-19\/","og_locale":"en_US","og_type":"article","og_title":"LFSL - new information regarding COVID-19 &#8211; Lyc\u00e9e Fran\u00e7ais Saint Louis de Stockholm","og_description":"Dear Parents, Dear Students, Several French schools in Scandinavia have already closed their doors, as well as all schools in France starting next Monday. The situation in Stockholm is changing quickly. At LFSL, we know that a parent is carrying Covid-19, many students have been sent home this week with a fever, the health authorities ... Read more","og_url":"https:\/\/www.lfsl.net\/en\/lfsl-new-information-regarding-covid-19\/","og_site_name":"Lyc\u00e9e Fran\u00e7ais Saint Louis de Stockholm","article_publisher":"https:\/\/www.facebook.com\/Lyc%c3%a9e-Francais-Saint-Louis-182116921840529\/","article_published_time":"2020-03-13T13:25:58+00:00","article_modified_time":"2020-03-13T13:26:34+00:00","og_image":[{"width":1440,"height":810,"url":"https:\/\/www.lfsl.net\/wp-content\/uploads\/2020\/03\/lsfl_logo-minimal_crop.jpg","type":"image\/jpeg"}],"author":"LFSL","twitter_card":"summary_large_image","schema":{"@context":"https:\/\/schema.org","@graph":[{"@type":"Article","@id":"https:\/\/www.lfsl.net\/en\/lfsl-new-information-regarding-covid-19\/#article","isPartOf":{"@id":"https:\/\/www.lfsl.net\/en\/lfsl-new-information-regarding-covid-19\/"},"author":{"name":"LFSL","@id":"https:\/\/www.lfsl.net\/en\/#\/schema\/person\/b844e4fec0b6546045ed48d495805bfc"},"headline":"LFSL &#8211; new information regarding COVID-19","datePublished":"2020-03-13T13:25:58+00:00","dateModified":"2020-03-13T13:26:34+00:00","mainEntityOfPage":{"@id":"https:\/\/www.lfsl.net\/en\/lfsl-new-information-regarding-covid-19\/"},"wordCount":351,"publisher":{"@id":"https:\/\/www.lfsl.net\/en\/#organization"},"image":{"@id":"https:\/\/www.lfsl.net\/en\/lfsl-new-information-regarding-covid-19\/#primaryimage"},"thumbnailUrl":"https:\/\/www.lfsl.net\/wp-content\/uploads\/2020\/03\/lsfl_logo-minimal_crop.jpg","inLanguage":"en-US"},{"@type":"WebPage","@id":"https:\/\/www.lfsl.net\/en\/lfsl-new-information-regarding-covid-19\/","url":"https:\/\/www.lfsl.net\/en\/lfsl-new-information-regarding-covid-19\/","name":"LFSL - new information regarding COVID-19 &#8211; Lyc\u00e9e Fran\u00e7ais Saint Louis de Stockholm","isPartOf":{"@id":"https:\/\/www.lfsl.net\/en\/#website"},"primaryImageOfPage":{"@id":"https:\/\/www.lfsl.net\/en\/lfsl-new-information-regarding-covid-19\/#primaryimage"},"image":{"@id":"https:\/\/www.lfsl.net\/en\/lfsl-new-information-regarding-covid-19\/#primaryimage"},"thumbnailUrl":"https:\/\/www.lfsl.net\/wp-content\/uploads\/2020\/03\/lsfl_logo-minimal_crop.jpg","datePublished":"2020-03-13T13:25:58+00:00","dateModified":"2020-03-13T13:26:34+00:00","breadcrumb":{"@id":"https:\/\/www.lfsl.net\/en\/lfsl-new-information-regarding-covid-19\/#breadcrumb"},"inLanguage":"en-US","potentialAction":[{"@type":"ReadAction","target":["https:\/\/www.lfsl.net\/en\/lfsl-new-information-regarding-covid-19\/"]}]},{"@type":"ImageObject","inLanguage":"en-US","@id":"https:\/\/www.lfsl.net\/en\/lfsl-new-information-regarding-covid-19\/#primaryimage","url":"https:\/\/www.lfsl.net\/wp-content\/uploads\/2020\/03\/lsfl_logo-minimal_crop.jpg","contentUrl":"https:\/\/www.lfsl.net\/wp-content\/uploads\/2020\/03\/lsfl_logo-minimal_crop.jpg","width":1440,"height":810},{"@type":"BreadcrumbList","@id":"https:\/\/www.lfsl.net\/en\/lfsl-new-information-regarding-covid-19\/#breadcrumb","itemListElement":[{"@type":"ListItem","position":1,"name":"Home","item":"https:\/\/www.lfsl.net\/en\/"},{"@type":"ListItem","position":2,"name":"LFSL &#8211; new information regarding COVID-19"}]},{"@type":"WebSite","@id":"https:\/\/www.lfsl.net\/en\/#website","url":"https:\/\/www.lfsl.net\/en\/","name":"Lyc\u00e9e Fran\u00e7ais Saint Louis de Stockholm","description":"\u00c9tablissement membre du r\u00e9seau AEFE","publisher":{"@id":"https:\/\/www.lfsl.net\/en\/#organization"},"potentialAction":[{"@type":"SearchAction","target":{"@type":"EntryPoint","urlTemplate":"https:\/\/www.lfsl.net\/en\/?s={search_term_string}"},"query-input":{"@type":"PropertyValueSpecification","valueRequired":true,"valueName":"search_term_string"}}],"inLanguage":"en-US"},{"@type":"Organization","@id":"https:\/\/www.lfsl.net\/en\/#organization","name":"Lyc\u00e9e Fran\u00e7ais Saint Louis","url":"https:\/\/www.lfsl.net\/en\/","logo":{"@type":"ImageObject","inLanguage":"en-US","@id":"https:\/\/www.lfsl.net\/en\/#\/schema\/logo\/image\/","url":"https:\/\/www.lfsl.net\/wp-content\/uploads\/2021\/03\/LFSL-logo.jpg","contentUrl":"https:\/\/www.lfsl.net\/wp-content\/uploads\/2021\/03\/LFSL-logo.jpg","width":330,"height":473,"caption":"Lyc\u00e9e Fran\u00e7ais Saint Louis"},"image":{"@id":"https:\/\/www.lfsl.net\/en\/#\/schema\/logo\/image\/"},"sameAs":["https:\/\/www.facebook.com\/Lyc\u00e9e-Francais-Saint-Louis-182116921840529\/","https:\/\/www.instagram.com\/lyceefrancaisstockholm\/","https:\/\/www.linkedin.com\/school\/lfsl\/","https:\/\/www.youtube.com\/channel\/UCchS4IO4jE_YY0ILwn5NgGQ"]},{"@type":"Person","@id":"https:\/\/www.lfsl.net\/en\/#\/schema\/person\/b844e4fec0b6546045ed48d495805bfc","name":"LFSL","image":{"@type":"ImageObject","inLanguage":"en-US","@id":"https:\/\/secure.gravatar.com\/avatar\/8675186c12a5532dad5f25706eb6019c936983ed4945888898482ec1904338ec?s=96&d=mm&r=g","url":"https:\/\/secure.gravatar.com\/avatar\/8675186c12a5532dad5f25706eb6019c936983ed4945888898482ec1904338ec?s=96&d=mm&r=g","contentUrl":"https:\/\/secure.gravatar.com\/avatar\/8675186c12a5532dad5f25706eb6019c936983ed4945888898482ec1904338ec?s=96&d=mm&r=g","caption":"LFSL"},"url":"https:\/\/www.lfsl.net\/en\/author\/lfsladmin\/"}]}},"_links":{"self":[{"href":"https:\/\/www.lfsl.net\/en\/wp-json\/wp\/v2\/posts\/6922","targetHints":{"allow":["GET"]}}],"collection":[{"href":"https:\/\/www.lfsl.net\/en\/wp-json\/wp\/v2\/posts"}],"about":[{"href":"https:\/\/www.lfsl.net\/en\/wp-json\/wp\/v2\/types\/post"}],"author":[{"embeddable":true,"href":"https:\/\/www.lfsl.net\/en\/wp-json\/wp\/v2\/users\/1"}],"replies":[{"embeddable":true,"href":"https:\/\/www.lfsl.net\/en\/wp-json\/wp\/v2\/comments?post=6922"}],"version-history":[{"count":3,"href":"https:\/\/www.lfsl.net\/en\/wp-json\/wp\/v2\/posts\/6922\/revisions"}],"predecessor-version":[{"id":6925,"href":"https:\/\/www.lfsl.net\/en\/wp-json\/wp\/v2\/posts\/6922\/revisions\/6925"}],"wp:featuredmedia":[{"embeddable":true,"href":"https:\/\/www.lfsl.net\/en\/wp-json\/wp\/v2\/media\/6904"}],"wp:attachment":[{"href":"https:\/\/www.lfsl.net\/en\/wp-json\/wp\/v2\/media?parent=6922"}],"wp:term":[{"taxonomy":"category","embeddable":true,"href":"https:\/\/www.lfsl.net\/en\/wp-json\/wp\/v2\/categories?post=6922"},{"taxonomy":"post_tag","embeddable":true,"href":"https:\/\/www.lfsl.net\/en\/wp-json\/wp\/v2\/tags?post=6922"}],"curies":[{"name":"wp","href":"https:\/\/api.w.org\/{rel}","templated":true}]}}