{"id":6945,"date":"2020-03-16T16:49:31","date_gmt":"2020-03-16T16:49:31","guid":{"rendered":"https:\/\/www.lfsl.net\/?p=6945"},"modified":"2020-03-16T16:54:44","modified_gmt":"2020-03-16T16:54:44","slug":"modalities-of-pedagogical-continuity","status":"publish","type":"post","link":"https:\/\/www.lfsl.net\/en\/modalities-of-pedagogical-continuity\/","title":{"rendered":"Modalities of pedagogical continuity"},"content":{"rendered":"\n<p>Dear parents, Dear students,<\/p>\n\n\n\n<p>During this period, when the LFSL no longer accomodates any students in its premises, the teachers will have to keep in touch with their pupils from 6\u00e8me to Terminale and ensure pedagogical continuity from school or from their home.<br>Several teachers met today to think about pedagogical continuity and define some main operating principles.<br>However, each teacher will take the necessary time to set up this new way of teaching and will keep their freedom in the choice of methods \/ tools used.<br><br>Work time<br>It will not be possible to follow the timetable in Pronote hour by hour. Some teachers may be ill or unavailable in the time slots. <br>The students will therefore need to organize their work weekly, here is an indication of the schedule according to the levels:<\/p>\n\n\n\n<ul class=\"wp-block-list\"><li>3 to 4 hours of work \/ day for students in coll\u00e8ge.<\/li><li>5h to 6h work \/ day for students in Lyc\u00e9e.<\/li><\/ul>\n\n\n\n<p>Communication<\/p>\n\n\n\n<ul class=\"wp-block-list\"><li>Pronote and the LFSL email address will be the main tools to use as a basis for communication. Pronote will indicate the work to be done; lessons and corrections of exercises will be shared via this tool.<\/li><li>Some teachers will be able to offer students the possibility of exchanging via messaging \/ chats if necessary (Team, skype \u2026) and others will use video conferencing tools like Discord, Zoom, Adobe Connect, Google Hangout or Skype.<\/li><li>Each teacher will send a message to their class about their way of working.<\/li><\/ul>\n\n\n\n<p>Evaluation<\/p>\n\n\n\n<ul class=\"wp-block-list\"><li>In the first weeks, a simple knowledge check can be done at the end of the week via the quiz tool in Pronote.<\/li><li>If the distance education were to last longer, each teacher will have to think about their own assessment process.<\/li><\/ul>\n\n\n\n<p>The class teachers will remain available for students in order to be able to gather their questions or concerns regarding this situation.<br>We trust our students to use this unprecedented period as an opportunity to discover new working methods and demonstrate autonomy and self-discipline.<br><\/p>\n\n\n\n<p>Regards,<br> Laurent Cantuel, Headmaster <br> and the teaching team.<\/p>\n","protected":false},"excerpt":{"rendered":"<p>Dear parents, Dear students, During this period, when the LFSL no longer accomodates any students in its premises, the teachers will have to keep in touch with their pupils from 6\u00e8me to Terminale and ensure pedagogical continuity from school or from their home.Several teachers met today to think about pedagogical continuity and define some main &#8230; <\/p>\n<p class=\"read-more-container\"><a title=\"Modalities of pedagogical continuity\" class=\"read-more button\" href=\"https:\/\/www.lfsl.net\/en\/modalities-of-pedagogical-continuity\/#more-6945\" aria-label=\"Read more about Modalities of pedagogical continuity\">Read more<\/a><\/p>\n","protected":false},"author":1,"featured_media":6941,"comment_status":"closed","ping_status":"closed","sticky":false,"template":"","format":"standard","meta":{"footnotes":""},"categories":[1],"tags":[],"class_list":["post-6945","post","type-post","status-publish","format-standard","has-post-thumbnail","hentry","category-uncategorized"],"yoast_head":"<!-- This site is optimized with the Yoast SEO plugin v27.4 - https:\/\/yoast.com\/product\/yoast-seo-wordpress\/ -->\n<title>Modalities of pedagogical continuity &#8211; Lyc\u00e9e Fran\u00e7ais Saint Louis de Stockholm<\/title>\n<meta name=\"robots\" content=\"index, follow, max-snippet:-1, max-image-preview:large, max-video-preview:-1\" \/>\n<link rel=\"canonical\" href=\"https:\/\/www.lfsl.net\/en\/modalities-of-pedagogical-continuity\/\" \/>\n<meta property=\"og:locale\" content=\"en_US\" \/>\n<meta property=\"og:type\" content=\"article\" \/>\n<meta property=\"og:title\" content=\"Modalities of pedagogical continuity &#8211; Lyc\u00e9e Fran\u00e7ais Saint Louis de Stockholm\" \/>\n<meta property=\"og:description\" content=\"Dear parents, Dear students, During this period, when the LFSL no longer accomodates any students in its premises, the teachers will have to keep in touch with their pupils from 6\u00e8me to Terminale and ensure pedagogical continuity from school or from their home.Several teachers met today to think about pedagogical continuity and define some main ... Read more\" \/>\n<meta property=\"og:url\" content=\"https:\/\/www.lfsl.net\/en\/modalities-of-pedagogical-continuity\/\" \/>\n<meta property=\"og:site_name\" content=\"Lyc\u00e9e Fran\u00e7ais Saint Louis de Stockholm\" \/>\n<meta property=\"article:publisher\" content=\"https:\/\/www.facebook.com\/Lyc%c3%a9e-Francais-Saint-Louis-182116921840529\/\" \/>\n<meta property=\"article:published_time\" content=\"2020-03-16T16:49:31+00:00\" \/>\n<meta property=\"article:modified_time\" content=\"2020-03-16T16:54:44+00:00\" \/>\n<meta property=\"og:image\" content=\"https:\/\/www.lfsl.net\/wp-content\/uploads\/2020\/03\/studying-at-home_crop.jpg\" \/>\n\t<meta property=\"og:image:width\" content=\"1880\" \/>\n\t<meta property=\"og:image:height\" content=\"1058\" \/>\n\t<meta property=\"og:image:type\" content=\"image\/jpeg\" \/>\n<meta name=\"author\" content=\"LFSL\" \/>\n<meta name=\"twitter:card\" content=\"summary_large_image\" \/>\n<script type=\"application\/ld+json\" class=\"yoast-schema-graph\">{\"@context\":\"https:\\\/\\\/schema.org\",\"@graph\":[{\"@type\":\"Article\",\"@id\":\"https:\\\/\\\/www.lfsl.net\\\/en\\\/modalities-of-pedagogical-continuity\\\/#article\",\"isPartOf\":{\"@id\":\"https:\\\/\\\/www.lfsl.net\\\/en\\\/modalities-of-pedagogical-continuity\\\/\"},\"author\":{\"name\":\"LFSL\",\"@id\":\"https:\\\/\\\/www.lfsl.net\\\/en\\\/#\\\/schema\\\/person\\\/b844e4fec0b6546045ed48d495805bfc\"},\"headline\":\"Modalities of pedagogical continuity\",\"datePublished\":\"2020-03-16T16:49:31+00:00\",\"dateModified\":\"2020-03-16T16:54:44+00:00\",\"mainEntityOfPage\":{\"@id\":\"https:\\\/\\\/www.lfsl.net\\\/en\\\/modalities-of-pedagogical-continuity\\\/\"},\"wordCount\":339,\"publisher\":{\"@id\":\"https:\\\/\\\/www.lfsl.net\\\/en\\\/#organization\"},\"image\":{\"@id\":\"https:\\\/\\\/www.lfsl.net\\\/en\\\/modalities-of-pedagogical-continuity\\\/#primaryimage\"},\"thumbnailUrl\":\"https:\\\/\\\/www.lfsl.net\\\/wp-content\\\/uploads\\\/2020\\\/03\\\/studying-at-home_crop.jpg\",\"inLanguage\":\"en-US\"},{\"@type\":\"WebPage\",\"@id\":\"https:\\\/\\\/www.lfsl.net\\\/en\\\/modalities-of-pedagogical-continuity\\\/\",\"url\":\"https:\\\/\\\/www.lfsl.net\\\/en\\\/modalities-of-pedagogical-continuity\\\/\",\"name\":\"Modalities of pedagogical continuity &#8211; Lyc\u00e9e Fran\u00e7ais Saint Louis de Stockholm\",\"isPartOf\":{\"@id\":\"https:\\\/\\\/www.lfsl.net\\\/en\\\/#website\"},\"primaryImageOfPage\":{\"@id\":\"https:\\\/\\\/www.lfsl.net\\\/en\\\/modalities-of-pedagogical-continuity\\\/#primaryimage\"},\"image\":{\"@id\":\"https:\\\/\\\/www.lfsl.net\\\/en\\\/modalities-of-pedagogical-continuity\\\/#primaryimage\"},\"thumbnailUrl\":\"https:\\\/\\\/www.lfsl.net\\\/wp-content\\\/uploads\\\/2020\\\/03\\\/studying-at-home_crop.jpg\",\"datePublished\":\"2020-03-16T16:49:31+00:00\",\"dateModified\":\"2020-03-16T16:54:44+00:00\",\"breadcrumb\":{\"@id\":\"https:\\\/\\\/www.lfsl.net\\\/en\\\/modalities-of-pedagogical-continuity\\\/#breadcrumb\"},\"inLanguage\":\"en-US\",\"potentialAction\":[{\"@type\":\"ReadAction\",\"target\":[\"https:\\\/\\\/www.lfsl.net\\\/en\\\/modalities-of-pedagogical-continuity\\\/\"]}]},{\"@type\":\"ImageObject\",\"inLanguage\":\"en-US\",\"@id\":\"https:\\\/\\\/www.lfsl.net\\\/en\\\/modalities-of-pedagogical-continuity\\\/#primaryimage\",\"url\":\"https:\\\/\\\/www.lfsl.net\\\/wp-content\\\/uploads\\\/2020\\\/03\\\/studying-at-home_crop.jpg\",\"contentUrl\":\"https:\\\/\\\/www.lfsl.net\\\/wp-content\\\/uploads\\\/2020\\\/03\\\/studying-at-home_crop.jpg\",\"width\":1880,\"height\":1058},{\"@type\":\"BreadcrumbList\",\"@id\":\"https:\\\/\\\/www.lfsl.net\\\/en\\\/modalities-of-pedagogical-continuity\\\/#breadcrumb\",\"itemListElement\":[{\"@type\":\"ListItem\",\"position\":1,\"name\":\"Home\",\"item\":\"https:\\\/\\\/www.lfsl.net\\\/en\\\/\"},{\"@type\":\"ListItem\",\"position\":2,\"name\":\"Modalities of pedagogical continuity\"}]},{\"@type\":\"WebSite\",\"@id\":\"https:\\\/\\\/www.lfsl.net\\\/en\\\/#website\",\"url\":\"https:\\\/\\\/www.lfsl.net\\\/en\\\/\",\"name\":\"Lyc\u00e9e Fran\u00e7ais Saint Louis de Stockholm\",\"description\":\"\u00c9tablissement membre du r\u00e9seau AEFE\",\"publisher\":{\"@id\":\"https:\\\/\\\/www.lfsl.net\\\/en\\\/#organization\"},\"potentialAction\":[{\"@type\":\"SearchAction\",\"target\":{\"@type\":\"EntryPoint\",\"urlTemplate\":\"https:\\\/\\\/www.lfsl.net\\\/en\\\/?s={search_term_string}\"},\"query-input\":{\"@type\":\"PropertyValueSpecification\",\"valueRequired\":true,\"valueName\":\"search_term_string\"}}],\"inLanguage\":\"en-US\"},{\"@type\":\"Organization\",\"@id\":\"https:\\\/\\\/www.lfsl.net\\\/en\\\/#organization\",\"name\":\"Lyc\u00e9e Fran\u00e7ais Saint Louis\",\"url\":\"https:\\\/\\\/www.lfsl.net\\\/en\\\/\",\"logo\":{\"@type\":\"ImageObject\",\"inLanguage\":\"en-US\",\"@id\":\"https:\\\/\\\/www.lfsl.net\\\/en\\\/#\\\/schema\\\/logo\\\/image\\\/\",\"url\":\"https:\\\/\\\/www.lfsl.net\\\/wp-content\\\/uploads\\\/2021\\\/03\\\/LFSL-logo.jpg\",\"contentUrl\":\"https:\\\/\\\/www.lfsl.net\\\/wp-content\\\/uploads\\\/2021\\\/03\\\/LFSL-logo.jpg\",\"width\":330,\"height\":473,\"caption\":\"Lyc\u00e9e Fran\u00e7ais Saint Louis\"},\"image\":{\"@id\":\"https:\\\/\\\/www.lfsl.net\\\/en\\\/#\\\/schema\\\/logo\\\/image\\\/\"},\"sameAs\":[\"https:\\\/\\\/www.facebook.com\\\/Lyc\u00e9e-Francais-Saint-Louis-182116921840529\\\/\",\"https:\\\/\\\/www.instagram.com\\\/lyceefrancaisstockholm\\\/\",\"https:\\\/\\\/www.linkedin.com\\\/school\\\/lfsl\\\/\",\"https:\\\/\\\/www.youtube.com\\\/channel\\\/UCchS4IO4jE_YY0ILwn5NgGQ\"]},{\"@type\":\"Person\",\"@id\":\"https:\\\/\\\/www.lfsl.net\\\/en\\\/#\\\/schema\\\/person\\\/b844e4fec0b6546045ed48d495805bfc\",\"name\":\"LFSL\",\"image\":{\"@type\":\"ImageObject\",\"inLanguage\":\"en-US\",\"@id\":\"https:\\\/\\\/secure.gravatar.com\\\/avatar\\\/8675186c12a5532dad5f25706eb6019c936983ed4945888898482ec1904338ec?s=96&d=mm&r=g\",\"url\":\"https:\\\/\\\/secure.gravatar.com\\\/avatar\\\/8675186c12a5532dad5f25706eb6019c936983ed4945888898482ec1904338ec?s=96&d=mm&r=g\",\"contentUrl\":\"https:\\\/\\\/secure.gravatar.com\\\/avatar\\\/8675186c12a5532dad5f25706eb6019c936983ed4945888898482ec1904338ec?s=96&d=mm&r=g\",\"caption\":\"LFSL\"},\"url\":\"https:\\\/\\\/www.lfsl.net\\\/en\\\/author\\\/lfsladmin\\\/\"}]}<\/script>\n<!-- \/ Yoast SEO plugin. -->","yoast_head_json":{"title":"Modalities of pedagogical continuity &#8211; Lyc\u00e9e Fran\u00e7ais Saint Louis de Stockholm","robots":{"index":"index","follow":"follow","max-snippet":"max-snippet:-1","max-image-preview":"max-image-preview:large","max-video-preview":"max-video-preview:-1"},"canonical":"https:\/\/www.lfsl.net\/en\/modalities-of-pedagogical-continuity\/","og_locale":"en_US","og_type":"article","og_title":"Modalities of pedagogical continuity &#8211; Lyc\u00e9e Fran\u00e7ais Saint Louis de Stockholm","og_description":"Dear parents, Dear students, During this period, when the LFSL no longer accomodates any students in its premises, the teachers will have to keep in touch with their pupils from 6\u00e8me to Terminale and ensure pedagogical continuity from school or from their home.Several teachers met today to think about pedagogical continuity and define some main ... Read more","og_url":"https:\/\/www.lfsl.net\/en\/modalities-of-pedagogical-continuity\/","og_site_name":"Lyc\u00e9e Fran\u00e7ais Saint Louis de Stockholm","article_publisher":"https:\/\/www.facebook.com\/Lyc%c3%a9e-Francais-Saint-Louis-182116921840529\/","article_published_time":"2020-03-16T16:49:31+00:00","article_modified_time":"2020-03-16T16:54:44+00:00","og_image":[{"width":1880,"height":1058,"url":"https:\/\/www.lfsl.net\/wp-content\/uploads\/2020\/03\/studying-at-home_crop.jpg","type":"image\/jpeg"}],"author":"LFSL","twitter_card":"summary_large_image","schema":{"@context":"https:\/\/schema.org","@graph":[{"@type":"Article","@id":"https:\/\/www.lfsl.net\/en\/modalities-of-pedagogical-continuity\/#article","isPartOf":{"@id":"https:\/\/www.lfsl.net\/en\/modalities-of-pedagogical-continuity\/"},"author":{"name":"LFSL","@id":"https:\/\/www.lfsl.net\/en\/#\/schema\/person\/b844e4fec0b6546045ed48d495805bfc"},"headline":"Modalities of pedagogical continuity","datePublished":"2020-03-16T16:49:31+00:00","dateModified":"2020-03-16T16:54:44+00:00","mainEntityOfPage":{"@id":"https:\/\/www.lfsl.net\/en\/modalities-of-pedagogical-continuity\/"},"wordCount":339,"publisher":{"@id":"https:\/\/www.lfsl.net\/en\/#organization"},"image":{"@id":"https:\/\/www.lfsl.net\/en\/modalities-of-pedagogical-continuity\/#primaryimage"},"thumbnailUrl":"https:\/\/www.lfsl.net\/wp-content\/uploads\/2020\/03\/studying-at-home_crop.jpg","inLanguage":"en-US"},{"@type":"WebPage","@id":"https:\/\/www.lfsl.net\/en\/modalities-of-pedagogical-continuity\/","url":"https:\/\/www.lfsl.net\/en\/modalities-of-pedagogical-continuity\/","name":"Modalities of pedagogical continuity &#8211; Lyc\u00e9e Fran\u00e7ais Saint Louis de Stockholm","isPartOf":{"@id":"https:\/\/www.lfsl.net\/en\/#website"},"primaryImageOfPage":{"@id":"https:\/\/www.lfsl.net\/en\/modalities-of-pedagogical-continuity\/#primaryimage"},"image":{"@id":"https:\/\/www.lfsl.net\/en\/modalities-of-pedagogical-continuity\/#primaryimage"},"thumbnailUrl":"https:\/\/www.lfsl.net\/wp-content\/uploads\/2020\/03\/studying-at-home_crop.jpg","datePublished":"2020-03-16T16:49:31+00:00","dateModified":"2020-03-16T16:54:44+00:00","breadcrumb":{"@id":"https:\/\/www.lfsl.net\/en\/modalities-of-pedagogical-continuity\/#breadcrumb"},"inLanguage":"en-US","potentialAction":[{"@type":"ReadAction","target":["https:\/\/www.lfsl.net\/en\/modalities-of-pedagogical-continuity\/"]}]},{"@type":"ImageObject","inLanguage":"en-US","@id":"https:\/\/www.lfsl.net\/en\/modalities-of-pedagogical-continuity\/#primaryimage","url":"https:\/\/www.lfsl.net\/wp-content\/uploads\/2020\/03\/studying-at-home_crop.jpg","contentUrl":"https:\/\/www.lfsl.net\/wp-content\/uploads\/2020\/03\/studying-at-home_crop.jpg","width":1880,"height":1058},{"@type":"BreadcrumbList","@id":"https:\/\/www.lfsl.net\/en\/modalities-of-pedagogical-continuity\/#breadcrumb","itemListElement":[{"@type":"ListItem","position":1,"name":"Home","item":"https:\/\/www.lfsl.net\/en\/"},{"@type":"ListItem","position":2,"name":"Modalities of pedagogical continuity"}]},{"@type":"WebSite","@id":"https:\/\/www.lfsl.net\/en\/#website","url":"https:\/\/www.lfsl.net\/en\/","name":"Lyc\u00e9e Fran\u00e7ais Saint Louis de Stockholm","description":"\u00c9tablissement membre du r\u00e9seau AEFE","publisher":{"@id":"https:\/\/www.lfsl.net\/en\/#organization"},"potentialAction":[{"@type":"SearchAction","target":{"@type":"EntryPoint","urlTemplate":"https:\/\/www.lfsl.net\/en\/?s={search_term_string}"},"query-input":{"@type":"PropertyValueSpecification","valueRequired":true,"valueName":"search_term_string"}}],"inLanguage":"en-US"},{"@type":"Organization","@id":"https:\/\/www.lfsl.net\/en\/#organization","name":"Lyc\u00e9e Fran\u00e7ais Saint Louis","url":"https:\/\/www.lfsl.net\/en\/","logo":{"@type":"ImageObject","inLanguage":"en-US","@id":"https:\/\/www.lfsl.net\/en\/#\/schema\/logo\/image\/","url":"https:\/\/www.lfsl.net\/wp-content\/uploads\/2021\/03\/LFSL-logo.jpg","contentUrl":"https:\/\/www.lfsl.net\/wp-content\/uploads\/2021\/03\/LFSL-logo.jpg","width":330,"height":473,"caption":"Lyc\u00e9e Fran\u00e7ais Saint Louis"},"image":{"@id":"https:\/\/www.lfsl.net\/en\/#\/schema\/logo\/image\/"},"sameAs":["https:\/\/www.facebook.com\/Lyc\u00e9e-Francais-Saint-Louis-182116921840529\/","https:\/\/www.instagram.com\/lyceefrancaisstockholm\/","https:\/\/www.linkedin.com\/school\/lfsl\/","https:\/\/www.youtube.com\/channel\/UCchS4IO4jE_YY0ILwn5NgGQ"]},{"@type":"Person","@id":"https:\/\/www.lfsl.net\/en\/#\/schema\/person\/b844e4fec0b6546045ed48d495805bfc","name":"LFSL","image":{"@type":"ImageObject","inLanguage":"en-US","@id":"https:\/\/secure.gravatar.com\/avatar\/8675186c12a5532dad5f25706eb6019c936983ed4945888898482ec1904338ec?s=96&d=mm&r=g","url":"https:\/\/secure.gravatar.com\/avatar\/8675186c12a5532dad5f25706eb6019c936983ed4945888898482ec1904338ec?s=96&d=mm&r=g","contentUrl":"https:\/\/secure.gravatar.com\/avatar\/8675186c12a5532dad5f25706eb6019c936983ed4945888898482ec1904338ec?s=96&d=mm&r=g","caption":"LFSL"},"url":"https:\/\/www.lfsl.net\/en\/author\/lfsladmin\/"}]}},"_links":{"self":[{"href":"https:\/\/www.lfsl.net\/en\/wp-json\/wp\/v2\/posts\/6945","targetHints":{"allow":["GET"]}}],"collection":[{"href":"https:\/\/www.lfsl.net\/en\/wp-json\/wp\/v2\/posts"}],"about":[{"href":"https:\/\/www.lfsl.net\/en\/wp-json\/wp\/v2\/types\/post"}],"author":[{"embeddable":true,"href":"https:\/\/www.lfsl.net\/en\/wp-json\/wp\/v2\/users\/1"}],"replies":[{"embeddable":true,"href":"https:\/\/www.lfsl.net\/en\/wp-json\/wp\/v2\/comments?post=6945"}],"version-history":[{"count":6,"href":"https:\/\/www.lfsl.net\/en\/wp-json\/wp\/v2\/posts\/6945\/revisions"}],"predecessor-version":[{"id":6951,"href":"https:\/\/www.lfsl.net\/en\/wp-json\/wp\/v2\/posts\/6945\/revisions\/6951"}],"wp:featuredmedia":[{"embeddable":true,"href":"https:\/\/www.lfsl.net\/en\/wp-json\/wp\/v2\/media\/6941"}],"wp:attachment":[{"href":"https:\/\/www.lfsl.net\/en\/wp-json\/wp\/v2\/media?parent=6945"}],"wp:term":[{"taxonomy":"category","embeddable":true,"href":"https:\/\/www.lfsl.net\/en\/wp-json\/wp\/v2\/categories?post=6945"},{"taxonomy":"post_tag","embeddable":true,"href":"https:\/\/www.lfsl.net\/en\/wp-json\/wp\/v2\/tags?post=6945"}],"curies":[{"name":"wp","href":"https:\/\/api.w.org\/{rel}","templated":true}]}}