{"id":7082,"date":"2020-03-27T13:25:49","date_gmt":"2020-03-27T13:25:49","guid":{"rendered":"https:\/\/www.lfsl.net\/?p=7082"},"modified":"2020-03-27T13:27:18","modified_gmt":"2020-03-27T13:27:18","slug":"re-registration-of-students-2020-2021","status":"publish","type":"post","link":"https:\/\/www.lfsl.net\/en\/re-registration-of-students-2020-2021\/","title":{"rendered":"Re-registration of students 2020-2021"},"content":{"rendered":"\n<p>Dear Parents,<br>We are happy to inform you that the period for re-registration of students for the school year the 2020-2021 will be open from Wednesday, April 1 until Wednesday, April 22, 2020.<br> <br>You can re-register your child digitally, via LFSL&#8217;s online platform for parent, EDUKA, which was set up last year. In order to do this, please use the following link: <a href=\"https:\/\/lfsl.eduka.school\/\">EDUKA<\/a><\/p>\n\n\n\n<p>For guidance, we recommend that you refer to the information in the registration guide.<br>We&#8217;d also ask you to note the new school charter.<br>For families with a child attending coll\u00e8ge or lyc\u00e9e, please also read the conditions for using the school lockers.<br><br>You find links to the documents (in French) below:<\/p>\n\n\n\n<p>\u2022    <a aria-label=\"le Manuel d'inscription (opens in a new tab)\" rel=\"noreferrer noopener\" href=\"https:\/\/www.lfsl.net\/wp-content\/uploads\/2020\/03\/GUIDE-INSCRIPTION-LFSL-EDUKA.pdf\" target=\"_blank\">le Manuel d&#8217;inscription<\/a> (registration manual)<br> \u2022   <a aria-label=\"la charte de scolarisation (opens in a new tab)\" rel=\"noreferrer noopener\" href=\"https:\/\/www.lfsl.net\/wp-content\/uploads\/2020\/03\/CHARTE-DE-SCOLARISATION-AU-LFSL.pdf\" target=\"_blank\">la charte de scolarisation<\/a> (school charter)<br> \u2022   <a href=\"https:\/\/www.lfsl.net\/wp-content\/uploads\/2020\/03\/CONDITION_UTILISATION_CASIERS_2020.pdf\" target=\"_blank\" rel=\"noreferrer noopener\" aria-label=\"les conditions d'utilisation des casiers (opens in a new tab)\">les conditions d&#8217;utilisation des casiers<\/a> (conditions for the use of school lockers)<\/p>\n","protected":false},"excerpt":{"rendered":"<p>Dear Parents,We are happy to inform you that the period for re-registration of students for the school year the 2020-2021 will be open from Wednesday, April 1 until Wednesday, April 22, 2020. You can re-register your child digitally, via LFSL&#8217;s online platform for parent, EDUKA, which was set up last year. In order to do &#8230; <\/p>\n<p class=\"read-more-container\"><a title=\"Re-registration of students 2020-2021\" class=\"read-more button\" href=\"https:\/\/www.lfsl.net\/en\/re-registration-of-students-2020-2021\/#more-7082\" aria-label=\"Read more about Re-registration of students 2020-2021\">Read more<\/a><\/p>\n","protected":false},"author":1,"featured_media":7067,"comment_status":"closed","ping_status":"closed","sticky":false,"template":"","format":"standard","meta":{"footnotes":""},"categories":[1],"tags":[],"class_list":["post-7082","post","type-post","status-publish","format-standard","has-post-thumbnail","hentry","category-uncategorized"],"yoast_head":"<!-- This site is optimized with the Yoast SEO plugin v27.4 - https:\/\/yoast.com\/product\/yoast-seo-wordpress\/ -->\n<title>Re-registration of students 2020-2021 &#8211; Lyc\u00e9e Fran\u00e7ais Saint Louis de Stockholm<\/title>\n<meta name=\"robots\" content=\"index, follow, max-snippet:-1, max-image-preview:large, max-video-preview:-1\" \/>\n<link rel=\"canonical\" href=\"https:\/\/www.lfsl.net\/en\/re-registration-of-students-2020-2021\/\" \/>\n<meta property=\"og:locale\" content=\"en_US\" \/>\n<meta property=\"og:type\" content=\"article\" \/>\n<meta property=\"og:title\" content=\"Re-registration of students 2020-2021 &#8211; Lyc\u00e9e Fran\u00e7ais Saint Louis de Stockholm\" \/>\n<meta property=\"og:description\" content=\"Dear Parents,We are happy to inform you that the period for re-registration of students for the school year the 2020-2021 will be open from Wednesday, April 1 until Wednesday, April 22, 2020. You can re-register your child digitally, via LFSL&#8217;s online platform for parent, EDUKA, which was set up last year. In order to do ... Read more\" \/>\n<meta property=\"og:url\" content=\"https:\/\/www.lfsl.net\/en\/re-registration-of-students-2020-2021\/\" \/>\n<meta property=\"og:site_name\" content=\"Lyc\u00e9e Fran\u00e7ais Saint Louis de Stockholm\" \/>\n<meta property=\"article:publisher\" content=\"https:\/\/www.facebook.com\/Lyc%c3%a9e-Francais-Saint-Louis-182116921840529\/\" \/>\n<meta property=\"article:published_time\" content=\"2020-03-27T13:25:49+00:00\" \/>\n<meta property=\"article:modified_time\" content=\"2020-03-27T13:27:18+00:00\" \/>\n<meta property=\"og:image\" content=\"https:\/\/www.lfsl.net\/wp-content\/uploads\/2020\/03\/R\u00e9inscription_crop.jpg\" \/>\n\t<meta property=\"og:image:width\" content=\"2247\" \/>\n\t<meta property=\"og:image:height\" content=\"1264\" \/>\n\t<meta property=\"og:image:type\" content=\"image\/jpeg\" \/>\n<meta name=\"author\" content=\"LFSL\" \/>\n<meta name=\"twitter:card\" content=\"summary_large_image\" \/>\n<script type=\"application\/ld+json\" class=\"yoast-schema-graph\">{\"@context\":\"https:\\\/\\\/schema.org\",\"@graph\":[{\"@type\":\"Article\",\"@id\":\"https:\\\/\\\/www.lfsl.net\\\/en\\\/re-registration-of-students-2020-2021\\\/#article\",\"isPartOf\":{\"@id\":\"https:\\\/\\\/www.lfsl.net\\\/en\\\/re-registration-of-students-2020-2021\\\/\"},\"author\":{\"name\":\"LFSL\",\"@id\":\"https:\\\/\\\/www.lfsl.net\\\/en\\\/#\\\/schema\\\/person\\\/b844e4fec0b6546045ed48d495805bfc\"},\"headline\":\"Re-registration of students 2020-2021\",\"datePublished\":\"2020-03-27T13:25:49+00:00\",\"dateModified\":\"2020-03-27T13:27:18+00:00\",\"mainEntityOfPage\":{\"@id\":\"https:\\\/\\\/www.lfsl.net\\\/en\\\/re-registration-of-students-2020-2021\\\/\"},\"wordCount\":145,\"publisher\":{\"@id\":\"https:\\\/\\\/www.lfsl.net\\\/en\\\/#organization\"},\"image\":{\"@id\":\"https:\\\/\\\/www.lfsl.net\\\/en\\\/re-registration-of-students-2020-2021\\\/#primaryimage\"},\"thumbnailUrl\":\"https:\\\/\\\/www.lfsl.net\\\/wp-content\\\/uploads\\\/2020\\\/03\\\/R\u00e9inscription_crop.jpg\",\"inLanguage\":\"en-US\"},{\"@type\":\"WebPage\",\"@id\":\"https:\\\/\\\/www.lfsl.net\\\/en\\\/re-registration-of-students-2020-2021\\\/\",\"url\":\"https:\\\/\\\/www.lfsl.net\\\/en\\\/re-registration-of-students-2020-2021\\\/\",\"name\":\"Re-registration of students 2020-2021 &#8211; Lyc\u00e9e Fran\u00e7ais Saint Louis de Stockholm\",\"isPartOf\":{\"@id\":\"https:\\\/\\\/www.lfsl.net\\\/en\\\/#website\"},\"primaryImageOfPage\":{\"@id\":\"https:\\\/\\\/www.lfsl.net\\\/en\\\/re-registration-of-students-2020-2021\\\/#primaryimage\"},\"image\":{\"@id\":\"https:\\\/\\\/www.lfsl.net\\\/en\\\/re-registration-of-students-2020-2021\\\/#primaryimage\"},\"thumbnailUrl\":\"https:\\\/\\\/www.lfsl.net\\\/wp-content\\\/uploads\\\/2020\\\/03\\\/R\u00e9inscription_crop.jpg\",\"datePublished\":\"2020-03-27T13:25:49+00:00\",\"dateModified\":\"2020-03-27T13:27:18+00:00\",\"breadcrumb\":{\"@id\":\"https:\\\/\\\/www.lfsl.net\\\/en\\\/re-registration-of-students-2020-2021\\\/#breadcrumb\"},\"inLanguage\":\"en-US\",\"potentialAction\":[{\"@type\":\"ReadAction\",\"target\":[\"https:\\\/\\\/www.lfsl.net\\\/en\\\/re-registration-of-students-2020-2021\\\/\"]}]},{\"@type\":\"ImageObject\",\"inLanguage\":\"en-US\",\"@id\":\"https:\\\/\\\/www.lfsl.net\\\/en\\\/re-registration-of-students-2020-2021\\\/#primaryimage\",\"url\":\"https:\\\/\\\/www.lfsl.net\\\/wp-content\\\/uploads\\\/2020\\\/03\\\/R\u00e9inscription_crop.jpg\",\"contentUrl\":\"https:\\\/\\\/www.lfsl.net\\\/wp-content\\\/uploads\\\/2020\\\/03\\\/R\u00e9inscription_crop.jpg\",\"width\":2247,\"height\":1264},{\"@type\":\"BreadcrumbList\",\"@id\":\"https:\\\/\\\/www.lfsl.net\\\/en\\\/re-registration-of-students-2020-2021\\\/#breadcrumb\",\"itemListElement\":[{\"@type\":\"ListItem\",\"position\":1,\"name\":\"Home\",\"item\":\"https:\\\/\\\/www.lfsl.net\\\/en\\\/\"},{\"@type\":\"ListItem\",\"position\":2,\"name\":\"Re-registration of students 2020-2021\"}]},{\"@type\":\"WebSite\",\"@id\":\"https:\\\/\\\/www.lfsl.net\\\/en\\\/#website\",\"url\":\"https:\\\/\\\/www.lfsl.net\\\/en\\\/\",\"name\":\"Lyc\u00e9e Fran\u00e7ais Saint Louis de Stockholm\",\"description\":\"\u00c9tablissement membre du r\u00e9seau AEFE\",\"publisher\":{\"@id\":\"https:\\\/\\\/www.lfsl.net\\\/en\\\/#organization\"},\"potentialAction\":[{\"@type\":\"SearchAction\",\"target\":{\"@type\":\"EntryPoint\",\"urlTemplate\":\"https:\\\/\\\/www.lfsl.net\\\/en\\\/?s={search_term_string}\"},\"query-input\":{\"@type\":\"PropertyValueSpecification\",\"valueRequired\":true,\"valueName\":\"search_term_string\"}}],\"inLanguage\":\"en-US\"},{\"@type\":\"Organization\",\"@id\":\"https:\\\/\\\/www.lfsl.net\\\/en\\\/#organization\",\"name\":\"Lyc\u00e9e Fran\u00e7ais Saint Louis\",\"url\":\"https:\\\/\\\/www.lfsl.net\\\/en\\\/\",\"logo\":{\"@type\":\"ImageObject\",\"inLanguage\":\"en-US\",\"@id\":\"https:\\\/\\\/www.lfsl.net\\\/en\\\/#\\\/schema\\\/logo\\\/image\\\/\",\"url\":\"https:\\\/\\\/www.lfsl.net\\\/wp-content\\\/uploads\\\/2021\\\/03\\\/LFSL-logo.jpg\",\"contentUrl\":\"https:\\\/\\\/www.lfsl.net\\\/wp-content\\\/uploads\\\/2021\\\/03\\\/LFSL-logo.jpg\",\"width\":330,\"height\":473,\"caption\":\"Lyc\u00e9e Fran\u00e7ais Saint Louis\"},\"image\":{\"@id\":\"https:\\\/\\\/www.lfsl.net\\\/en\\\/#\\\/schema\\\/logo\\\/image\\\/\"},\"sameAs\":[\"https:\\\/\\\/www.facebook.com\\\/Lyc\u00e9e-Francais-Saint-Louis-182116921840529\\\/\",\"https:\\\/\\\/www.instagram.com\\\/lyceefrancaisstockholm\\\/\",\"https:\\\/\\\/www.linkedin.com\\\/school\\\/lfsl\\\/\",\"https:\\\/\\\/www.youtube.com\\\/channel\\\/UCchS4IO4jE_YY0ILwn5NgGQ\"]},{\"@type\":\"Person\",\"@id\":\"https:\\\/\\\/www.lfsl.net\\\/en\\\/#\\\/schema\\\/person\\\/b844e4fec0b6546045ed48d495805bfc\",\"name\":\"LFSL\",\"image\":{\"@type\":\"ImageObject\",\"inLanguage\":\"en-US\",\"@id\":\"https:\\\/\\\/secure.gravatar.com\\\/avatar\\\/8675186c12a5532dad5f25706eb6019c936983ed4945888898482ec1904338ec?s=96&d=mm&r=g\",\"url\":\"https:\\\/\\\/secure.gravatar.com\\\/avatar\\\/8675186c12a5532dad5f25706eb6019c936983ed4945888898482ec1904338ec?s=96&d=mm&r=g\",\"contentUrl\":\"https:\\\/\\\/secure.gravatar.com\\\/avatar\\\/8675186c12a5532dad5f25706eb6019c936983ed4945888898482ec1904338ec?s=96&d=mm&r=g\",\"caption\":\"LFSL\"},\"url\":\"https:\\\/\\\/www.lfsl.net\\\/en\\\/author\\\/lfsladmin\\\/\"}]}<\/script>\n<!-- \/ Yoast SEO plugin. -->","yoast_head_json":{"title":"Re-registration of students 2020-2021 &#8211; Lyc\u00e9e Fran\u00e7ais Saint Louis de Stockholm","robots":{"index":"index","follow":"follow","max-snippet":"max-snippet:-1","max-image-preview":"max-image-preview:large","max-video-preview":"max-video-preview:-1"},"canonical":"https:\/\/www.lfsl.net\/en\/re-registration-of-students-2020-2021\/","og_locale":"en_US","og_type":"article","og_title":"Re-registration of students 2020-2021 &#8211; Lyc\u00e9e Fran\u00e7ais Saint Louis de Stockholm","og_description":"Dear Parents,We are happy to inform you that the period for re-registration of students for the school year the 2020-2021 will be open from Wednesday, April 1 until Wednesday, April 22, 2020. You can re-register your child digitally, via LFSL&#8217;s online platform for parent, EDUKA, which was set up last year. In order to do ... Read more","og_url":"https:\/\/www.lfsl.net\/en\/re-registration-of-students-2020-2021\/","og_site_name":"Lyc\u00e9e Fran\u00e7ais Saint Louis de Stockholm","article_publisher":"https:\/\/www.facebook.com\/Lyc%c3%a9e-Francais-Saint-Louis-182116921840529\/","article_published_time":"2020-03-27T13:25:49+00:00","article_modified_time":"2020-03-27T13:27:18+00:00","og_image":[{"width":2247,"height":1264,"url":"https:\/\/www.lfsl.net\/wp-content\/uploads\/2020\/03\/R\u00e9inscription_crop.jpg","type":"image\/jpeg"}],"author":"LFSL","twitter_card":"summary_large_image","schema":{"@context":"https:\/\/schema.org","@graph":[{"@type":"Article","@id":"https:\/\/www.lfsl.net\/en\/re-registration-of-students-2020-2021\/#article","isPartOf":{"@id":"https:\/\/www.lfsl.net\/en\/re-registration-of-students-2020-2021\/"},"author":{"name":"LFSL","@id":"https:\/\/www.lfsl.net\/en\/#\/schema\/person\/b844e4fec0b6546045ed48d495805bfc"},"headline":"Re-registration of students 2020-2021","datePublished":"2020-03-27T13:25:49+00:00","dateModified":"2020-03-27T13:27:18+00:00","mainEntityOfPage":{"@id":"https:\/\/www.lfsl.net\/en\/re-registration-of-students-2020-2021\/"},"wordCount":145,"publisher":{"@id":"https:\/\/www.lfsl.net\/en\/#organization"},"image":{"@id":"https:\/\/www.lfsl.net\/en\/re-registration-of-students-2020-2021\/#primaryimage"},"thumbnailUrl":"https:\/\/www.lfsl.net\/wp-content\/uploads\/2020\/03\/R\u00e9inscription_crop.jpg","inLanguage":"en-US"},{"@type":"WebPage","@id":"https:\/\/www.lfsl.net\/en\/re-registration-of-students-2020-2021\/","url":"https:\/\/www.lfsl.net\/en\/re-registration-of-students-2020-2021\/","name":"Re-registration of students 2020-2021 &#8211; Lyc\u00e9e Fran\u00e7ais Saint Louis de Stockholm","isPartOf":{"@id":"https:\/\/www.lfsl.net\/en\/#website"},"primaryImageOfPage":{"@id":"https:\/\/www.lfsl.net\/en\/re-registration-of-students-2020-2021\/#primaryimage"},"image":{"@id":"https:\/\/www.lfsl.net\/en\/re-registration-of-students-2020-2021\/#primaryimage"},"thumbnailUrl":"https:\/\/www.lfsl.net\/wp-content\/uploads\/2020\/03\/R\u00e9inscription_crop.jpg","datePublished":"2020-03-27T13:25:49+00:00","dateModified":"2020-03-27T13:27:18+00:00","breadcrumb":{"@id":"https:\/\/www.lfsl.net\/en\/re-registration-of-students-2020-2021\/#breadcrumb"},"inLanguage":"en-US","potentialAction":[{"@type":"ReadAction","target":["https:\/\/www.lfsl.net\/en\/re-registration-of-students-2020-2021\/"]}]},{"@type":"ImageObject","inLanguage":"en-US","@id":"https:\/\/www.lfsl.net\/en\/re-registration-of-students-2020-2021\/#primaryimage","url":"https:\/\/www.lfsl.net\/wp-content\/uploads\/2020\/03\/R\u00e9inscription_crop.jpg","contentUrl":"https:\/\/www.lfsl.net\/wp-content\/uploads\/2020\/03\/R\u00e9inscription_crop.jpg","width":2247,"height":1264},{"@type":"BreadcrumbList","@id":"https:\/\/www.lfsl.net\/en\/re-registration-of-students-2020-2021\/#breadcrumb","itemListElement":[{"@type":"ListItem","position":1,"name":"Home","item":"https:\/\/www.lfsl.net\/en\/"},{"@type":"ListItem","position":2,"name":"Re-registration of students 2020-2021"}]},{"@type":"WebSite","@id":"https:\/\/www.lfsl.net\/en\/#website","url":"https:\/\/www.lfsl.net\/en\/","name":"Lyc\u00e9e Fran\u00e7ais Saint Louis de Stockholm","description":"\u00c9tablissement membre du r\u00e9seau AEFE","publisher":{"@id":"https:\/\/www.lfsl.net\/en\/#organization"},"potentialAction":[{"@type":"SearchAction","target":{"@type":"EntryPoint","urlTemplate":"https:\/\/www.lfsl.net\/en\/?s={search_term_string}"},"query-input":{"@type":"PropertyValueSpecification","valueRequired":true,"valueName":"search_term_string"}}],"inLanguage":"en-US"},{"@type":"Organization","@id":"https:\/\/www.lfsl.net\/en\/#organization","name":"Lyc\u00e9e Fran\u00e7ais Saint Louis","url":"https:\/\/www.lfsl.net\/en\/","logo":{"@type":"ImageObject","inLanguage":"en-US","@id":"https:\/\/www.lfsl.net\/en\/#\/schema\/logo\/image\/","url":"https:\/\/www.lfsl.net\/wp-content\/uploads\/2021\/03\/LFSL-logo.jpg","contentUrl":"https:\/\/www.lfsl.net\/wp-content\/uploads\/2021\/03\/LFSL-logo.jpg","width":330,"height":473,"caption":"Lyc\u00e9e Fran\u00e7ais Saint Louis"},"image":{"@id":"https:\/\/www.lfsl.net\/en\/#\/schema\/logo\/image\/"},"sameAs":["https:\/\/www.facebook.com\/Lyc\u00e9e-Francais-Saint-Louis-182116921840529\/","https:\/\/www.instagram.com\/lyceefrancaisstockholm\/","https:\/\/www.linkedin.com\/school\/lfsl\/","https:\/\/www.youtube.com\/channel\/UCchS4IO4jE_YY0ILwn5NgGQ"]},{"@type":"Person","@id":"https:\/\/www.lfsl.net\/en\/#\/schema\/person\/b844e4fec0b6546045ed48d495805bfc","name":"LFSL","image":{"@type":"ImageObject","inLanguage":"en-US","@id":"https:\/\/secure.gravatar.com\/avatar\/8675186c12a5532dad5f25706eb6019c936983ed4945888898482ec1904338ec?s=96&d=mm&r=g","url":"https:\/\/secure.gravatar.com\/avatar\/8675186c12a5532dad5f25706eb6019c936983ed4945888898482ec1904338ec?s=96&d=mm&r=g","contentUrl":"https:\/\/secure.gravatar.com\/avatar\/8675186c12a5532dad5f25706eb6019c936983ed4945888898482ec1904338ec?s=96&d=mm&r=g","caption":"LFSL"},"url":"https:\/\/www.lfsl.net\/en\/author\/lfsladmin\/"}]}},"_links":{"self":[{"href":"https:\/\/www.lfsl.net\/en\/wp-json\/wp\/v2\/posts\/7082","targetHints":{"allow":["GET"]}}],"collection":[{"href":"https:\/\/www.lfsl.net\/en\/wp-json\/wp\/v2\/posts"}],"about":[{"href":"https:\/\/www.lfsl.net\/en\/wp-json\/wp\/v2\/types\/post"}],"author":[{"embeddable":true,"href":"https:\/\/www.lfsl.net\/en\/wp-json\/wp\/v2\/users\/1"}],"replies":[{"embeddable":true,"href":"https:\/\/www.lfsl.net\/en\/wp-json\/wp\/v2\/comments?post=7082"}],"version-history":[{"count":2,"href":"https:\/\/www.lfsl.net\/en\/wp-json\/wp\/v2\/posts\/7082\/revisions"}],"predecessor-version":[{"id":7084,"href":"https:\/\/www.lfsl.net\/en\/wp-json\/wp\/v2\/posts\/7082\/revisions\/7084"}],"wp:featuredmedia":[{"embeddable":true,"href":"https:\/\/www.lfsl.net\/en\/wp-json\/wp\/v2\/media\/7067"}],"wp:attachment":[{"href":"https:\/\/www.lfsl.net\/en\/wp-json\/wp\/v2\/media?parent=7082"}],"wp:term":[{"taxonomy":"category","embeddable":true,"href":"https:\/\/www.lfsl.net\/en\/wp-json\/wp\/v2\/categories?post=7082"},{"taxonomy":"post_tag","embeddable":true,"href":"https:\/\/www.lfsl.net\/en\/wp-json\/wp\/v2\/tags?post=7082"}],"curies":[{"name":"wp","href":"https:\/\/api.w.org\/{rel}","templated":true}]}}