{"id":9717,"date":"2021-01-04T16:43:41","date_gmt":"2021-01-04T16:43:41","guid":{"rendered":"https:\/\/www.lfsl.net\/?p=9717"},"modified":"2021-01-07T16:43:53","modified_gmt":"2021-01-07T16:43:53","slug":"endlich-meine-shultute-finally-my-school-cone","status":"publish","type":"post","link":"https:\/\/www.lfsl.net\/en\/endlich-meine-shultute-finally-my-school-cone\/","title":{"rendered":"&#8220;Endlich meine Sh\u00fcltute!&#8221; &#8211; Finally My &#8220;School Cone&#8221;!"},"content":{"rendered":"\n<p>What a great surprise at the beginning of the school year!!<\/p>\n\n\n\n<p>It was not\nso much learning the German alphabet or the days and months that enthused the\n25 students in the 5th grade, who started in German as LV2, but it was the\nfamous &#8220;Schult\u00fcten&#8221;.<\/p>\n\n\n\n<p>Usually, it\nis the young German students who start first grade in school who are offered\ntheir &#8220;school bag&#8221;. Parents and grandparents struggle to secretly\nmake the most beautiful Schult\u00fcten, which they then fill with school supplies,\na mini-cuddly toy, irresistible Haribo and many other things &#8230;<\/p>\n\n\n\n<p>At LFSL, we\nhave adapted this tradition &#8230;<\/p>\n\n\n\n<p>In June\n2020, back from a long period of distance learning at home, the then German\nstudents in 5<sup>th<\/sup> grade took the opportunity to, with great joy, make\ntheir own Schult\u00fcten for their future classmates who would start German to\ncelebrate their debut in the German language. A real art class!<\/p>\n\n\n\n<p>In August\n2020, they polished their decorations and filled them with everything that some\nGerman institutions in Stockholm had generously sent us.<\/p>\n\n\n\n<p>And it was\nin a good mood and with pride that three Germanists in the 4th grade came to\nhand out their so called &#8220;Schult\u00fcten&#8221;.<\/p>\n\n\n\n<p>All that\nremained for the students in the 5th grade was to work well in class to be able\nto answer the postcards that were found in the cones, among balloons in\nGermany&#8217;s colors and the embassy pen &#8230;<\/p>\n\n\n\n<p>Thank you\nto the students in 4\u00e8me for their participation and their enthusiasm!<\/p>\n\n\n\n<p>Thanks to\nthe German Embassy in Sweden, the Swedish-German Chamber of Commerce and the\nGoethe-Institut in Stockholm for their generosity.<\/p>\n\n\n\n<p>Ein tolles neues Schuljahr an allen!<\/p>\n\n\n\n<ul class=\"wp-block-gallery columns-3 is-cropped wp-block-gallery-1 is-layout-flex wp-block-gallery-is-layout-flex\"><li class=\"blocks-gallery-item\"><figure><img loading=\"lazy\" decoding=\"async\" width=\"1200\" height=\"718\" src=\"https:\/\/www.lfsl.net\/wp-content\/uploads\/2021\/01\/Bild_5-1200x718.jpeg\" alt=\"\" data-id=\"9708\" data-link=\"https:\/\/www.lfsl.net\/en\/bild_5-2\/\" class=\"wp-image-9708\" srcset=\"https:\/\/www.lfsl.net\/wp-content\/uploads\/2021\/01\/Bild_5-1200x718.jpeg 1200w, https:\/\/www.lfsl.net\/wp-content\/uploads\/2021\/01\/Bild_5-600x359.jpeg 600w, https:\/\/www.lfsl.net\/wp-content\/uploads\/2021\/01\/Bild_5-768x460.jpeg 768w, https:\/\/www.lfsl.net\/wp-content\/uploads\/2021\/01\/Bild_5.jpeg 1673w\" sizes=\"auto, (max-width: 1200px) 100vw, 1200px\" \/><\/figure><\/li><li class=\"blocks-gallery-item\"><figure><img loading=\"lazy\" decoding=\"async\" width=\"750\" height=\"1000\" src=\"https:\/\/www.lfsl.net\/wp-content\/uploads\/2021\/01\/Bild_4.jpeg\" alt=\"\" data-id=\"9705\" data-link=\"https:\/\/www.lfsl.net\/en\/bild_4-2\/\" class=\"wp-image-9705\" srcset=\"https:\/\/www.lfsl.net\/wp-content\/uploads\/2021\/01\/Bild_4.jpeg 750w, https:\/\/www.lfsl.net\/wp-content\/uploads\/2021\/01\/Bild_4-450x600.jpeg 450w\" sizes=\"auto, (max-width: 750px) 100vw, 750px\" \/><\/figure><\/li><li class=\"blocks-gallery-item\"><figure><img loading=\"lazy\" decoding=\"async\" width=\"1200\" height=\"892\" src=\"https:\/\/www.lfsl.net\/wp-content\/uploads\/2021\/01\/Bild_3-1200x892.jpeg\" alt=\"\" data-id=\"9702\" data-link=\"https:\/\/www.lfsl.net\/en\/bild_3-2\/\" class=\"wp-image-9702\" srcset=\"https:\/\/www.lfsl.net\/wp-content\/uploads\/2021\/01\/Bild_3-1200x892.jpeg 1200w, https:\/\/www.lfsl.net\/wp-content\/uploads\/2021\/01\/Bild_3-600x446.jpeg 600w, https:\/\/www.lfsl.net\/wp-content\/uploads\/2021\/01\/Bild_3-768x571.jpeg 768w, https:\/\/www.lfsl.net\/wp-content\/uploads\/2021\/01\/Bild_3.jpeg 1346w\" sizes=\"auto, (max-width: 1200px) 100vw, 1200px\" \/><\/figure><\/li><li class=\"blocks-gallery-item\"><figure><img loading=\"lazy\" decoding=\"async\" width=\"1200\" height=\"900\" src=\"https:\/\/www.lfsl.net\/wp-content\/uploads\/2021\/01\/Bild_2-1200x900.jpeg\" alt=\"\" data-id=\"9699\" data-link=\"https:\/\/www.lfsl.net\/en\/bild_2-2\/\" class=\"wp-image-9699\" srcset=\"https:\/\/www.lfsl.net\/wp-content\/uploads\/2021\/01\/Bild_2-1200x900.jpeg 1200w, https:\/\/www.lfsl.net\/wp-content\/uploads\/2021\/01\/Bild_2-600x450.jpeg 600w, https:\/\/www.lfsl.net\/wp-content\/uploads\/2021\/01\/Bild_2-768x576.jpeg 768w, https:\/\/www.lfsl.net\/wp-content\/uploads\/2021\/01\/Bild_2.jpeg 1334w\" sizes=\"auto, (max-width: 1200px) 100vw, 1200px\" \/><\/figure><\/li><li class=\"blocks-gallery-item\"><figure><img loading=\"lazy\" decoding=\"async\" width=\"1200\" height=\"748\" src=\"https:\/\/www.lfsl.net\/wp-content\/uploads\/2021\/01\/Bild-1-1200x748.jpeg\" alt=\"\" data-id=\"9696\" data-link=\"https:\/\/www.lfsl.net\/en\/bild-1-2\/\" class=\"wp-image-9696\" srcset=\"https:\/\/www.lfsl.net\/wp-content\/uploads\/2021\/01\/Bild-1-1200x748.jpeg 1200w, https:\/\/www.lfsl.net\/wp-content\/uploads\/2021\/01\/Bild-1-600x374.jpeg 600w, https:\/\/www.lfsl.net\/wp-content\/uploads\/2021\/01\/Bild-1-768x479.jpeg 768w, https:\/\/www.lfsl.net\/wp-content\/uploads\/2021\/01\/Bild-1.jpeg 1389w\" sizes=\"auto, (max-width: 1200px) 100vw, 1200px\" \/><\/figure><\/li><li class=\"blocks-gallery-item\"><figure><img loading=\"lazy\" decoding=\"async\" width=\"1200\" height=\"718\" src=\"https:\/\/www.lfsl.net\/wp-content\/uploads\/2021\/01\/20200902_115403-1200x718.jpg\" alt=\"\" data-id=\"9693\" data-link=\"https:\/\/www.lfsl.net\/en\/20200902_115403-2\/\" class=\"wp-image-9693\" srcset=\"https:\/\/www.lfsl.net\/wp-content\/uploads\/2021\/01\/20200902_115403-1200x718.jpg 1200w, https:\/\/www.lfsl.net\/wp-content\/uploads\/2021\/01\/20200902_115403-600x359.jpg 600w, https:\/\/www.lfsl.net\/wp-content\/uploads\/2021\/01\/20200902_115403-768x459.jpg 768w\" sizes=\"auto, (max-width: 1200px) 100vw, 1200px\" \/><\/figure><\/li><li class=\"blocks-gallery-item\"><figure><img loading=\"lazy\" decoding=\"async\" width=\"724\" height=\"1024\" src=\"https:\/\/www.lfsl.net\/wp-content\/uploads\/2021\/01\/affiche-Schult\u00fcten-724x1024.jpg\" alt=\"\" data-id=\"9711\" data-link=\"https:\/\/www.lfsl.net\/en\/affiche-schultuten-2\/\" class=\"wp-image-9711\" srcset=\"https:\/\/www.lfsl.net\/wp-content\/uploads\/2021\/01\/affiche-Schult\u00fcten-724x1024.jpg 724w, https:\/\/www.lfsl.net\/wp-content\/uploads\/2021\/01\/affiche-Schult\u00fcten-424x600.jpg 424w, https:\/\/www.lfsl.net\/wp-content\/uploads\/2021\/01\/affiche-Schult\u00fcten-768x1086.jpg 768w, https:\/\/www.lfsl.net\/wp-content\/uploads\/2021\/01\/affiche-Schult\u00fcten.jpg 1587w\" sizes=\"auto, (max-width: 724px) 100vw, 724px\" \/><\/figure><\/li><\/ul>\n","protected":false},"excerpt":{"rendered":"<p>What a great surprise at the beginning of the school year!! It was not so much learning the German alphabet or the days and months that enthused the 25 students in the 5th grade, who started in German as LV2, but it was the famous &#8220;Schult\u00fcten&#8221;. Usually, it is the young German students who start &#8230; <\/p>\n<p class=\"read-more-container\"><a title=\"&#8220;Endlich meine Sh\u00fcltute!&#8221; &#8211; Finally My &#8220;School Cone&#8221;!\" class=\"read-more button\" href=\"https:\/\/www.lfsl.net\/en\/endlich-meine-shultute-finally-my-school-cone\/#more-9717\" aria-label=\"Read more about &#8220;Endlich meine Sh\u00fcltute!&#8221; &#8211; Finally My &#8220;School Cone&#8221;!\">Read more<\/a><\/p>\n","protected":false},"author":1,"featured_media":9690,"comment_status":"closed","ping_status":"closed","sticky":false,"template":"","format":"standard","meta":{"footnotes":""},"categories":[1],"tags":[],"class_list":["post-9717","post","type-post","status-publish","format-standard","has-post-thumbnail","hentry","category-uncategorized"],"yoast_head":"<!-- This site is optimized with the Yoast SEO plugin v27.4 - https:\/\/yoast.com\/product\/yoast-seo-wordpress\/ -->\n<title>&quot;Endlich meine Sh\u00fcltute!&quot; - Finally My &quot;School Cone&quot;! &#8211; Lyc\u00e9e Fran\u00e7ais Saint Louis de Stockholm<\/title>\n<meta name=\"robots\" content=\"index, follow, max-snippet:-1, max-image-preview:large, max-video-preview:-1\" \/>\n<link rel=\"canonical\" href=\"https:\/\/www.lfsl.net\/en\/endlich-meine-shultute-finally-my-school-cone\/\" \/>\n<meta property=\"og:locale\" content=\"en_US\" \/>\n<meta property=\"og:type\" content=\"article\" \/>\n<meta property=\"og:title\" content=\"&quot;Endlich meine Sh\u00fcltute!&quot; - Finally My &quot;School Cone&quot;! &#8211; Lyc\u00e9e Fran\u00e7ais Saint Louis de Stockholm\" \/>\n<meta property=\"og:description\" content=\"What a great surprise at the beginning of the school year!! It was not so much learning the German alphabet or the days and months that enthused the 25 students in the 5th grade, who started in German as LV2, but it was the famous &#8220;Schult\u00fcten&#8221;. Usually, it is the young German students who start ... Read more\" \/>\n<meta property=\"og:url\" content=\"https:\/\/www.lfsl.net\/en\/endlich-meine-shultute-finally-my-school-cone\/\" \/>\n<meta property=\"og:site_name\" content=\"Lyc\u00e9e Fran\u00e7ais Saint Louis de Stockholm\" \/>\n<meta property=\"article:publisher\" content=\"https:\/\/www.facebook.com\/Lyc%c3%a9e-Francais-Saint-Louis-182116921840529\/\" \/>\n<meta property=\"article:published_time\" content=\"2021-01-04T16:43:41+00:00\" \/>\n<meta property=\"article:modified_time\" content=\"2021-01-07T16:43:53+00:00\" \/>\n<meta property=\"og:image\" content=\"https:\/\/www.lfsl.net\/wp-content\/uploads\/2021\/01\/affiche-Schult\u00fcten_crop.jpg\" \/>\n\t<meta property=\"og:image:width\" content=\"1587\" \/>\n\t<meta property=\"og:image:height\" content=\"893\" \/>\n\t<meta property=\"og:image:type\" content=\"image\/jpeg\" \/>\n<meta name=\"author\" content=\"LFSL\" \/>\n<meta name=\"twitter:card\" content=\"summary_large_image\" \/>\n<script type=\"application\/ld+json\" class=\"yoast-schema-graph\">{\"@context\":\"https:\\\/\\\/schema.org\",\"@graph\":[{\"@type\":\"Article\",\"@id\":\"https:\\\/\\\/www.lfsl.net\\\/en\\\/endlich-meine-shultute-finally-my-school-cone\\\/#article\",\"isPartOf\":{\"@id\":\"https:\\\/\\\/www.lfsl.net\\\/en\\\/endlich-meine-shultute-finally-my-school-cone\\\/\"},\"author\":{\"name\":\"LFSL\",\"@id\":\"https:\\\/\\\/www.lfsl.net\\\/en\\\/#\\\/schema\\\/person\\\/b844e4fec0b6546045ed48d495805bfc\"},\"headline\":\"&#8220;Endlich meine Sh\u00fcltute!&#8221; &#8211; Finally My &#8220;School Cone&#8221;!\",\"datePublished\":\"2021-01-04T16:43:41+00:00\",\"dateModified\":\"2021-01-07T16:43:53+00:00\",\"mainEntityOfPage\":{\"@id\":\"https:\\\/\\\/www.lfsl.net\\\/en\\\/endlich-meine-shultute-finally-my-school-cone\\\/\"},\"wordCount\":285,\"publisher\":{\"@id\":\"https:\\\/\\\/www.lfsl.net\\\/en\\\/#organization\"},\"image\":{\"@id\":\"https:\\\/\\\/www.lfsl.net\\\/en\\\/endlich-meine-shultute-finally-my-school-cone\\\/#primaryimage\"},\"thumbnailUrl\":\"https:\\\/\\\/www.lfsl.net\\\/wp-content\\\/uploads\\\/2021\\\/01\\\/affiche-Schult\u00fcten_crop.jpg\",\"inLanguage\":\"en-US\"},{\"@type\":\"WebPage\",\"@id\":\"https:\\\/\\\/www.lfsl.net\\\/en\\\/endlich-meine-shultute-finally-my-school-cone\\\/\",\"url\":\"https:\\\/\\\/www.lfsl.net\\\/en\\\/endlich-meine-shultute-finally-my-school-cone\\\/\",\"name\":\"\\\"Endlich meine Sh\u00fcltute!\\\" - Finally My \\\"School Cone\\\"! &#8211; Lyc\u00e9e Fran\u00e7ais Saint Louis de Stockholm\",\"isPartOf\":{\"@id\":\"https:\\\/\\\/www.lfsl.net\\\/en\\\/#website\"},\"primaryImageOfPage\":{\"@id\":\"https:\\\/\\\/www.lfsl.net\\\/en\\\/endlich-meine-shultute-finally-my-school-cone\\\/#primaryimage\"},\"image\":{\"@id\":\"https:\\\/\\\/www.lfsl.net\\\/en\\\/endlich-meine-shultute-finally-my-school-cone\\\/#primaryimage\"},\"thumbnailUrl\":\"https:\\\/\\\/www.lfsl.net\\\/wp-content\\\/uploads\\\/2021\\\/01\\\/affiche-Schult\u00fcten_crop.jpg\",\"datePublished\":\"2021-01-04T16:43:41+00:00\",\"dateModified\":\"2021-01-07T16:43:53+00:00\",\"breadcrumb\":{\"@id\":\"https:\\\/\\\/www.lfsl.net\\\/en\\\/endlich-meine-shultute-finally-my-school-cone\\\/#breadcrumb\"},\"inLanguage\":\"en-US\",\"potentialAction\":[{\"@type\":\"ReadAction\",\"target\":[\"https:\\\/\\\/www.lfsl.net\\\/en\\\/endlich-meine-shultute-finally-my-school-cone\\\/\"]}]},{\"@type\":\"ImageObject\",\"inLanguage\":\"en-US\",\"@id\":\"https:\\\/\\\/www.lfsl.net\\\/en\\\/endlich-meine-shultute-finally-my-school-cone\\\/#primaryimage\",\"url\":\"https:\\\/\\\/www.lfsl.net\\\/wp-content\\\/uploads\\\/2021\\\/01\\\/affiche-Schult\u00fcten_crop.jpg\",\"contentUrl\":\"https:\\\/\\\/www.lfsl.net\\\/wp-content\\\/uploads\\\/2021\\\/01\\\/affiche-Schult\u00fcten_crop.jpg\",\"width\":1587,\"height\":893},{\"@type\":\"BreadcrumbList\",\"@id\":\"https:\\\/\\\/www.lfsl.net\\\/en\\\/endlich-meine-shultute-finally-my-school-cone\\\/#breadcrumb\",\"itemListElement\":[{\"@type\":\"ListItem\",\"position\":1,\"name\":\"Home\",\"item\":\"https:\\\/\\\/www.lfsl.net\\\/en\\\/\"},{\"@type\":\"ListItem\",\"position\":2,\"name\":\"&#8220;Endlich meine Sh\u00fcltute!&#8221; &#8211; Finally My &#8220;School Cone&#8221;!\"}]},{\"@type\":\"WebSite\",\"@id\":\"https:\\\/\\\/www.lfsl.net\\\/en\\\/#website\",\"url\":\"https:\\\/\\\/www.lfsl.net\\\/en\\\/\",\"name\":\"Lyc\u00e9e Fran\u00e7ais Saint Louis de Stockholm\",\"description\":\"\u00c9tablissement membre du r\u00e9seau AEFE\",\"publisher\":{\"@id\":\"https:\\\/\\\/www.lfsl.net\\\/en\\\/#organization\"},\"potentialAction\":[{\"@type\":\"SearchAction\",\"target\":{\"@type\":\"EntryPoint\",\"urlTemplate\":\"https:\\\/\\\/www.lfsl.net\\\/en\\\/?s={search_term_string}\"},\"query-input\":{\"@type\":\"PropertyValueSpecification\",\"valueRequired\":true,\"valueName\":\"search_term_string\"}}],\"inLanguage\":\"en-US\"},{\"@type\":\"Organization\",\"@id\":\"https:\\\/\\\/www.lfsl.net\\\/en\\\/#organization\",\"name\":\"Lyc\u00e9e Fran\u00e7ais Saint Louis\",\"url\":\"https:\\\/\\\/www.lfsl.net\\\/en\\\/\",\"logo\":{\"@type\":\"ImageObject\",\"inLanguage\":\"en-US\",\"@id\":\"https:\\\/\\\/www.lfsl.net\\\/en\\\/#\\\/schema\\\/logo\\\/image\\\/\",\"url\":\"https:\\\/\\\/www.lfsl.net\\\/wp-content\\\/uploads\\\/2021\\\/03\\\/LFSL-logo.jpg\",\"contentUrl\":\"https:\\\/\\\/www.lfsl.net\\\/wp-content\\\/uploads\\\/2021\\\/03\\\/LFSL-logo.jpg\",\"width\":330,\"height\":473,\"caption\":\"Lyc\u00e9e Fran\u00e7ais Saint Louis\"},\"image\":{\"@id\":\"https:\\\/\\\/www.lfsl.net\\\/en\\\/#\\\/schema\\\/logo\\\/image\\\/\"},\"sameAs\":[\"https:\\\/\\\/www.facebook.com\\\/Lyc\u00e9e-Francais-Saint-Louis-182116921840529\\\/\",\"https:\\\/\\\/www.instagram.com\\\/lyceefrancaisstockholm\\\/\",\"https:\\\/\\\/www.linkedin.com\\\/school\\\/lfsl\\\/\",\"https:\\\/\\\/www.youtube.com\\\/channel\\\/UCchS4IO4jE_YY0ILwn5NgGQ\"]},{\"@type\":\"Person\",\"@id\":\"https:\\\/\\\/www.lfsl.net\\\/en\\\/#\\\/schema\\\/person\\\/b844e4fec0b6546045ed48d495805bfc\",\"name\":\"LFSL\",\"image\":{\"@type\":\"ImageObject\",\"inLanguage\":\"en-US\",\"@id\":\"https:\\\/\\\/secure.gravatar.com\\\/avatar\\\/8675186c12a5532dad5f25706eb6019c936983ed4945888898482ec1904338ec?s=96&d=mm&r=g\",\"url\":\"https:\\\/\\\/secure.gravatar.com\\\/avatar\\\/8675186c12a5532dad5f25706eb6019c936983ed4945888898482ec1904338ec?s=96&d=mm&r=g\",\"contentUrl\":\"https:\\\/\\\/secure.gravatar.com\\\/avatar\\\/8675186c12a5532dad5f25706eb6019c936983ed4945888898482ec1904338ec?s=96&d=mm&r=g\",\"caption\":\"LFSL\"},\"url\":\"https:\\\/\\\/www.lfsl.net\\\/en\\\/author\\\/lfsladmin\\\/\"}]}<\/script>\n<!-- \/ Yoast SEO plugin. -->","yoast_head_json":{"title":"\"Endlich meine Sh\u00fcltute!\" - Finally My \"School Cone\"! &#8211; Lyc\u00e9e Fran\u00e7ais Saint Louis de Stockholm","robots":{"index":"index","follow":"follow","max-snippet":"max-snippet:-1","max-image-preview":"max-image-preview:large","max-video-preview":"max-video-preview:-1"},"canonical":"https:\/\/www.lfsl.net\/en\/endlich-meine-shultute-finally-my-school-cone\/","og_locale":"en_US","og_type":"article","og_title":"\"Endlich meine Sh\u00fcltute!\" - Finally My \"School Cone\"! &#8211; Lyc\u00e9e Fran\u00e7ais Saint Louis de Stockholm","og_description":"What a great surprise at the beginning of the school year!! It was not so much learning the German alphabet or the days and months that enthused the 25 students in the 5th grade, who started in German as LV2, but it was the famous &#8220;Schult\u00fcten&#8221;. Usually, it is the young German students who start ... Read more","og_url":"https:\/\/www.lfsl.net\/en\/endlich-meine-shultute-finally-my-school-cone\/","og_site_name":"Lyc\u00e9e Fran\u00e7ais Saint Louis de Stockholm","article_publisher":"https:\/\/www.facebook.com\/Lyc%c3%a9e-Francais-Saint-Louis-182116921840529\/","article_published_time":"2021-01-04T16:43:41+00:00","article_modified_time":"2021-01-07T16:43:53+00:00","og_image":[{"width":1587,"height":893,"url":"https:\/\/www.lfsl.net\/wp-content\/uploads\/2021\/01\/affiche-Schult\u00fcten_crop.jpg","type":"image\/jpeg"}],"author":"LFSL","twitter_card":"summary_large_image","schema":{"@context":"https:\/\/schema.org","@graph":[{"@type":"Article","@id":"https:\/\/www.lfsl.net\/en\/endlich-meine-shultute-finally-my-school-cone\/#article","isPartOf":{"@id":"https:\/\/www.lfsl.net\/en\/endlich-meine-shultute-finally-my-school-cone\/"},"author":{"name":"LFSL","@id":"https:\/\/www.lfsl.net\/en\/#\/schema\/person\/b844e4fec0b6546045ed48d495805bfc"},"headline":"&#8220;Endlich meine Sh\u00fcltute!&#8221; &#8211; Finally My &#8220;School Cone&#8221;!","datePublished":"2021-01-04T16:43:41+00:00","dateModified":"2021-01-07T16:43:53+00:00","mainEntityOfPage":{"@id":"https:\/\/www.lfsl.net\/en\/endlich-meine-shultute-finally-my-school-cone\/"},"wordCount":285,"publisher":{"@id":"https:\/\/www.lfsl.net\/en\/#organization"},"image":{"@id":"https:\/\/www.lfsl.net\/en\/endlich-meine-shultute-finally-my-school-cone\/#primaryimage"},"thumbnailUrl":"https:\/\/www.lfsl.net\/wp-content\/uploads\/2021\/01\/affiche-Schult\u00fcten_crop.jpg","inLanguage":"en-US"},{"@type":"WebPage","@id":"https:\/\/www.lfsl.net\/en\/endlich-meine-shultute-finally-my-school-cone\/","url":"https:\/\/www.lfsl.net\/en\/endlich-meine-shultute-finally-my-school-cone\/","name":"\"Endlich meine Sh\u00fcltute!\" - Finally My \"School Cone\"! &#8211; Lyc\u00e9e Fran\u00e7ais Saint Louis de Stockholm","isPartOf":{"@id":"https:\/\/www.lfsl.net\/en\/#website"},"primaryImageOfPage":{"@id":"https:\/\/www.lfsl.net\/en\/endlich-meine-shultute-finally-my-school-cone\/#primaryimage"},"image":{"@id":"https:\/\/www.lfsl.net\/en\/endlich-meine-shultute-finally-my-school-cone\/#primaryimage"},"thumbnailUrl":"https:\/\/www.lfsl.net\/wp-content\/uploads\/2021\/01\/affiche-Schult\u00fcten_crop.jpg","datePublished":"2021-01-04T16:43:41+00:00","dateModified":"2021-01-07T16:43:53+00:00","breadcrumb":{"@id":"https:\/\/www.lfsl.net\/en\/endlich-meine-shultute-finally-my-school-cone\/#breadcrumb"},"inLanguage":"en-US","potentialAction":[{"@type":"ReadAction","target":["https:\/\/www.lfsl.net\/en\/endlich-meine-shultute-finally-my-school-cone\/"]}]},{"@type":"ImageObject","inLanguage":"en-US","@id":"https:\/\/www.lfsl.net\/en\/endlich-meine-shultute-finally-my-school-cone\/#primaryimage","url":"https:\/\/www.lfsl.net\/wp-content\/uploads\/2021\/01\/affiche-Schult\u00fcten_crop.jpg","contentUrl":"https:\/\/www.lfsl.net\/wp-content\/uploads\/2021\/01\/affiche-Schult\u00fcten_crop.jpg","width":1587,"height":893},{"@type":"BreadcrumbList","@id":"https:\/\/www.lfsl.net\/en\/endlich-meine-shultute-finally-my-school-cone\/#breadcrumb","itemListElement":[{"@type":"ListItem","position":1,"name":"Home","item":"https:\/\/www.lfsl.net\/en\/"},{"@type":"ListItem","position":2,"name":"&#8220;Endlich meine Sh\u00fcltute!&#8221; &#8211; Finally My &#8220;School Cone&#8221;!"}]},{"@type":"WebSite","@id":"https:\/\/www.lfsl.net\/en\/#website","url":"https:\/\/www.lfsl.net\/en\/","name":"Lyc\u00e9e Fran\u00e7ais Saint Louis de Stockholm","description":"\u00c9tablissement membre du r\u00e9seau AEFE","publisher":{"@id":"https:\/\/www.lfsl.net\/en\/#organization"},"potentialAction":[{"@type":"SearchAction","target":{"@type":"EntryPoint","urlTemplate":"https:\/\/www.lfsl.net\/en\/?s={search_term_string}"},"query-input":{"@type":"PropertyValueSpecification","valueRequired":true,"valueName":"search_term_string"}}],"inLanguage":"en-US"},{"@type":"Organization","@id":"https:\/\/www.lfsl.net\/en\/#organization","name":"Lyc\u00e9e Fran\u00e7ais Saint Louis","url":"https:\/\/www.lfsl.net\/en\/","logo":{"@type":"ImageObject","inLanguage":"en-US","@id":"https:\/\/www.lfsl.net\/en\/#\/schema\/logo\/image\/","url":"https:\/\/www.lfsl.net\/wp-content\/uploads\/2021\/03\/LFSL-logo.jpg","contentUrl":"https:\/\/www.lfsl.net\/wp-content\/uploads\/2021\/03\/LFSL-logo.jpg","width":330,"height":473,"caption":"Lyc\u00e9e Fran\u00e7ais Saint Louis"},"image":{"@id":"https:\/\/www.lfsl.net\/en\/#\/schema\/logo\/image\/"},"sameAs":["https:\/\/www.facebook.com\/Lyc\u00e9e-Francais-Saint-Louis-182116921840529\/","https:\/\/www.instagram.com\/lyceefrancaisstockholm\/","https:\/\/www.linkedin.com\/school\/lfsl\/","https:\/\/www.youtube.com\/channel\/UCchS4IO4jE_YY0ILwn5NgGQ"]},{"@type":"Person","@id":"https:\/\/www.lfsl.net\/en\/#\/schema\/person\/b844e4fec0b6546045ed48d495805bfc","name":"LFSL","image":{"@type":"ImageObject","inLanguage":"en-US","@id":"https:\/\/secure.gravatar.com\/avatar\/8675186c12a5532dad5f25706eb6019c936983ed4945888898482ec1904338ec?s=96&d=mm&r=g","url":"https:\/\/secure.gravatar.com\/avatar\/8675186c12a5532dad5f25706eb6019c936983ed4945888898482ec1904338ec?s=96&d=mm&r=g","contentUrl":"https:\/\/secure.gravatar.com\/avatar\/8675186c12a5532dad5f25706eb6019c936983ed4945888898482ec1904338ec?s=96&d=mm&r=g","caption":"LFSL"},"url":"https:\/\/www.lfsl.net\/en\/author\/lfsladmin\/"}]}},"_links":{"self":[{"href":"https:\/\/www.lfsl.net\/en\/wp-json\/wp\/v2\/posts\/9717","targetHints":{"allow":["GET"]}}],"collection":[{"href":"https:\/\/www.lfsl.net\/en\/wp-json\/wp\/v2\/posts"}],"about":[{"href":"https:\/\/www.lfsl.net\/en\/wp-json\/wp\/v2\/types\/post"}],"author":[{"embeddable":true,"href":"https:\/\/www.lfsl.net\/en\/wp-json\/wp\/v2\/users\/1"}],"replies":[{"embeddable":true,"href":"https:\/\/www.lfsl.net\/en\/wp-json\/wp\/v2\/comments?post=9717"}],"version-history":[{"count":2,"href":"https:\/\/www.lfsl.net\/en\/wp-json\/wp\/v2\/posts\/9717\/revisions"}],"predecessor-version":[{"id":9719,"href":"https:\/\/www.lfsl.net\/en\/wp-json\/wp\/v2\/posts\/9717\/revisions\/9719"}],"wp:featuredmedia":[{"embeddable":true,"href":"https:\/\/www.lfsl.net\/en\/wp-json\/wp\/v2\/media\/9690"}],"wp:attachment":[{"href":"https:\/\/www.lfsl.net\/en\/wp-json\/wp\/v2\/media?parent=9717"}],"wp:term":[{"taxonomy":"category","embeddable":true,"href":"https:\/\/www.lfsl.net\/en\/wp-json\/wp\/v2\/categories?post=9717"},{"taxonomy":"post_tag","embeddable":true,"href":"https:\/\/www.lfsl.net\/en\/wp-json\/wp\/v2\/tags?post=9717"}],"curies":[{"name":"wp","href":"https:\/\/api.w.org\/{rel}","templated":true}]}}