{"id":10451,"date":"2021-03-26T09:06:45","date_gmt":"2021-03-26T09:06:45","guid":{"rendered":"https:\/\/www.lfsl.net\/?p=10451"},"modified":"2021-03-26T09:18:10","modified_gmt":"2021-03-26T09:18:10","slug":"pedagogiskt-projet-for-elever-i-spanska-i-4b","status":"publish","type":"post","link":"https:\/\/www.lfsl.net\/sv\/pedagogiskt-projet-for-elever-i-spanska-i-4b\/","title":{"rendered":"Pedagogiskt projekt f\u00f6r elever i spanska i 4B"},"content":{"rendered":"\n<p>Hola&nbsp;!<\/p>\n\n\n\n<p>Vi \u00e4r Francoise Guionneaus klass 4B i spanska och vill presentera en<\/p>\n\n\n\n<p>broschyr med fantastiska ber\u00e4ttelser och illustrationer p\u00e5 spanska, samt n\u00e5gra podcast.<\/p>\n\n\n\n<p>Vi skrev, ritade och spelade in allt under n\u00e5gra veckors tid.<\/p>\n\n\n\n<p>V\u00e5rt m\u00e5l var att anv\u00e4nda det mest varierade ordf\u00f6rr\u00e5det vi hade l\u00e4rt oss tidigare.<\/p>\n\n\n\n<p>H\u00e4r \u00e4r resultatet: <a href=\"https:\/\/en.calameo.com\/read\/00395934385e2b6ef7049?authid=1cpcpbYHgM5g\" target=\"_blank\" rel=\"noreferrer noopener\">Broschyr <\/a><\/p>\n\n\n\n<p>Podcasts:<br><a href=\"https:\/\/www.lfsl.net\/wp-content\/uploads\/2021\/03\/Groupe-1.mp3\" target=\"_blank\" rel=\"noreferrer noopener\">Grupp 1 <\/a>  &#8211;  <a href=\"https:\/\/www.lfsl.net\/wp-content\/uploads\/2021\/03\/Groupe-2.mp3\" target=\"_blank\" rel=\"noreferrer noopener\">Grupp 2 <\/a>  &#8211;  <a href=\"https:\/\/www.lfsl.net\/wp-content\/uploads\/2021\/03\/Groupe-3.mp3\" target=\"_blank\" rel=\"noreferrer noopener\">Grupp 3 <\/a>  &#8211;  <a href=\"https:\/\/www.lfsl.net\/wp-content\/uploads\/2021\/03\/Groupe-4.mp3\" target=\"_blank\" rel=\"noreferrer noopener\">Grupp 4 <\/a>  &#8211;  <a href=\"https:\/\/www.lfsl.net\/wp-content\/uploads\/2021\/03\/Groupe-5.mp3\" target=\"_blank\" rel=\"noreferrer noopener\">Grupp 5<\/a>   &#8211;  <a href=\"https:\/\/www.lfsl.net\/wp-content\/uploads\/2021\/03\/Groupe-6.mp3\" target=\"_blank\" rel=\"noreferrer noopener\">Grupp 6<\/a><br><br><\/p>\n","protected":false},"excerpt":{"rendered":"<p>Hola&nbsp;! Vi \u00e4r Francoise Guionneaus klass 4B i spanska och vill presentera en broschyr med fantastiska ber\u00e4ttelser och illustrationer p\u00e5 spanska, samt n\u00e5gra podcast. Vi skrev, ritade och spelade in allt under n\u00e5gra veckors tid. V\u00e5rt m\u00e5l var att anv\u00e4nda det mest varierade ordf\u00f6rr\u00e5det vi hade l\u00e4rt oss tidigare. H\u00e4r \u00e4r resultatet: Broschyr Podcasts:Grupp 1 &#8230; <\/p>\n<p class=\"read-more-container\"><a title=\"Pedagogiskt projekt f\u00f6r elever i spanska i 4B\" class=\"read-more button\" href=\"https:\/\/www.lfsl.net\/sv\/pedagogiskt-projet-for-elever-i-spanska-i-4b\/#more-10451\" aria-label=\"L\u00e4s mer om Pedagogiskt projekt f\u00f6r elever i spanska i 4B\">L\u00e4s mer<\/a><\/p>\n","protected":false},"author":1,"featured_media":10471,"comment_status":"closed","ping_status":"closed","sticky":false,"template":"","format":"standard","meta":{"footnotes":""},"categories":[7],"tags":[],"class_list":["post-10451","post","type-post","status-publish","format-standard","has-post-thumbnail","hentry","category-okategoriserad"],"yoast_head":"<!-- This site is optimized with the Yoast SEO plugin v27.4 - https:\/\/yoast.com\/product\/yoast-seo-wordpress\/ -->\n<title>Pedagogiskt projekt f\u00f6r elever i spanska i 4B &#8211; Lyc\u00e9e Fran\u00e7ais Saint Louis de Stockholm<\/title>\n<meta name=\"robots\" content=\"index, follow, max-snippet:-1, max-image-preview:large, max-video-preview:-1\" \/>\n<link rel=\"canonical\" href=\"https:\/\/www.lfsl.net\/sv\/pedagogiskt-projet-for-elever-i-spanska-i-4b\/\" \/>\n<meta property=\"og:locale\" content=\"sv_SE\" \/>\n<meta property=\"og:type\" content=\"article\" \/>\n<meta property=\"og:title\" content=\"Pedagogiskt projekt f\u00f6r elever i spanska i 4B &#8211; Lyc\u00e9e Fran\u00e7ais Saint Louis de Stockholm\" \/>\n<meta property=\"og:description\" content=\"Hola&nbsp;! Vi \u00e4r Francoise Guionneaus klass 4B i spanska och vill presentera en broschyr med fantastiska ber\u00e4ttelser och illustrationer p\u00e5 spanska, samt n\u00e5gra podcast. Vi skrev, ritade och spelade in allt under n\u00e5gra veckors tid. V\u00e5rt m\u00e5l var att anv\u00e4nda det mest varierade ordf\u00f6rr\u00e5det vi hade l\u00e4rt oss tidigare. H\u00e4r \u00e4r resultatet: Broschyr Podcasts:Grupp 1 ... L\u00e4s mer\" \/>\n<meta property=\"og:url\" content=\"https:\/\/www.lfsl.net\/sv\/pedagogiskt-projet-for-elever-i-spanska-i-4b\/\" \/>\n<meta property=\"og:site_name\" content=\"Lyc\u00e9e Fran\u00e7ais Saint Louis de Stockholm\" \/>\n<meta property=\"article:publisher\" content=\"https:\/\/www.facebook.com\/Lyc%c3%a9e-Francais-Saint-Louis-182116921840529\/\" \/>\n<meta property=\"article:published_time\" content=\"2021-03-26T09:06:45+00:00\" \/>\n<meta property=\"article:modified_time\" content=\"2021-03-26T09:18:10+00:00\" \/>\n<meta property=\"og:image\" content=\"https:\/\/www.lfsl.net\/wp-content\/uploads\/2021\/03\/Projet-espagnol_crop.jpg\" \/>\n\t<meta property=\"og:image:width\" content=\"1214\" \/>\n\t<meta property=\"og:image:height\" content=\"683\" \/>\n\t<meta property=\"og:image:type\" content=\"image\/jpeg\" \/>\n<meta name=\"author\" content=\"LFSL\" \/>\n<meta name=\"twitter:card\" content=\"summary_large_image\" \/>\n<script type=\"application\/ld+json\" class=\"yoast-schema-graph\">{\"@context\":\"https:\\\/\\\/schema.org\",\"@graph\":[{\"@type\":\"Article\",\"@id\":\"https:\\\/\\\/www.lfsl.net\\\/sv\\\/pedagogiskt-projet-for-elever-i-spanska-i-4b\\\/#article\",\"isPartOf\":{\"@id\":\"https:\\\/\\\/www.lfsl.net\\\/sv\\\/pedagogiskt-projet-for-elever-i-spanska-i-4b\\\/\"},\"author\":{\"name\":\"LFSL\",\"@id\":\"https:\\\/\\\/www.lfsl.net\\\/sv\\\/#\\\/schema\\\/person\\\/b844e4fec0b6546045ed48d495805bfc\"},\"headline\":\"Pedagogiskt projekt f\u00f6r elever i spanska i 4B\",\"datePublished\":\"2021-03-26T09:06:45+00:00\",\"dateModified\":\"2021-03-26T09:18:10+00:00\",\"mainEntityOfPage\":{\"@id\":\"https:\\\/\\\/www.lfsl.net\\\/sv\\\/pedagogiskt-projet-for-elever-i-spanska-i-4b\\\/\"},\"wordCount\":85,\"publisher\":{\"@id\":\"https:\\\/\\\/www.lfsl.net\\\/sv\\\/#organization\"},\"image\":{\"@id\":\"https:\\\/\\\/www.lfsl.net\\\/sv\\\/pedagogiskt-projet-for-elever-i-spanska-i-4b\\\/#primaryimage\"},\"thumbnailUrl\":\"https:\\\/\\\/www.lfsl.net\\\/wp-content\\\/uploads\\\/2021\\\/03\\\/Projet-espagnol_crop.jpg\",\"articleSection\":[\"Okategoriserad\"],\"inLanguage\":\"sv-SE\"},{\"@type\":\"WebPage\",\"@id\":\"https:\\\/\\\/www.lfsl.net\\\/sv\\\/pedagogiskt-projet-for-elever-i-spanska-i-4b\\\/\",\"url\":\"https:\\\/\\\/www.lfsl.net\\\/sv\\\/pedagogiskt-projet-for-elever-i-spanska-i-4b\\\/\",\"name\":\"Pedagogiskt projekt f\u00f6r elever i spanska i 4B &#8211; Lyc\u00e9e Fran\u00e7ais Saint Louis de Stockholm\",\"isPartOf\":{\"@id\":\"https:\\\/\\\/www.lfsl.net\\\/sv\\\/#website\"},\"primaryImageOfPage\":{\"@id\":\"https:\\\/\\\/www.lfsl.net\\\/sv\\\/pedagogiskt-projet-for-elever-i-spanska-i-4b\\\/#primaryimage\"},\"image\":{\"@id\":\"https:\\\/\\\/www.lfsl.net\\\/sv\\\/pedagogiskt-projet-for-elever-i-spanska-i-4b\\\/#primaryimage\"},\"thumbnailUrl\":\"https:\\\/\\\/www.lfsl.net\\\/wp-content\\\/uploads\\\/2021\\\/03\\\/Projet-espagnol_crop.jpg\",\"datePublished\":\"2021-03-26T09:06:45+00:00\",\"dateModified\":\"2021-03-26T09:18:10+00:00\",\"breadcrumb\":{\"@id\":\"https:\\\/\\\/www.lfsl.net\\\/sv\\\/pedagogiskt-projet-for-elever-i-spanska-i-4b\\\/#breadcrumb\"},\"inLanguage\":\"sv-SE\",\"potentialAction\":[{\"@type\":\"ReadAction\",\"target\":[\"https:\\\/\\\/www.lfsl.net\\\/sv\\\/pedagogiskt-projet-for-elever-i-spanska-i-4b\\\/\"]}]},{\"@type\":\"ImageObject\",\"inLanguage\":\"sv-SE\",\"@id\":\"https:\\\/\\\/www.lfsl.net\\\/sv\\\/pedagogiskt-projet-for-elever-i-spanska-i-4b\\\/#primaryimage\",\"url\":\"https:\\\/\\\/www.lfsl.net\\\/wp-content\\\/uploads\\\/2021\\\/03\\\/Projet-espagnol_crop.jpg\",\"contentUrl\":\"https:\\\/\\\/www.lfsl.net\\\/wp-content\\\/uploads\\\/2021\\\/03\\\/Projet-espagnol_crop.jpg\",\"width\":1214,\"height\":683},{\"@type\":\"BreadcrumbList\",\"@id\":\"https:\\\/\\\/www.lfsl.net\\\/sv\\\/pedagogiskt-projet-for-elever-i-spanska-i-4b\\\/#breadcrumb\",\"itemListElement\":[{\"@type\":\"ListItem\",\"position\":1,\"name\":\"Home\",\"item\":\"https:\\\/\\\/www.lfsl.net\\\/sv\\\/\"},{\"@type\":\"ListItem\",\"position\":2,\"name\":\"Pedagogiskt projekt f\u00f6r elever i spanska i 4B\"}]},{\"@type\":\"WebSite\",\"@id\":\"https:\\\/\\\/www.lfsl.net\\\/sv\\\/#website\",\"url\":\"https:\\\/\\\/www.lfsl.net\\\/sv\\\/\",\"name\":\"Lyc\u00e9e Fran\u00e7ais Saint Louis de Stockholm\",\"description\":\"\u00c9tablissement membre du r\u00e9seau AEFE\",\"publisher\":{\"@id\":\"https:\\\/\\\/www.lfsl.net\\\/sv\\\/#organization\"},\"potentialAction\":[{\"@type\":\"SearchAction\",\"target\":{\"@type\":\"EntryPoint\",\"urlTemplate\":\"https:\\\/\\\/www.lfsl.net\\\/sv\\\/?s={search_term_string}\"},\"query-input\":{\"@type\":\"PropertyValueSpecification\",\"valueRequired\":true,\"valueName\":\"search_term_string\"}}],\"inLanguage\":\"sv-SE\"},{\"@type\":\"Organization\",\"@id\":\"https:\\\/\\\/www.lfsl.net\\\/sv\\\/#organization\",\"name\":\"Lyc\u00e9e Fran\u00e7ais Saint Louis\",\"url\":\"https:\\\/\\\/www.lfsl.net\\\/sv\\\/\",\"logo\":{\"@type\":\"ImageObject\",\"inLanguage\":\"sv-SE\",\"@id\":\"https:\\\/\\\/www.lfsl.net\\\/sv\\\/#\\\/schema\\\/logo\\\/image\\\/\",\"url\":\"https:\\\/\\\/www.lfsl.net\\\/wp-content\\\/uploads\\\/2021\\\/03\\\/LFSL-logo.jpg\",\"contentUrl\":\"https:\\\/\\\/www.lfsl.net\\\/wp-content\\\/uploads\\\/2021\\\/03\\\/LFSL-logo.jpg\",\"width\":330,\"height\":473,\"caption\":\"Lyc\u00e9e Fran\u00e7ais Saint Louis\"},\"image\":{\"@id\":\"https:\\\/\\\/www.lfsl.net\\\/sv\\\/#\\\/schema\\\/logo\\\/image\\\/\"},\"sameAs\":[\"https:\\\/\\\/www.facebook.com\\\/Lyc\u00e9e-Francais-Saint-Louis-182116921840529\\\/\",\"https:\\\/\\\/www.instagram.com\\\/lyceefrancaisstockholm\\\/\",\"https:\\\/\\\/www.linkedin.com\\\/school\\\/lfsl\\\/\",\"https:\\\/\\\/www.youtube.com\\\/channel\\\/UCchS4IO4jE_YY0ILwn5NgGQ\"]},{\"@type\":\"Person\",\"@id\":\"https:\\\/\\\/www.lfsl.net\\\/sv\\\/#\\\/schema\\\/person\\\/b844e4fec0b6546045ed48d495805bfc\",\"name\":\"LFSL\",\"image\":{\"@type\":\"ImageObject\",\"inLanguage\":\"sv-SE\",\"@id\":\"https:\\\/\\\/secure.gravatar.com\\\/avatar\\\/8675186c12a5532dad5f25706eb6019c936983ed4945888898482ec1904338ec?s=96&d=mm&r=g\",\"url\":\"https:\\\/\\\/secure.gravatar.com\\\/avatar\\\/8675186c12a5532dad5f25706eb6019c936983ed4945888898482ec1904338ec?s=96&d=mm&r=g\",\"contentUrl\":\"https:\\\/\\\/secure.gravatar.com\\\/avatar\\\/8675186c12a5532dad5f25706eb6019c936983ed4945888898482ec1904338ec?s=96&d=mm&r=g\",\"caption\":\"LFSL\"},\"url\":\"https:\\\/\\\/www.lfsl.net\\\/sv\\\/author\\\/lfsladmin\\\/\"}]}<\/script>\n<!-- \/ Yoast SEO plugin. -->","yoast_head_json":{"title":"Pedagogiskt projekt f\u00f6r elever i spanska i 4B &#8211; Lyc\u00e9e Fran\u00e7ais Saint Louis de Stockholm","robots":{"index":"index","follow":"follow","max-snippet":"max-snippet:-1","max-image-preview":"max-image-preview:large","max-video-preview":"max-video-preview:-1"},"canonical":"https:\/\/www.lfsl.net\/sv\/pedagogiskt-projet-for-elever-i-spanska-i-4b\/","og_locale":"sv_SE","og_type":"article","og_title":"Pedagogiskt projekt f\u00f6r elever i spanska i 4B &#8211; Lyc\u00e9e Fran\u00e7ais Saint Louis de Stockholm","og_description":"Hola&nbsp;! Vi \u00e4r Francoise Guionneaus klass 4B i spanska och vill presentera en broschyr med fantastiska ber\u00e4ttelser och illustrationer p\u00e5 spanska, samt n\u00e5gra podcast. Vi skrev, ritade och spelade in allt under n\u00e5gra veckors tid. V\u00e5rt m\u00e5l var att anv\u00e4nda det mest varierade ordf\u00f6rr\u00e5det vi hade l\u00e4rt oss tidigare. H\u00e4r \u00e4r resultatet: Broschyr Podcasts:Grupp 1 ... L\u00e4s mer","og_url":"https:\/\/www.lfsl.net\/sv\/pedagogiskt-projet-for-elever-i-spanska-i-4b\/","og_site_name":"Lyc\u00e9e Fran\u00e7ais Saint Louis de Stockholm","article_publisher":"https:\/\/www.facebook.com\/Lyc%c3%a9e-Francais-Saint-Louis-182116921840529\/","article_published_time":"2021-03-26T09:06:45+00:00","article_modified_time":"2021-03-26T09:18:10+00:00","og_image":[{"width":1214,"height":683,"url":"https:\/\/www.lfsl.net\/wp-content\/uploads\/2021\/03\/Projet-espagnol_crop.jpg","type":"image\/jpeg"}],"author":"LFSL","twitter_card":"summary_large_image","schema":{"@context":"https:\/\/schema.org","@graph":[{"@type":"Article","@id":"https:\/\/www.lfsl.net\/sv\/pedagogiskt-projet-for-elever-i-spanska-i-4b\/#article","isPartOf":{"@id":"https:\/\/www.lfsl.net\/sv\/pedagogiskt-projet-for-elever-i-spanska-i-4b\/"},"author":{"name":"LFSL","@id":"https:\/\/www.lfsl.net\/sv\/#\/schema\/person\/b844e4fec0b6546045ed48d495805bfc"},"headline":"Pedagogiskt projekt f\u00f6r elever i spanska i 4B","datePublished":"2021-03-26T09:06:45+00:00","dateModified":"2021-03-26T09:18:10+00:00","mainEntityOfPage":{"@id":"https:\/\/www.lfsl.net\/sv\/pedagogiskt-projet-for-elever-i-spanska-i-4b\/"},"wordCount":85,"publisher":{"@id":"https:\/\/www.lfsl.net\/sv\/#organization"},"image":{"@id":"https:\/\/www.lfsl.net\/sv\/pedagogiskt-projet-for-elever-i-spanska-i-4b\/#primaryimage"},"thumbnailUrl":"https:\/\/www.lfsl.net\/wp-content\/uploads\/2021\/03\/Projet-espagnol_crop.jpg","articleSection":["Okategoriserad"],"inLanguage":"sv-SE"},{"@type":"WebPage","@id":"https:\/\/www.lfsl.net\/sv\/pedagogiskt-projet-for-elever-i-spanska-i-4b\/","url":"https:\/\/www.lfsl.net\/sv\/pedagogiskt-projet-for-elever-i-spanska-i-4b\/","name":"Pedagogiskt projekt f\u00f6r elever i spanska i 4B &#8211; Lyc\u00e9e Fran\u00e7ais Saint Louis de Stockholm","isPartOf":{"@id":"https:\/\/www.lfsl.net\/sv\/#website"},"primaryImageOfPage":{"@id":"https:\/\/www.lfsl.net\/sv\/pedagogiskt-projet-for-elever-i-spanska-i-4b\/#primaryimage"},"image":{"@id":"https:\/\/www.lfsl.net\/sv\/pedagogiskt-projet-for-elever-i-spanska-i-4b\/#primaryimage"},"thumbnailUrl":"https:\/\/www.lfsl.net\/wp-content\/uploads\/2021\/03\/Projet-espagnol_crop.jpg","datePublished":"2021-03-26T09:06:45+00:00","dateModified":"2021-03-26T09:18:10+00:00","breadcrumb":{"@id":"https:\/\/www.lfsl.net\/sv\/pedagogiskt-projet-for-elever-i-spanska-i-4b\/#breadcrumb"},"inLanguage":"sv-SE","potentialAction":[{"@type":"ReadAction","target":["https:\/\/www.lfsl.net\/sv\/pedagogiskt-projet-for-elever-i-spanska-i-4b\/"]}]},{"@type":"ImageObject","inLanguage":"sv-SE","@id":"https:\/\/www.lfsl.net\/sv\/pedagogiskt-projet-for-elever-i-spanska-i-4b\/#primaryimage","url":"https:\/\/www.lfsl.net\/wp-content\/uploads\/2021\/03\/Projet-espagnol_crop.jpg","contentUrl":"https:\/\/www.lfsl.net\/wp-content\/uploads\/2021\/03\/Projet-espagnol_crop.jpg","width":1214,"height":683},{"@type":"BreadcrumbList","@id":"https:\/\/www.lfsl.net\/sv\/pedagogiskt-projet-for-elever-i-spanska-i-4b\/#breadcrumb","itemListElement":[{"@type":"ListItem","position":1,"name":"Home","item":"https:\/\/www.lfsl.net\/sv\/"},{"@type":"ListItem","position":2,"name":"Pedagogiskt projekt f\u00f6r elever i spanska i 4B"}]},{"@type":"WebSite","@id":"https:\/\/www.lfsl.net\/sv\/#website","url":"https:\/\/www.lfsl.net\/sv\/","name":"Lyc\u00e9e Fran\u00e7ais Saint Louis de Stockholm","description":"\u00c9tablissement membre du r\u00e9seau AEFE","publisher":{"@id":"https:\/\/www.lfsl.net\/sv\/#organization"},"potentialAction":[{"@type":"SearchAction","target":{"@type":"EntryPoint","urlTemplate":"https:\/\/www.lfsl.net\/sv\/?s={search_term_string}"},"query-input":{"@type":"PropertyValueSpecification","valueRequired":true,"valueName":"search_term_string"}}],"inLanguage":"sv-SE"},{"@type":"Organization","@id":"https:\/\/www.lfsl.net\/sv\/#organization","name":"Lyc\u00e9e Fran\u00e7ais Saint Louis","url":"https:\/\/www.lfsl.net\/sv\/","logo":{"@type":"ImageObject","inLanguage":"sv-SE","@id":"https:\/\/www.lfsl.net\/sv\/#\/schema\/logo\/image\/","url":"https:\/\/www.lfsl.net\/wp-content\/uploads\/2021\/03\/LFSL-logo.jpg","contentUrl":"https:\/\/www.lfsl.net\/wp-content\/uploads\/2021\/03\/LFSL-logo.jpg","width":330,"height":473,"caption":"Lyc\u00e9e Fran\u00e7ais Saint Louis"},"image":{"@id":"https:\/\/www.lfsl.net\/sv\/#\/schema\/logo\/image\/"},"sameAs":["https:\/\/www.facebook.com\/Lyc\u00e9e-Francais-Saint-Louis-182116921840529\/","https:\/\/www.instagram.com\/lyceefrancaisstockholm\/","https:\/\/www.linkedin.com\/school\/lfsl\/","https:\/\/www.youtube.com\/channel\/UCchS4IO4jE_YY0ILwn5NgGQ"]},{"@type":"Person","@id":"https:\/\/www.lfsl.net\/sv\/#\/schema\/person\/b844e4fec0b6546045ed48d495805bfc","name":"LFSL","image":{"@type":"ImageObject","inLanguage":"sv-SE","@id":"https:\/\/secure.gravatar.com\/avatar\/8675186c12a5532dad5f25706eb6019c936983ed4945888898482ec1904338ec?s=96&d=mm&r=g","url":"https:\/\/secure.gravatar.com\/avatar\/8675186c12a5532dad5f25706eb6019c936983ed4945888898482ec1904338ec?s=96&d=mm&r=g","contentUrl":"https:\/\/secure.gravatar.com\/avatar\/8675186c12a5532dad5f25706eb6019c936983ed4945888898482ec1904338ec?s=96&d=mm&r=g","caption":"LFSL"},"url":"https:\/\/www.lfsl.net\/sv\/author\/lfsladmin\/"}]}},"_links":{"self":[{"href":"https:\/\/www.lfsl.net\/sv\/wp-json\/wp\/v2\/posts\/10451","targetHints":{"allow":["GET"]}}],"collection":[{"href":"https:\/\/www.lfsl.net\/sv\/wp-json\/wp\/v2\/posts"}],"about":[{"href":"https:\/\/www.lfsl.net\/sv\/wp-json\/wp\/v2\/types\/post"}],"author":[{"embeddable":true,"href":"https:\/\/www.lfsl.net\/sv\/wp-json\/wp\/v2\/users\/1"}],"replies":[{"embeddable":true,"href":"https:\/\/www.lfsl.net\/sv\/wp-json\/wp\/v2\/comments?post=10451"}],"version-history":[{"count":4,"href":"https:\/\/www.lfsl.net\/sv\/wp-json\/wp\/v2\/posts\/10451\/revisions"}],"predecessor-version":[{"id":10482,"href":"https:\/\/www.lfsl.net\/sv\/wp-json\/wp\/v2\/posts\/10451\/revisions\/10482"}],"wp:featuredmedia":[{"embeddable":true,"href":"https:\/\/www.lfsl.net\/sv\/wp-json\/wp\/v2\/media\/10471"}],"wp:attachment":[{"href":"https:\/\/www.lfsl.net\/sv\/wp-json\/wp\/v2\/media?parent=10451"}],"wp:term":[{"taxonomy":"category","embeddable":true,"href":"https:\/\/www.lfsl.net\/sv\/wp-json\/wp\/v2\/categories?post=10451"},{"taxonomy":"post_tag","embeddable":true,"href":"https:\/\/www.lfsl.net\/sv\/wp-json\/wp\/v2\/tags?post=10451"}],"curies":[{"name":"wp","href":"https:\/\/api.w.org\/{rel}","templated":true}]}}