{"id":10846,"date":"2021-05-27T12:52:14","date_gmt":"2021-05-27T12:52:14","guid":{"rendered":"https:\/\/www.lfsl.net\/?p=10846"},"modified":"2021-05-27T12:52:16","modified_gmt":"2021-05-27T12:52:16","slug":"poeternas-var-i-cm1","status":"publish","type":"post","link":"https:\/\/www.lfsl.net\/sv\/poeternas-var-i-cm1\/","title":{"rendered":"Poeternas v\u00e5r i CM1"},"content":{"rendered":"\n<p>I \u00e5r deltog CM1C och CM1 B i Poeternas v\u00e5r (Le printemps des po\u00e8tes) vars huvudsakliga m\u00e5l \u00e4r att fr\u00e4mja tillg\u00e5ngen till poesi och uppmuntra till l\u00e4sning av dikter. Barnen tr\u00e4ffade en poet, R\u00e9mi Coste, som l\u00e4rde dem att skriva och l\u00e4sa poesi. Detta projekt avslutades med en stund ljudpoesi, under vilket varje barn kunde l\u00e4sa en dikt medan de ackomagnerades av en dragspelare, Bastien Pouill\u00e8s.<\/p>\n\n\n\n<p>Uppt\u00e4ck deras arbete och det program som webradioklubben erbjuder i detta \u00e4mne!<\/p>\n\n\n\n<p>God lyssning.<\/p>\n\n\n\n<figure class=\"wp-block-embed is-type-rich is-provider-soundcloud wp-block-embed-soundcloud wp-embed-aspect-4-3 wp-has-aspect-ratio\"><div class=\"wp-block-embed__wrapper\">\n<iframe loading=\"lazy\" title=\"CM1- PRINTEMPS DES POETES by WebRadio du Lyc\u00e9e Fran\u00e7ais de Stockholm\" width=\"1200\" height=\"450\" scrolling=\"no\" frameborder=\"no\" src=\"https:\/\/w.soundcloud.com\/player\/?visual=true&#038;url=https%3A%2F%2Fapi.soundcloud.com%2Fplaylists%2F1256784739&#038;show_artwork=true&#038;maxwidth=1200&#038;maxheight=1000&#038;dnt=1&#038;secret_token=s-02S5FwEQOnM\"><\/iframe>\n<\/div><\/figure>\n","protected":false},"excerpt":{"rendered":"<p>I \u00e5r deltog CM1C och CM1 B i Poeternas v\u00e5r (Le printemps des po\u00e8tes) vars huvudsakliga m\u00e5l \u00e4r att fr\u00e4mja tillg\u00e5ngen till poesi och uppmuntra till l\u00e4sning av dikter. Barnen tr\u00e4ffade en poet, R\u00e9mi Coste, som l\u00e4rde dem att skriva och l\u00e4sa poesi. Detta projekt avslutades med en stund ljudpoesi, under vilket varje barn kunde &#8230; <\/p>\n<p class=\"read-more-container\"><a title=\"Poeternas v\u00e5r i CM1\" class=\"read-more button\" href=\"https:\/\/www.lfsl.net\/sv\/poeternas-var-i-cm1\/#more-10846\" aria-label=\"L\u00e4s mer om Poeternas v\u00e5r i CM1\">L\u00e4s mer<\/a><\/p>\n","protected":false},"author":1,"featured_media":10844,"comment_status":"closed","ping_status":"closed","sticky":false,"template":"","format":"standard","meta":{"footnotes":""},"categories":[7],"tags":[],"class_list":["post-10846","post","type-post","status-publish","format-standard","has-post-thumbnail","hentry","category-okategoriserad"],"yoast_head":"<!-- This site is optimized with the Yoast SEO plugin v27.4 - https:\/\/yoast.com\/product\/yoast-seo-wordpress\/ -->\n<title>Poeternas v\u00e5r i CM1 &#8211; Lyc\u00e9e Fran\u00e7ais Saint Louis de Stockholm<\/title>\n<meta name=\"robots\" content=\"index, follow, max-snippet:-1, max-image-preview:large, max-video-preview:-1\" \/>\n<link rel=\"canonical\" href=\"https:\/\/www.lfsl.net\/sv\/poeternas-var-i-cm1\/\" \/>\n<meta property=\"og:locale\" content=\"sv_SE\" \/>\n<meta property=\"og:type\" content=\"article\" \/>\n<meta property=\"og:title\" content=\"Poeternas v\u00e5r i CM1 &#8211; Lyc\u00e9e Fran\u00e7ais Saint Louis de Stockholm\" \/>\n<meta property=\"og:description\" content=\"I \u00e5r deltog CM1C och CM1 B i Poeternas v\u00e5r (Le printemps des po\u00e8tes) vars huvudsakliga m\u00e5l \u00e4r att fr\u00e4mja tillg\u00e5ngen till poesi och uppmuntra till l\u00e4sning av dikter. Barnen tr\u00e4ffade en poet, R\u00e9mi Coste, som l\u00e4rde dem att skriva och l\u00e4sa poesi. Detta projekt avslutades med en stund ljudpoesi, under vilket varje barn kunde ... L\u00e4s mer\" \/>\n<meta property=\"og:url\" content=\"https:\/\/www.lfsl.net\/sv\/poeternas-var-i-cm1\/\" \/>\n<meta property=\"og:site_name\" content=\"Lyc\u00e9e Fran\u00e7ais Saint Louis de Stockholm\" \/>\n<meta property=\"article:publisher\" content=\"https:\/\/www.facebook.com\/Lyc%c3%a9e-Francais-Saint-Louis-182116921840529\/\" \/>\n<meta property=\"article:published_time\" content=\"2021-05-27T12:52:14+00:00\" \/>\n<meta property=\"article:modified_time\" content=\"2021-05-27T12:52:16+00:00\" \/>\n<meta property=\"og:image\" content=\"https:\/\/www.lfsl.net\/wp-content\/uploads\/2021\/05\/Printemps-des-poetes_crop.jpg\" \/>\n\t<meta property=\"og:image:width\" content=\"244\" \/>\n\t<meta property=\"og:image:height\" content=\"137\" \/>\n\t<meta property=\"og:image:type\" content=\"image\/jpeg\" \/>\n<meta name=\"author\" content=\"LFSL\" \/>\n<meta name=\"twitter:card\" content=\"summary_large_image\" \/>\n<script type=\"application\/ld+json\" class=\"yoast-schema-graph\">{\"@context\":\"https:\\\/\\\/schema.org\",\"@graph\":[{\"@type\":\"Article\",\"@id\":\"https:\\\/\\\/www.lfsl.net\\\/sv\\\/poeternas-var-i-cm1\\\/#article\",\"isPartOf\":{\"@id\":\"https:\\\/\\\/www.lfsl.net\\\/sv\\\/poeternas-var-i-cm1\\\/\"},\"author\":{\"name\":\"LFSL\",\"@id\":\"https:\\\/\\\/www.lfsl.net\\\/sv\\\/#\\\/schema\\\/person\\\/b844e4fec0b6546045ed48d495805bfc\"},\"headline\":\"Poeternas v\u00e5r i CM1\",\"datePublished\":\"2021-05-27T12:52:14+00:00\",\"dateModified\":\"2021-05-27T12:52:16+00:00\",\"mainEntityOfPage\":{\"@id\":\"https:\\\/\\\/www.lfsl.net\\\/sv\\\/poeternas-var-i-cm1\\\/\"},\"wordCount\":109,\"publisher\":{\"@id\":\"https:\\\/\\\/www.lfsl.net\\\/sv\\\/#organization\"},\"image\":{\"@id\":\"https:\\\/\\\/www.lfsl.net\\\/sv\\\/poeternas-var-i-cm1\\\/#primaryimage\"},\"thumbnailUrl\":\"https:\\\/\\\/www.lfsl.net\\\/wp-content\\\/uploads\\\/2021\\\/05\\\/Printemps-des-poetes_crop.jpg\",\"articleSection\":[\"Okategoriserad\"],\"inLanguage\":\"sv-SE\"},{\"@type\":\"WebPage\",\"@id\":\"https:\\\/\\\/www.lfsl.net\\\/sv\\\/poeternas-var-i-cm1\\\/\",\"url\":\"https:\\\/\\\/www.lfsl.net\\\/sv\\\/poeternas-var-i-cm1\\\/\",\"name\":\"Poeternas v\u00e5r i CM1 &#8211; Lyc\u00e9e Fran\u00e7ais Saint Louis de Stockholm\",\"isPartOf\":{\"@id\":\"https:\\\/\\\/www.lfsl.net\\\/sv\\\/#website\"},\"primaryImageOfPage\":{\"@id\":\"https:\\\/\\\/www.lfsl.net\\\/sv\\\/poeternas-var-i-cm1\\\/#primaryimage\"},\"image\":{\"@id\":\"https:\\\/\\\/www.lfsl.net\\\/sv\\\/poeternas-var-i-cm1\\\/#primaryimage\"},\"thumbnailUrl\":\"https:\\\/\\\/www.lfsl.net\\\/wp-content\\\/uploads\\\/2021\\\/05\\\/Printemps-des-poetes_crop.jpg\",\"datePublished\":\"2021-05-27T12:52:14+00:00\",\"dateModified\":\"2021-05-27T12:52:16+00:00\",\"breadcrumb\":{\"@id\":\"https:\\\/\\\/www.lfsl.net\\\/sv\\\/poeternas-var-i-cm1\\\/#breadcrumb\"},\"inLanguage\":\"sv-SE\",\"potentialAction\":[{\"@type\":\"ReadAction\",\"target\":[\"https:\\\/\\\/www.lfsl.net\\\/sv\\\/poeternas-var-i-cm1\\\/\"]}]},{\"@type\":\"ImageObject\",\"inLanguage\":\"sv-SE\",\"@id\":\"https:\\\/\\\/www.lfsl.net\\\/sv\\\/poeternas-var-i-cm1\\\/#primaryimage\",\"url\":\"https:\\\/\\\/www.lfsl.net\\\/wp-content\\\/uploads\\\/2021\\\/05\\\/Printemps-des-poetes_crop.jpg\",\"contentUrl\":\"https:\\\/\\\/www.lfsl.net\\\/wp-content\\\/uploads\\\/2021\\\/05\\\/Printemps-des-poetes_crop.jpg\",\"width\":244,\"height\":137},{\"@type\":\"BreadcrumbList\",\"@id\":\"https:\\\/\\\/www.lfsl.net\\\/sv\\\/poeternas-var-i-cm1\\\/#breadcrumb\",\"itemListElement\":[{\"@type\":\"ListItem\",\"position\":1,\"name\":\"Home\",\"item\":\"https:\\\/\\\/www.lfsl.net\\\/sv\\\/\"},{\"@type\":\"ListItem\",\"position\":2,\"name\":\"Poeternas v\u00e5r i CM1\"}]},{\"@type\":\"WebSite\",\"@id\":\"https:\\\/\\\/www.lfsl.net\\\/sv\\\/#website\",\"url\":\"https:\\\/\\\/www.lfsl.net\\\/sv\\\/\",\"name\":\"Lyc\u00e9e Fran\u00e7ais Saint Louis de Stockholm\",\"description\":\"\u00c9tablissement membre du r\u00e9seau AEFE\",\"publisher\":{\"@id\":\"https:\\\/\\\/www.lfsl.net\\\/sv\\\/#organization\"},\"potentialAction\":[{\"@type\":\"SearchAction\",\"target\":{\"@type\":\"EntryPoint\",\"urlTemplate\":\"https:\\\/\\\/www.lfsl.net\\\/sv\\\/?s={search_term_string}\"},\"query-input\":{\"@type\":\"PropertyValueSpecification\",\"valueRequired\":true,\"valueName\":\"search_term_string\"}}],\"inLanguage\":\"sv-SE\"},{\"@type\":\"Organization\",\"@id\":\"https:\\\/\\\/www.lfsl.net\\\/sv\\\/#organization\",\"name\":\"Lyc\u00e9e Fran\u00e7ais Saint Louis\",\"url\":\"https:\\\/\\\/www.lfsl.net\\\/sv\\\/\",\"logo\":{\"@type\":\"ImageObject\",\"inLanguage\":\"sv-SE\",\"@id\":\"https:\\\/\\\/www.lfsl.net\\\/sv\\\/#\\\/schema\\\/logo\\\/image\\\/\",\"url\":\"https:\\\/\\\/www.lfsl.net\\\/wp-content\\\/uploads\\\/2021\\\/03\\\/LFSL-logo.jpg\",\"contentUrl\":\"https:\\\/\\\/www.lfsl.net\\\/wp-content\\\/uploads\\\/2021\\\/03\\\/LFSL-logo.jpg\",\"width\":330,\"height\":473,\"caption\":\"Lyc\u00e9e Fran\u00e7ais Saint Louis\"},\"image\":{\"@id\":\"https:\\\/\\\/www.lfsl.net\\\/sv\\\/#\\\/schema\\\/logo\\\/image\\\/\"},\"sameAs\":[\"https:\\\/\\\/www.facebook.com\\\/Lyc\u00e9e-Francais-Saint-Louis-182116921840529\\\/\",\"https:\\\/\\\/www.instagram.com\\\/lyceefrancaisstockholm\\\/\",\"https:\\\/\\\/www.linkedin.com\\\/school\\\/lfsl\\\/\",\"https:\\\/\\\/www.youtube.com\\\/channel\\\/UCchS4IO4jE_YY0ILwn5NgGQ\"]},{\"@type\":\"Person\",\"@id\":\"https:\\\/\\\/www.lfsl.net\\\/sv\\\/#\\\/schema\\\/person\\\/b844e4fec0b6546045ed48d495805bfc\",\"name\":\"LFSL\",\"image\":{\"@type\":\"ImageObject\",\"inLanguage\":\"sv-SE\",\"@id\":\"https:\\\/\\\/secure.gravatar.com\\\/avatar\\\/8675186c12a5532dad5f25706eb6019c936983ed4945888898482ec1904338ec?s=96&d=mm&r=g\",\"url\":\"https:\\\/\\\/secure.gravatar.com\\\/avatar\\\/8675186c12a5532dad5f25706eb6019c936983ed4945888898482ec1904338ec?s=96&d=mm&r=g\",\"contentUrl\":\"https:\\\/\\\/secure.gravatar.com\\\/avatar\\\/8675186c12a5532dad5f25706eb6019c936983ed4945888898482ec1904338ec?s=96&d=mm&r=g\",\"caption\":\"LFSL\"},\"url\":\"https:\\\/\\\/www.lfsl.net\\\/sv\\\/author\\\/lfsladmin\\\/\"}]}<\/script>\n<!-- \/ Yoast SEO plugin. -->","yoast_head_json":{"title":"Poeternas v\u00e5r i CM1 &#8211; Lyc\u00e9e Fran\u00e7ais Saint Louis de Stockholm","robots":{"index":"index","follow":"follow","max-snippet":"max-snippet:-1","max-image-preview":"max-image-preview:large","max-video-preview":"max-video-preview:-1"},"canonical":"https:\/\/www.lfsl.net\/sv\/poeternas-var-i-cm1\/","og_locale":"sv_SE","og_type":"article","og_title":"Poeternas v\u00e5r i CM1 &#8211; Lyc\u00e9e Fran\u00e7ais Saint Louis de Stockholm","og_description":"I \u00e5r deltog CM1C och CM1 B i Poeternas v\u00e5r (Le printemps des po\u00e8tes) vars huvudsakliga m\u00e5l \u00e4r att fr\u00e4mja tillg\u00e5ngen till poesi och uppmuntra till l\u00e4sning av dikter. Barnen tr\u00e4ffade en poet, R\u00e9mi Coste, som l\u00e4rde dem att skriva och l\u00e4sa poesi. Detta projekt avslutades med en stund ljudpoesi, under vilket varje barn kunde ... L\u00e4s mer","og_url":"https:\/\/www.lfsl.net\/sv\/poeternas-var-i-cm1\/","og_site_name":"Lyc\u00e9e Fran\u00e7ais Saint Louis de Stockholm","article_publisher":"https:\/\/www.facebook.com\/Lyc%c3%a9e-Francais-Saint-Louis-182116921840529\/","article_published_time":"2021-05-27T12:52:14+00:00","article_modified_time":"2021-05-27T12:52:16+00:00","og_image":[{"width":244,"height":137,"url":"https:\/\/www.lfsl.net\/wp-content\/uploads\/2021\/05\/Printemps-des-poetes_crop.jpg","type":"image\/jpeg"}],"author":"LFSL","twitter_card":"summary_large_image","schema":{"@context":"https:\/\/schema.org","@graph":[{"@type":"Article","@id":"https:\/\/www.lfsl.net\/sv\/poeternas-var-i-cm1\/#article","isPartOf":{"@id":"https:\/\/www.lfsl.net\/sv\/poeternas-var-i-cm1\/"},"author":{"name":"LFSL","@id":"https:\/\/www.lfsl.net\/sv\/#\/schema\/person\/b844e4fec0b6546045ed48d495805bfc"},"headline":"Poeternas v\u00e5r i CM1","datePublished":"2021-05-27T12:52:14+00:00","dateModified":"2021-05-27T12:52:16+00:00","mainEntityOfPage":{"@id":"https:\/\/www.lfsl.net\/sv\/poeternas-var-i-cm1\/"},"wordCount":109,"publisher":{"@id":"https:\/\/www.lfsl.net\/sv\/#organization"},"image":{"@id":"https:\/\/www.lfsl.net\/sv\/poeternas-var-i-cm1\/#primaryimage"},"thumbnailUrl":"https:\/\/www.lfsl.net\/wp-content\/uploads\/2021\/05\/Printemps-des-poetes_crop.jpg","articleSection":["Okategoriserad"],"inLanguage":"sv-SE"},{"@type":"WebPage","@id":"https:\/\/www.lfsl.net\/sv\/poeternas-var-i-cm1\/","url":"https:\/\/www.lfsl.net\/sv\/poeternas-var-i-cm1\/","name":"Poeternas v\u00e5r i CM1 &#8211; Lyc\u00e9e Fran\u00e7ais Saint Louis de Stockholm","isPartOf":{"@id":"https:\/\/www.lfsl.net\/sv\/#website"},"primaryImageOfPage":{"@id":"https:\/\/www.lfsl.net\/sv\/poeternas-var-i-cm1\/#primaryimage"},"image":{"@id":"https:\/\/www.lfsl.net\/sv\/poeternas-var-i-cm1\/#primaryimage"},"thumbnailUrl":"https:\/\/www.lfsl.net\/wp-content\/uploads\/2021\/05\/Printemps-des-poetes_crop.jpg","datePublished":"2021-05-27T12:52:14+00:00","dateModified":"2021-05-27T12:52:16+00:00","breadcrumb":{"@id":"https:\/\/www.lfsl.net\/sv\/poeternas-var-i-cm1\/#breadcrumb"},"inLanguage":"sv-SE","potentialAction":[{"@type":"ReadAction","target":["https:\/\/www.lfsl.net\/sv\/poeternas-var-i-cm1\/"]}]},{"@type":"ImageObject","inLanguage":"sv-SE","@id":"https:\/\/www.lfsl.net\/sv\/poeternas-var-i-cm1\/#primaryimage","url":"https:\/\/www.lfsl.net\/wp-content\/uploads\/2021\/05\/Printemps-des-poetes_crop.jpg","contentUrl":"https:\/\/www.lfsl.net\/wp-content\/uploads\/2021\/05\/Printemps-des-poetes_crop.jpg","width":244,"height":137},{"@type":"BreadcrumbList","@id":"https:\/\/www.lfsl.net\/sv\/poeternas-var-i-cm1\/#breadcrumb","itemListElement":[{"@type":"ListItem","position":1,"name":"Home","item":"https:\/\/www.lfsl.net\/sv\/"},{"@type":"ListItem","position":2,"name":"Poeternas v\u00e5r i CM1"}]},{"@type":"WebSite","@id":"https:\/\/www.lfsl.net\/sv\/#website","url":"https:\/\/www.lfsl.net\/sv\/","name":"Lyc\u00e9e Fran\u00e7ais Saint Louis de Stockholm","description":"\u00c9tablissement membre du r\u00e9seau AEFE","publisher":{"@id":"https:\/\/www.lfsl.net\/sv\/#organization"},"potentialAction":[{"@type":"SearchAction","target":{"@type":"EntryPoint","urlTemplate":"https:\/\/www.lfsl.net\/sv\/?s={search_term_string}"},"query-input":{"@type":"PropertyValueSpecification","valueRequired":true,"valueName":"search_term_string"}}],"inLanguage":"sv-SE"},{"@type":"Organization","@id":"https:\/\/www.lfsl.net\/sv\/#organization","name":"Lyc\u00e9e Fran\u00e7ais Saint Louis","url":"https:\/\/www.lfsl.net\/sv\/","logo":{"@type":"ImageObject","inLanguage":"sv-SE","@id":"https:\/\/www.lfsl.net\/sv\/#\/schema\/logo\/image\/","url":"https:\/\/www.lfsl.net\/wp-content\/uploads\/2021\/03\/LFSL-logo.jpg","contentUrl":"https:\/\/www.lfsl.net\/wp-content\/uploads\/2021\/03\/LFSL-logo.jpg","width":330,"height":473,"caption":"Lyc\u00e9e Fran\u00e7ais Saint Louis"},"image":{"@id":"https:\/\/www.lfsl.net\/sv\/#\/schema\/logo\/image\/"},"sameAs":["https:\/\/www.facebook.com\/Lyc\u00e9e-Francais-Saint-Louis-182116921840529\/","https:\/\/www.instagram.com\/lyceefrancaisstockholm\/","https:\/\/www.linkedin.com\/school\/lfsl\/","https:\/\/www.youtube.com\/channel\/UCchS4IO4jE_YY0ILwn5NgGQ"]},{"@type":"Person","@id":"https:\/\/www.lfsl.net\/sv\/#\/schema\/person\/b844e4fec0b6546045ed48d495805bfc","name":"LFSL","image":{"@type":"ImageObject","inLanguage":"sv-SE","@id":"https:\/\/secure.gravatar.com\/avatar\/8675186c12a5532dad5f25706eb6019c936983ed4945888898482ec1904338ec?s=96&d=mm&r=g","url":"https:\/\/secure.gravatar.com\/avatar\/8675186c12a5532dad5f25706eb6019c936983ed4945888898482ec1904338ec?s=96&d=mm&r=g","contentUrl":"https:\/\/secure.gravatar.com\/avatar\/8675186c12a5532dad5f25706eb6019c936983ed4945888898482ec1904338ec?s=96&d=mm&r=g","caption":"LFSL"},"url":"https:\/\/www.lfsl.net\/sv\/author\/lfsladmin\/"}]}},"_links":{"self":[{"href":"https:\/\/www.lfsl.net\/sv\/wp-json\/wp\/v2\/posts\/10846","targetHints":{"allow":["GET"]}}],"collection":[{"href":"https:\/\/www.lfsl.net\/sv\/wp-json\/wp\/v2\/posts"}],"about":[{"href":"https:\/\/www.lfsl.net\/sv\/wp-json\/wp\/v2\/types\/post"}],"author":[{"embeddable":true,"href":"https:\/\/www.lfsl.net\/sv\/wp-json\/wp\/v2\/users\/1"}],"replies":[{"embeddable":true,"href":"https:\/\/www.lfsl.net\/sv\/wp-json\/wp\/v2\/comments?post=10846"}],"version-history":[{"count":1,"href":"https:\/\/www.lfsl.net\/sv\/wp-json\/wp\/v2\/posts\/10846\/revisions"}],"predecessor-version":[{"id":10847,"href":"https:\/\/www.lfsl.net\/sv\/wp-json\/wp\/v2\/posts\/10846\/revisions\/10847"}],"wp:featuredmedia":[{"embeddable":true,"href":"https:\/\/www.lfsl.net\/sv\/wp-json\/wp\/v2\/media\/10844"}],"wp:attachment":[{"href":"https:\/\/www.lfsl.net\/sv\/wp-json\/wp\/v2\/media?parent=10846"}],"wp:term":[{"taxonomy":"category","embeddable":true,"href":"https:\/\/www.lfsl.net\/sv\/wp-json\/wp\/v2\/categories?post=10846"},{"taxonomy":"post_tag","embeddable":true,"href":"https:\/\/www.lfsl.net\/sv\/wp-json\/wp\/v2\/tags?post=10846"}],"curies":[{"name":"wp","href":"https:\/\/api.w.org\/{rel}","templated":true}]}}