{"id":11049,"date":"2021-06-10T14:49:23","date_gmt":"2021-06-10T14:49:23","guid":{"rendered":"https:\/\/www.lfsl.net\/?p=11049"},"modified":"2021-06-10T14:49:24","modified_gmt":"2021-06-10T14:49:24","slug":"sprak-i-maj-2021","status":"publish","type":"post","link":"https:\/\/www.lfsl.net\/sv\/sprak-i-maj-2021\/","title":{"rendered":"Spr\u00e5k i maj 2021"},"content":{"rendered":"\n<p>\u201dSpr\u00e5k i maj\u201d \u00e4r ett projekt som genomf\u00f6rs av AEFE f\u00f6r att fira spr\u00e5k i franska internationella skolor runt om i v\u00e4rlden genom att genomf\u00f6ra spr\u00e5kliga och kulturella \u00e5tg\u00e4rder. LFSL har deltagit  i detta initiativ och spr\u00e5kl\u00e4rarna erbjudit ett program rikt p\u00e5 aktiviteter, b\u00e5de i l\u00e5g- och mellanstadiet, h\u00f6gstadiet och gymnasiet.<br><br>Uppt\u00e4ck och se aktiviteterna <a href=\"https:\/\/www.lfsl.net\/le-mai-des-langues-2021\/\" target=\"_blank\" rel=\"noreferrer noopener\">h\u00e4r.<\/a><\/p>\n","protected":false},"excerpt":{"rendered":"<p>\u201dSpr\u00e5k i maj\u201d \u00e4r ett projekt som genomf\u00f6rs av AEFE f\u00f6r att fira spr\u00e5k i franska internationella skolor runt om i v\u00e4rlden genom att genomf\u00f6ra spr\u00e5kliga och kulturella \u00e5tg\u00e4rder. LFSL har deltagit i detta initiativ och spr\u00e5kl\u00e4rarna erbjudit ett program rikt p\u00e5 aktiviteter, b\u00e5de i l\u00e5g- och mellanstadiet, h\u00f6gstadiet och gymnasiet. Uppt\u00e4ck och se aktiviteterna &#8230; <\/p>\n<p class=\"read-more-container\"><a title=\"Spr\u00e5k i maj 2021\" class=\"read-more button\" href=\"https:\/\/www.lfsl.net\/sv\/sprak-i-maj-2021\/#more-11049\" aria-label=\"L\u00e4s mer om Spr\u00e5k i maj 2021\">L\u00e4s mer<\/a><\/p>\n","protected":false},"author":1,"featured_media":11014,"comment_status":"closed","ping_status":"closed","sticky":false,"template":"","format":"standard","meta":{"footnotes":""},"categories":[7],"tags":[],"class_list":["post-11049","post","type-post","status-publish","format-standard","has-post-thumbnail","hentry","category-okategoriserad"],"yoast_head":"<!-- This site is optimized with the Yoast SEO plugin v27.4 - https:\/\/yoast.com\/product\/yoast-seo-wordpress\/ -->\n<title>Spr\u00e5k i maj 2021 &#8211; Lyc\u00e9e Fran\u00e7ais Saint Louis de Stockholm<\/title>\n<meta name=\"robots\" content=\"index, follow, max-snippet:-1, max-image-preview:large, max-video-preview:-1\" \/>\n<link rel=\"canonical\" href=\"https:\/\/www.lfsl.net\/sv\/sprak-i-maj-2021\/\" \/>\n<meta property=\"og:locale\" content=\"sv_SE\" \/>\n<meta property=\"og:type\" content=\"article\" \/>\n<meta property=\"og:title\" content=\"Spr\u00e5k i maj 2021 &#8211; Lyc\u00e9e Fran\u00e7ais Saint Louis de Stockholm\" \/>\n<meta property=\"og:description\" content=\"\u201dSpr\u00e5k i maj\u201d \u00e4r ett projekt som genomf\u00f6rs av AEFE f\u00f6r att fira spr\u00e5k i franska internationella skolor runt om i v\u00e4rlden genom att genomf\u00f6ra spr\u00e5kliga och kulturella \u00e5tg\u00e4rder. LFSL har deltagit i detta initiativ och spr\u00e5kl\u00e4rarna erbjudit ett program rikt p\u00e5 aktiviteter, b\u00e5de i l\u00e5g- och mellanstadiet, h\u00f6gstadiet och gymnasiet. Uppt\u00e4ck och se aktiviteterna ... L\u00e4s mer\" \/>\n<meta property=\"og:url\" content=\"https:\/\/www.lfsl.net\/sv\/sprak-i-maj-2021\/\" \/>\n<meta property=\"og:site_name\" content=\"Lyc\u00e9e Fran\u00e7ais Saint Louis de Stockholm\" \/>\n<meta property=\"article:publisher\" content=\"https:\/\/www.facebook.com\/Lyc%c3%a9e-Francais-Saint-Louis-182116921840529\/\" \/>\n<meta property=\"article:published_time\" content=\"2021-06-10T14:49:23+00:00\" \/>\n<meta property=\"article:modified_time\" content=\"2021-06-10T14:49:24+00:00\" \/>\n<meta property=\"og:image\" content=\"https:\/\/www.lfsl.net\/wp-content\/uploads\/2021\/06\/Le-mai-des-langues-2021_crop.jpg\" \/>\n\t<meta property=\"og:image:width\" content=\"1041\" \/>\n\t<meta property=\"og:image:height\" content=\"586\" \/>\n\t<meta property=\"og:image:type\" content=\"image\/jpeg\" \/>\n<meta name=\"author\" content=\"LFSL\" \/>\n<meta name=\"twitter:card\" content=\"summary_large_image\" \/>\n<script type=\"application\/ld+json\" class=\"yoast-schema-graph\">{\"@context\":\"https:\\\/\\\/schema.org\",\"@graph\":[{\"@type\":\"Article\",\"@id\":\"https:\\\/\\\/www.lfsl.net\\\/sv\\\/sprak-i-maj-2021\\\/#article\",\"isPartOf\":{\"@id\":\"https:\\\/\\\/www.lfsl.net\\\/sv\\\/sprak-i-maj-2021\\\/\"},\"author\":{\"name\":\"LFSL\",\"@id\":\"https:\\\/\\\/www.lfsl.net\\\/sv\\\/#\\\/schema\\\/person\\\/b844e4fec0b6546045ed48d495805bfc\"},\"headline\":\"Spr\u00e5k i maj 2021\",\"datePublished\":\"2021-06-10T14:49:23+00:00\",\"dateModified\":\"2021-06-10T14:49:24+00:00\",\"mainEntityOfPage\":{\"@id\":\"https:\\\/\\\/www.lfsl.net\\\/sv\\\/sprak-i-maj-2021\\\/\"},\"wordCount\":75,\"publisher\":{\"@id\":\"https:\\\/\\\/www.lfsl.net\\\/sv\\\/#organization\"},\"image\":{\"@id\":\"https:\\\/\\\/www.lfsl.net\\\/sv\\\/sprak-i-maj-2021\\\/#primaryimage\"},\"thumbnailUrl\":\"https:\\\/\\\/www.lfsl.net\\\/wp-content\\\/uploads\\\/2021\\\/06\\\/Le-mai-des-langues-2021_crop.jpg\",\"articleSection\":[\"Okategoriserad\"],\"inLanguage\":\"sv-SE\"},{\"@type\":\"WebPage\",\"@id\":\"https:\\\/\\\/www.lfsl.net\\\/sv\\\/sprak-i-maj-2021\\\/\",\"url\":\"https:\\\/\\\/www.lfsl.net\\\/sv\\\/sprak-i-maj-2021\\\/\",\"name\":\"Spr\u00e5k i maj 2021 &#8211; Lyc\u00e9e Fran\u00e7ais Saint Louis de Stockholm\",\"isPartOf\":{\"@id\":\"https:\\\/\\\/www.lfsl.net\\\/sv\\\/#website\"},\"primaryImageOfPage\":{\"@id\":\"https:\\\/\\\/www.lfsl.net\\\/sv\\\/sprak-i-maj-2021\\\/#primaryimage\"},\"image\":{\"@id\":\"https:\\\/\\\/www.lfsl.net\\\/sv\\\/sprak-i-maj-2021\\\/#primaryimage\"},\"thumbnailUrl\":\"https:\\\/\\\/www.lfsl.net\\\/wp-content\\\/uploads\\\/2021\\\/06\\\/Le-mai-des-langues-2021_crop.jpg\",\"datePublished\":\"2021-06-10T14:49:23+00:00\",\"dateModified\":\"2021-06-10T14:49:24+00:00\",\"breadcrumb\":{\"@id\":\"https:\\\/\\\/www.lfsl.net\\\/sv\\\/sprak-i-maj-2021\\\/#breadcrumb\"},\"inLanguage\":\"sv-SE\",\"potentialAction\":[{\"@type\":\"ReadAction\",\"target\":[\"https:\\\/\\\/www.lfsl.net\\\/sv\\\/sprak-i-maj-2021\\\/\"]}]},{\"@type\":\"ImageObject\",\"inLanguage\":\"sv-SE\",\"@id\":\"https:\\\/\\\/www.lfsl.net\\\/sv\\\/sprak-i-maj-2021\\\/#primaryimage\",\"url\":\"https:\\\/\\\/www.lfsl.net\\\/wp-content\\\/uploads\\\/2021\\\/06\\\/Le-mai-des-langues-2021_crop.jpg\",\"contentUrl\":\"https:\\\/\\\/www.lfsl.net\\\/wp-content\\\/uploads\\\/2021\\\/06\\\/Le-mai-des-langues-2021_crop.jpg\",\"width\":1041,\"height\":586},{\"@type\":\"BreadcrumbList\",\"@id\":\"https:\\\/\\\/www.lfsl.net\\\/sv\\\/sprak-i-maj-2021\\\/#breadcrumb\",\"itemListElement\":[{\"@type\":\"ListItem\",\"position\":1,\"name\":\"Home\",\"item\":\"https:\\\/\\\/www.lfsl.net\\\/sv\\\/\"},{\"@type\":\"ListItem\",\"position\":2,\"name\":\"Spr\u00e5k i maj 2021\"}]},{\"@type\":\"WebSite\",\"@id\":\"https:\\\/\\\/www.lfsl.net\\\/sv\\\/#website\",\"url\":\"https:\\\/\\\/www.lfsl.net\\\/sv\\\/\",\"name\":\"Lyc\u00e9e Fran\u00e7ais Saint Louis de Stockholm\",\"description\":\"\u00c9tablissement membre du r\u00e9seau AEFE\",\"publisher\":{\"@id\":\"https:\\\/\\\/www.lfsl.net\\\/sv\\\/#organization\"},\"potentialAction\":[{\"@type\":\"SearchAction\",\"target\":{\"@type\":\"EntryPoint\",\"urlTemplate\":\"https:\\\/\\\/www.lfsl.net\\\/sv\\\/?s={search_term_string}\"},\"query-input\":{\"@type\":\"PropertyValueSpecification\",\"valueRequired\":true,\"valueName\":\"search_term_string\"}}],\"inLanguage\":\"sv-SE\"},{\"@type\":\"Organization\",\"@id\":\"https:\\\/\\\/www.lfsl.net\\\/sv\\\/#organization\",\"name\":\"Lyc\u00e9e Fran\u00e7ais Saint Louis\",\"url\":\"https:\\\/\\\/www.lfsl.net\\\/sv\\\/\",\"logo\":{\"@type\":\"ImageObject\",\"inLanguage\":\"sv-SE\",\"@id\":\"https:\\\/\\\/www.lfsl.net\\\/sv\\\/#\\\/schema\\\/logo\\\/image\\\/\",\"url\":\"https:\\\/\\\/www.lfsl.net\\\/wp-content\\\/uploads\\\/2021\\\/03\\\/LFSL-logo.jpg\",\"contentUrl\":\"https:\\\/\\\/www.lfsl.net\\\/wp-content\\\/uploads\\\/2021\\\/03\\\/LFSL-logo.jpg\",\"width\":330,\"height\":473,\"caption\":\"Lyc\u00e9e Fran\u00e7ais Saint Louis\"},\"image\":{\"@id\":\"https:\\\/\\\/www.lfsl.net\\\/sv\\\/#\\\/schema\\\/logo\\\/image\\\/\"},\"sameAs\":[\"https:\\\/\\\/www.facebook.com\\\/Lyc\u00e9e-Francais-Saint-Louis-182116921840529\\\/\",\"https:\\\/\\\/www.instagram.com\\\/lyceefrancaisstockholm\\\/\",\"https:\\\/\\\/www.linkedin.com\\\/school\\\/lfsl\\\/\",\"https:\\\/\\\/www.youtube.com\\\/channel\\\/UCchS4IO4jE_YY0ILwn5NgGQ\"]},{\"@type\":\"Person\",\"@id\":\"https:\\\/\\\/www.lfsl.net\\\/sv\\\/#\\\/schema\\\/person\\\/b844e4fec0b6546045ed48d495805bfc\",\"name\":\"LFSL\",\"image\":{\"@type\":\"ImageObject\",\"inLanguage\":\"sv-SE\",\"@id\":\"https:\\\/\\\/secure.gravatar.com\\\/avatar\\\/8675186c12a5532dad5f25706eb6019c936983ed4945888898482ec1904338ec?s=96&d=mm&r=g\",\"url\":\"https:\\\/\\\/secure.gravatar.com\\\/avatar\\\/8675186c12a5532dad5f25706eb6019c936983ed4945888898482ec1904338ec?s=96&d=mm&r=g\",\"contentUrl\":\"https:\\\/\\\/secure.gravatar.com\\\/avatar\\\/8675186c12a5532dad5f25706eb6019c936983ed4945888898482ec1904338ec?s=96&d=mm&r=g\",\"caption\":\"LFSL\"},\"url\":\"https:\\\/\\\/www.lfsl.net\\\/sv\\\/author\\\/lfsladmin\\\/\"}]}<\/script>\n<!-- \/ Yoast SEO plugin. -->","yoast_head_json":{"title":"Spr\u00e5k i maj 2021 &#8211; Lyc\u00e9e Fran\u00e7ais Saint Louis de Stockholm","robots":{"index":"index","follow":"follow","max-snippet":"max-snippet:-1","max-image-preview":"max-image-preview:large","max-video-preview":"max-video-preview:-1"},"canonical":"https:\/\/www.lfsl.net\/sv\/sprak-i-maj-2021\/","og_locale":"sv_SE","og_type":"article","og_title":"Spr\u00e5k i maj 2021 &#8211; Lyc\u00e9e Fran\u00e7ais Saint Louis de Stockholm","og_description":"\u201dSpr\u00e5k i maj\u201d \u00e4r ett projekt som genomf\u00f6rs av AEFE f\u00f6r att fira spr\u00e5k i franska internationella skolor runt om i v\u00e4rlden genom att genomf\u00f6ra spr\u00e5kliga och kulturella \u00e5tg\u00e4rder. LFSL har deltagit i detta initiativ och spr\u00e5kl\u00e4rarna erbjudit ett program rikt p\u00e5 aktiviteter, b\u00e5de i l\u00e5g- och mellanstadiet, h\u00f6gstadiet och gymnasiet. Uppt\u00e4ck och se aktiviteterna ... L\u00e4s mer","og_url":"https:\/\/www.lfsl.net\/sv\/sprak-i-maj-2021\/","og_site_name":"Lyc\u00e9e Fran\u00e7ais Saint Louis de Stockholm","article_publisher":"https:\/\/www.facebook.com\/Lyc%c3%a9e-Francais-Saint-Louis-182116921840529\/","article_published_time":"2021-06-10T14:49:23+00:00","article_modified_time":"2021-06-10T14:49:24+00:00","og_image":[{"width":1041,"height":586,"url":"https:\/\/www.lfsl.net\/wp-content\/uploads\/2021\/06\/Le-mai-des-langues-2021_crop.jpg","type":"image\/jpeg"}],"author":"LFSL","twitter_card":"summary_large_image","schema":{"@context":"https:\/\/schema.org","@graph":[{"@type":"Article","@id":"https:\/\/www.lfsl.net\/sv\/sprak-i-maj-2021\/#article","isPartOf":{"@id":"https:\/\/www.lfsl.net\/sv\/sprak-i-maj-2021\/"},"author":{"name":"LFSL","@id":"https:\/\/www.lfsl.net\/sv\/#\/schema\/person\/b844e4fec0b6546045ed48d495805bfc"},"headline":"Spr\u00e5k i maj 2021","datePublished":"2021-06-10T14:49:23+00:00","dateModified":"2021-06-10T14:49:24+00:00","mainEntityOfPage":{"@id":"https:\/\/www.lfsl.net\/sv\/sprak-i-maj-2021\/"},"wordCount":75,"publisher":{"@id":"https:\/\/www.lfsl.net\/sv\/#organization"},"image":{"@id":"https:\/\/www.lfsl.net\/sv\/sprak-i-maj-2021\/#primaryimage"},"thumbnailUrl":"https:\/\/www.lfsl.net\/wp-content\/uploads\/2021\/06\/Le-mai-des-langues-2021_crop.jpg","articleSection":["Okategoriserad"],"inLanguage":"sv-SE"},{"@type":"WebPage","@id":"https:\/\/www.lfsl.net\/sv\/sprak-i-maj-2021\/","url":"https:\/\/www.lfsl.net\/sv\/sprak-i-maj-2021\/","name":"Spr\u00e5k i maj 2021 &#8211; Lyc\u00e9e Fran\u00e7ais Saint Louis de Stockholm","isPartOf":{"@id":"https:\/\/www.lfsl.net\/sv\/#website"},"primaryImageOfPage":{"@id":"https:\/\/www.lfsl.net\/sv\/sprak-i-maj-2021\/#primaryimage"},"image":{"@id":"https:\/\/www.lfsl.net\/sv\/sprak-i-maj-2021\/#primaryimage"},"thumbnailUrl":"https:\/\/www.lfsl.net\/wp-content\/uploads\/2021\/06\/Le-mai-des-langues-2021_crop.jpg","datePublished":"2021-06-10T14:49:23+00:00","dateModified":"2021-06-10T14:49:24+00:00","breadcrumb":{"@id":"https:\/\/www.lfsl.net\/sv\/sprak-i-maj-2021\/#breadcrumb"},"inLanguage":"sv-SE","potentialAction":[{"@type":"ReadAction","target":["https:\/\/www.lfsl.net\/sv\/sprak-i-maj-2021\/"]}]},{"@type":"ImageObject","inLanguage":"sv-SE","@id":"https:\/\/www.lfsl.net\/sv\/sprak-i-maj-2021\/#primaryimage","url":"https:\/\/www.lfsl.net\/wp-content\/uploads\/2021\/06\/Le-mai-des-langues-2021_crop.jpg","contentUrl":"https:\/\/www.lfsl.net\/wp-content\/uploads\/2021\/06\/Le-mai-des-langues-2021_crop.jpg","width":1041,"height":586},{"@type":"BreadcrumbList","@id":"https:\/\/www.lfsl.net\/sv\/sprak-i-maj-2021\/#breadcrumb","itemListElement":[{"@type":"ListItem","position":1,"name":"Home","item":"https:\/\/www.lfsl.net\/sv\/"},{"@type":"ListItem","position":2,"name":"Spr\u00e5k i maj 2021"}]},{"@type":"WebSite","@id":"https:\/\/www.lfsl.net\/sv\/#website","url":"https:\/\/www.lfsl.net\/sv\/","name":"Lyc\u00e9e Fran\u00e7ais Saint Louis de Stockholm","description":"\u00c9tablissement membre du r\u00e9seau AEFE","publisher":{"@id":"https:\/\/www.lfsl.net\/sv\/#organization"},"potentialAction":[{"@type":"SearchAction","target":{"@type":"EntryPoint","urlTemplate":"https:\/\/www.lfsl.net\/sv\/?s={search_term_string}"},"query-input":{"@type":"PropertyValueSpecification","valueRequired":true,"valueName":"search_term_string"}}],"inLanguage":"sv-SE"},{"@type":"Organization","@id":"https:\/\/www.lfsl.net\/sv\/#organization","name":"Lyc\u00e9e Fran\u00e7ais Saint Louis","url":"https:\/\/www.lfsl.net\/sv\/","logo":{"@type":"ImageObject","inLanguage":"sv-SE","@id":"https:\/\/www.lfsl.net\/sv\/#\/schema\/logo\/image\/","url":"https:\/\/www.lfsl.net\/wp-content\/uploads\/2021\/03\/LFSL-logo.jpg","contentUrl":"https:\/\/www.lfsl.net\/wp-content\/uploads\/2021\/03\/LFSL-logo.jpg","width":330,"height":473,"caption":"Lyc\u00e9e Fran\u00e7ais Saint Louis"},"image":{"@id":"https:\/\/www.lfsl.net\/sv\/#\/schema\/logo\/image\/"},"sameAs":["https:\/\/www.facebook.com\/Lyc\u00e9e-Francais-Saint-Louis-182116921840529\/","https:\/\/www.instagram.com\/lyceefrancaisstockholm\/","https:\/\/www.linkedin.com\/school\/lfsl\/","https:\/\/www.youtube.com\/channel\/UCchS4IO4jE_YY0ILwn5NgGQ"]},{"@type":"Person","@id":"https:\/\/www.lfsl.net\/sv\/#\/schema\/person\/b844e4fec0b6546045ed48d495805bfc","name":"LFSL","image":{"@type":"ImageObject","inLanguage":"sv-SE","@id":"https:\/\/secure.gravatar.com\/avatar\/8675186c12a5532dad5f25706eb6019c936983ed4945888898482ec1904338ec?s=96&d=mm&r=g","url":"https:\/\/secure.gravatar.com\/avatar\/8675186c12a5532dad5f25706eb6019c936983ed4945888898482ec1904338ec?s=96&d=mm&r=g","contentUrl":"https:\/\/secure.gravatar.com\/avatar\/8675186c12a5532dad5f25706eb6019c936983ed4945888898482ec1904338ec?s=96&d=mm&r=g","caption":"LFSL"},"url":"https:\/\/www.lfsl.net\/sv\/author\/lfsladmin\/"}]}},"_links":{"self":[{"href":"https:\/\/www.lfsl.net\/sv\/wp-json\/wp\/v2\/posts\/11049","targetHints":{"allow":["GET"]}}],"collection":[{"href":"https:\/\/www.lfsl.net\/sv\/wp-json\/wp\/v2\/posts"}],"about":[{"href":"https:\/\/www.lfsl.net\/sv\/wp-json\/wp\/v2\/types\/post"}],"author":[{"embeddable":true,"href":"https:\/\/www.lfsl.net\/sv\/wp-json\/wp\/v2\/users\/1"}],"replies":[{"embeddable":true,"href":"https:\/\/www.lfsl.net\/sv\/wp-json\/wp\/v2\/comments?post=11049"}],"version-history":[{"count":2,"href":"https:\/\/www.lfsl.net\/sv\/wp-json\/wp\/v2\/posts\/11049\/revisions"}],"predecessor-version":[{"id":11052,"href":"https:\/\/www.lfsl.net\/sv\/wp-json\/wp\/v2\/posts\/11049\/revisions\/11052"}],"wp:featuredmedia":[{"embeddable":true,"href":"https:\/\/www.lfsl.net\/sv\/wp-json\/wp\/v2\/media\/11014"}],"wp:attachment":[{"href":"https:\/\/www.lfsl.net\/sv\/wp-json\/wp\/v2\/media?parent=11049"}],"wp:term":[{"taxonomy":"category","embeddable":true,"href":"https:\/\/www.lfsl.net\/sv\/wp-json\/wp\/v2\/categories?post=11049"},{"taxonomy":"post_tag","embeddable":true,"href":"https:\/\/www.lfsl.net\/sv\/wp-json\/wp\/v2\/tags?post=11049"}],"curies":[{"name":"wp","href":"https:\/\/api.w.org\/{rel}","templated":true}]}}