{"id":12160,"date":"2021-10-14T12:27:18","date_gmt":"2021-10-14T12:27:18","guid":{"rendered":"https:\/\/www.lfsl.net\/?p=12160"},"modified":"2021-10-14T12:27:20","modified_gmt":"2021-10-14T12:27:20","slug":"mote-med-forfattaren-jean-claude-mourlevat","status":"publish","type":"post","link":"https:\/\/www.lfsl.net\/sv\/mote-med-forfattaren-jean-claude-mourlevat\/","title":{"rendered":"M\u00f6te med f\u00f6rfattaren Jean-Claude Mourlevat"},"content":{"rendered":"\n<p>M\u00e5ndagen den 27 september 2021 hade vi f\u00f6rm\u00e5nen att tr\u00e4ffa f\u00f6rfattaren Jean-Claude Mourlevat som kom till Sverige i samband med att han vunnit det prestigefyllda Alma-priset. Det var om hans jury-uppm\u00e4rksammade roman Jefferson som vi hade ett utbyte. \u00c4ven om den anses vara barnlitteratur, behandlar denna djurbrottsroman allvarliga och aktuella \u00e4mnen: djurmisshandel, vegetarianism, trakasserier och f\u00f6rdomar mot andra.<\/p>\n\n\n\n<p>Det var ett rikt utbyte, f\u00f6rfattarens svar var gener\u00f6sa och vi kunde uttrycka oss fritt om arbetet. Romanen, som vi verkligen gillade, fann all sin mening tack vare de passionerade, fascinerande och ibland roliga f\u00f6rklaringarna som Jean-Claude Mourlevat gav. Vi kommer att ha m\u00e5nga goda minnen fr\u00e5n detta m\u00f6te under vilket f\u00f6rfattaren visade ett stort intresse f\u00f6r v\u00e5ra fr\u00e5gor.<\/p>\n\n\n\n<p>Vi gratulerar Jean-Claude Mourlevat till hans pris och tackar honom varmt f\u00f6r att han kom till v\u00e5r skola!<\/p>\n\n\n\n<figure class=\"wp-block-gallery columns-2 is-cropped wp-block-gallery-1 is-layout-flex wp-block-gallery-is-layout-flex\"><ul class=\"blocks-gallery-grid\"><li class=\"blocks-gallery-item\"><figure><img loading=\"lazy\" decoding=\"async\" width=\"611\" height=\"706\" src=\"https:\/\/www.lfsl.net\/wp-content\/uploads\/2021\/10\/Mourlevat_01.png\" alt=\"\" data-id=\"12146\" data-full-url=\"https:\/\/www.lfsl.net\/wp-content\/uploads\/2021\/10\/Mourlevat_01.png\" data-link=\"https:\/\/www.lfsl.net\/sv\/mourlevat_01-2\/\" class=\"wp-image-12146\" srcset=\"https:\/\/www.lfsl.net\/wp-content\/uploads\/2021\/10\/Mourlevat_01.png 611w, https:\/\/www.lfsl.net\/wp-content\/uploads\/2021\/10\/Mourlevat_01-519x600.png 519w\" sizes=\"auto, (max-width: 611px) 100vw, 611px\" \/><\/figure><\/li><li class=\"blocks-gallery-item\"><figure><img loading=\"lazy\" decoding=\"async\" width=\"682\" height=\"570\" src=\"https:\/\/www.lfsl.net\/wp-content\/uploads\/2021\/10\/Mourlevat_02.png\" alt=\"\" data-id=\"12149\" data-full-url=\"https:\/\/www.lfsl.net\/wp-content\/uploads\/2021\/10\/Mourlevat_02.png\" data-link=\"https:\/\/www.lfsl.net\/sv\/mourlevat_02-2\/\" class=\"wp-image-12149\" srcset=\"https:\/\/www.lfsl.net\/wp-content\/uploads\/2021\/10\/Mourlevat_02.png 682w, https:\/\/www.lfsl.net\/wp-content\/uploads\/2021\/10\/Mourlevat_02-600x501.png 600w\" sizes=\"auto, (max-width: 682px) 100vw, 682px\" \/><\/figure><\/li><\/ul><\/figure>\n","protected":false},"excerpt":{"rendered":"<p>M\u00e5ndagen den 27 september 2021 hade vi f\u00f6rm\u00e5nen att tr\u00e4ffa f\u00f6rfattaren Jean-Claude Mourlevat som kom till Sverige i samband med att han vunnit det prestigefyllda Alma-priset. Det var om hans jury-uppm\u00e4rksammade roman Jefferson som vi hade ett utbyte. \u00c4ven om den anses vara barnlitteratur, behandlar denna djurbrottsroman allvarliga och aktuella \u00e4mnen: djurmisshandel, vegetarianism, trakasserier och &#8230; <\/p>\n<p class=\"read-more-container\"><a title=\"M\u00f6te med f\u00f6rfattaren Jean-Claude Mourlevat\" class=\"read-more button\" href=\"https:\/\/www.lfsl.net\/sv\/mote-med-forfattaren-jean-claude-mourlevat\/#more-12160\" aria-label=\"L\u00e4s mer om M\u00f6te med f\u00f6rfattaren Jean-Claude Mourlevat\">L\u00e4s mer<\/a><\/p>\n","protected":false},"author":1,"featured_media":12143,"comment_status":"closed","ping_status":"closed","sticky":false,"template":"","format":"standard","meta":{"footnotes":""},"categories":[7],"tags":[],"class_list":["post-12160","post","type-post","status-publish","format-standard","has-post-thumbnail","hentry","category-okategoriserad"],"yoast_head":"<!-- This site is optimized with the Yoast SEO plugin v27.4 - https:\/\/yoast.com\/product\/yoast-seo-wordpress\/ -->\n<title>M\u00f6te med f\u00f6rfattaren Jean-Claude Mourlevat &#8211; Lyc\u00e9e Fran\u00e7ais Saint Louis de Stockholm<\/title>\n<meta name=\"robots\" content=\"index, follow, max-snippet:-1, max-image-preview:large, max-video-preview:-1\" \/>\n<link rel=\"canonical\" href=\"https:\/\/www.lfsl.net\/sv\/mote-med-forfattaren-jean-claude-mourlevat\/\" \/>\n<meta property=\"og:locale\" content=\"sv_SE\" \/>\n<meta property=\"og:type\" content=\"article\" \/>\n<meta property=\"og:title\" content=\"M\u00f6te med f\u00f6rfattaren Jean-Claude Mourlevat &#8211; Lyc\u00e9e Fran\u00e7ais Saint Louis de Stockholm\" \/>\n<meta property=\"og:description\" content=\"M\u00e5ndagen den 27 september 2021 hade vi f\u00f6rm\u00e5nen att tr\u00e4ffa f\u00f6rfattaren Jean-Claude Mourlevat som kom till Sverige i samband med att han vunnit det prestigefyllda Alma-priset. Det var om hans jury-uppm\u00e4rksammade roman Jefferson som vi hade ett utbyte. \u00c4ven om den anses vara barnlitteratur, behandlar denna djurbrottsroman allvarliga och aktuella \u00e4mnen: djurmisshandel, vegetarianism, trakasserier och ... L\u00e4s mer\" \/>\n<meta property=\"og:url\" content=\"https:\/\/www.lfsl.net\/sv\/mote-med-forfattaren-jean-claude-mourlevat\/\" \/>\n<meta property=\"og:site_name\" content=\"Lyc\u00e9e Fran\u00e7ais Saint Louis de Stockholm\" \/>\n<meta property=\"article:publisher\" content=\"https:\/\/www.facebook.com\/Lyc%c3%a9e-Francais-Saint-Louis-182116921840529\/\" \/>\n<meta property=\"article:published_time\" content=\"2021-10-14T12:27:18+00:00\" \/>\n<meta property=\"article:modified_time\" content=\"2021-10-14T12:27:20+00:00\" \/>\n<meta property=\"og:image\" content=\"https:\/\/www.lfsl.net\/wp-content\/uploads\/2021\/10\/Mourlevat_01_crop.jpg\" \/>\n\t<meta property=\"og:image:width\" content=\"611\" \/>\n\t<meta property=\"og:image:height\" content=\"344\" \/>\n\t<meta property=\"og:image:type\" content=\"image\/jpeg\" \/>\n<meta name=\"author\" content=\"LFSL\" \/>\n<meta name=\"twitter:card\" content=\"summary_large_image\" \/>\n<script type=\"application\/ld+json\" class=\"yoast-schema-graph\">{\"@context\":\"https:\\\/\\\/schema.org\",\"@graph\":[{\"@type\":\"Article\",\"@id\":\"https:\\\/\\\/www.lfsl.net\\\/sv\\\/mote-med-forfattaren-jean-claude-mourlevat\\\/#article\",\"isPartOf\":{\"@id\":\"https:\\\/\\\/www.lfsl.net\\\/sv\\\/mote-med-forfattaren-jean-claude-mourlevat\\\/\"},\"author\":{\"name\":\"LFSL\",\"@id\":\"https:\\\/\\\/www.lfsl.net\\\/sv\\\/#\\\/schema\\\/person\\\/b844e4fec0b6546045ed48d495805bfc\"},\"headline\":\"M\u00f6te med f\u00f6rfattaren Jean-Claude Mourlevat\",\"datePublished\":\"2021-10-14T12:27:18+00:00\",\"dateModified\":\"2021-10-14T12:27:20+00:00\",\"mainEntityOfPage\":{\"@id\":\"https:\\\/\\\/www.lfsl.net\\\/sv\\\/mote-med-forfattaren-jean-claude-mourlevat\\\/\"},\"wordCount\":159,\"publisher\":{\"@id\":\"https:\\\/\\\/www.lfsl.net\\\/sv\\\/#organization\"},\"image\":{\"@id\":\"https:\\\/\\\/www.lfsl.net\\\/sv\\\/mote-med-forfattaren-jean-claude-mourlevat\\\/#primaryimage\"},\"thumbnailUrl\":\"https:\\\/\\\/www.lfsl.net\\\/wp-content\\\/uploads\\\/2021\\\/10\\\/Mourlevat_01_crop.jpg\",\"articleSection\":[\"Okategoriserad\"],\"inLanguage\":\"sv-SE\"},{\"@type\":\"WebPage\",\"@id\":\"https:\\\/\\\/www.lfsl.net\\\/sv\\\/mote-med-forfattaren-jean-claude-mourlevat\\\/\",\"url\":\"https:\\\/\\\/www.lfsl.net\\\/sv\\\/mote-med-forfattaren-jean-claude-mourlevat\\\/\",\"name\":\"M\u00f6te med f\u00f6rfattaren Jean-Claude Mourlevat &#8211; Lyc\u00e9e Fran\u00e7ais Saint Louis de Stockholm\",\"isPartOf\":{\"@id\":\"https:\\\/\\\/www.lfsl.net\\\/sv\\\/#website\"},\"primaryImageOfPage\":{\"@id\":\"https:\\\/\\\/www.lfsl.net\\\/sv\\\/mote-med-forfattaren-jean-claude-mourlevat\\\/#primaryimage\"},\"image\":{\"@id\":\"https:\\\/\\\/www.lfsl.net\\\/sv\\\/mote-med-forfattaren-jean-claude-mourlevat\\\/#primaryimage\"},\"thumbnailUrl\":\"https:\\\/\\\/www.lfsl.net\\\/wp-content\\\/uploads\\\/2021\\\/10\\\/Mourlevat_01_crop.jpg\",\"datePublished\":\"2021-10-14T12:27:18+00:00\",\"dateModified\":\"2021-10-14T12:27:20+00:00\",\"breadcrumb\":{\"@id\":\"https:\\\/\\\/www.lfsl.net\\\/sv\\\/mote-med-forfattaren-jean-claude-mourlevat\\\/#breadcrumb\"},\"inLanguage\":\"sv-SE\",\"potentialAction\":[{\"@type\":\"ReadAction\",\"target\":[\"https:\\\/\\\/www.lfsl.net\\\/sv\\\/mote-med-forfattaren-jean-claude-mourlevat\\\/\"]}]},{\"@type\":\"ImageObject\",\"inLanguage\":\"sv-SE\",\"@id\":\"https:\\\/\\\/www.lfsl.net\\\/sv\\\/mote-med-forfattaren-jean-claude-mourlevat\\\/#primaryimage\",\"url\":\"https:\\\/\\\/www.lfsl.net\\\/wp-content\\\/uploads\\\/2021\\\/10\\\/Mourlevat_01_crop.jpg\",\"contentUrl\":\"https:\\\/\\\/www.lfsl.net\\\/wp-content\\\/uploads\\\/2021\\\/10\\\/Mourlevat_01_crop.jpg\",\"width\":611,\"height\":344,\"caption\":\"Rencontre avec l'\u00e9crivain Jean-Claude Mourlevat\"},{\"@type\":\"BreadcrumbList\",\"@id\":\"https:\\\/\\\/www.lfsl.net\\\/sv\\\/mote-med-forfattaren-jean-claude-mourlevat\\\/#breadcrumb\",\"itemListElement\":[{\"@type\":\"ListItem\",\"position\":1,\"name\":\"Home\",\"item\":\"https:\\\/\\\/www.lfsl.net\\\/sv\\\/\"},{\"@type\":\"ListItem\",\"position\":2,\"name\":\"M\u00f6te med f\u00f6rfattaren Jean-Claude Mourlevat\"}]},{\"@type\":\"WebSite\",\"@id\":\"https:\\\/\\\/www.lfsl.net\\\/sv\\\/#website\",\"url\":\"https:\\\/\\\/www.lfsl.net\\\/sv\\\/\",\"name\":\"Lyc\u00e9e Fran\u00e7ais Saint Louis de Stockholm\",\"description\":\"\u00c9tablissement membre du r\u00e9seau AEFE\",\"publisher\":{\"@id\":\"https:\\\/\\\/www.lfsl.net\\\/sv\\\/#organization\"},\"potentialAction\":[{\"@type\":\"SearchAction\",\"target\":{\"@type\":\"EntryPoint\",\"urlTemplate\":\"https:\\\/\\\/www.lfsl.net\\\/sv\\\/?s={search_term_string}\"},\"query-input\":{\"@type\":\"PropertyValueSpecification\",\"valueRequired\":true,\"valueName\":\"search_term_string\"}}],\"inLanguage\":\"sv-SE\"},{\"@type\":\"Organization\",\"@id\":\"https:\\\/\\\/www.lfsl.net\\\/sv\\\/#organization\",\"name\":\"Lyc\u00e9e Fran\u00e7ais Saint Louis\",\"url\":\"https:\\\/\\\/www.lfsl.net\\\/sv\\\/\",\"logo\":{\"@type\":\"ImageObject\",\"inLanguage\":\"sv-SE\",\"@id\":\"https:\\\/\\\/www.lfsl.net\\\/sv\\\/#\\\/schema\\\/logo\\\/image\\\/\",\"url\":\"https:\\\/\\\/www.lfsl.net\\\/wp-content\\\/uploads\\\/2021\\\/03\\\/LFSL-logo.jpg\",\"contentUrl\":\"https:\\\/\\\/www.lfsl.net\\\/wp-content\\\/uploads\\\/2021\\\/03\\\/LFSL-logo.jpg\",\"width\":330,\"height\":473,\"caption\":\"Lyc\u00e9e Fran\u00e7ais Saint Louis\"},\"image\":{\"@id\":\"https:\\\/\\\/www.lfsl.net\\\/sv\\\/#\\\/schema\\\/logo\\\/image\\\/\"},\"sameAs\":[\"https:\\\/\\\/www.facebook.com\\\/Lyc\u00e9e-Francais-Saint-Louis-182116921840529\\\/\",\"https:\\\/\\\/www.instagram.com\\\/lyceefrancaisstockholm\\\/\",\"https:\\\/\\\/www.linkedin.com\\\/school\\\/lfsl\\\/\",\"https:\\\/\\\/www.youtube.com\\\/channel\\\/UCchS4IO4jE_YY0ILwn5NgGQ\"]},{\"@type\":\"Person\",\"@id\":\"https:\\\/\\\/www.lfsl.net\\\/sv\\\/#\\\/schema\\\/person\\\/b844e4fec0b6546045ed48d495805bfc\",\"name\":\"LFSL\",\"image\":{\"@type\":\"ImageObject\",\"inLanguage\":\"sv-SE\",\"@id\":\"https:\\\/\\\/secure.gravatar.com\\\/avatar\\\/8675186c12a5532dad5f25706eb6019c936983ed4945888898482ec1904338ec?s=96&d=mm&r=g\",\"url\":\"https:\\\/\\\/secure.gravatar.com\\\/avatar\\\/8675186c12a5532dad5f25706eb6019c936983ed4945888898482ec1904338ec?s=96&d=mm&r=g\",\"contentUrl\":\"https:\\\/\\\/secure.gravatar.com\\\/avatar\\\/8675186c12a5532dad5f25706eb6019c936983ed4945888898482ec1904338ec?s=96&d=mm&r=g\",\"caption\":\"LFSL\"},\"url\":\"https:\\\/\\\/www.lfsl.net\\\/sv\\\/author\\\/lfsladmin\\\/\"}]}<\/script>\n<!-- \/ Yoast SEO plugin. -->","yoast_head_json":{"title":"M\u00f6te med f\u00f6rfattaren Jean-Claude Mourlevat &#8211; Lyc\u00e9e Fran\u00e7ais Saint Louis de Stockholm","robots":{"index":"index","follow":"follow","max-snippet":"max-snippet:-1","max-image-preview":"max-image-preview:large","max-video-preview":"max-video-preview:-1"},"canonical":"https:\/\/www.lfsl.net\/sv\/mote-med-forfattaren-jean-claude-mourlevat\/","og_locale":"sv_SE","og_type":"article","og_title":"M\u00f6te med f\u00f6rfattaren Jean-Claude Mourlevat &#8211; Lyc\u00e9e Fran\u00e7ais Saint Louis de Stockholm","og_description":"M\u00e5ndagen den 27 september 2021 hade vi f\u00f6rm\u00e5nen att tr\u00e4ffa f\u00f6rfattaren Jean-Claude Mourlevat som kom till Sverige i samband med att han vunnit det prestigefyllda Alma-priset. Det var om hans jury-uppm\u00e4rksammade roman Jefferson som vi hade ett utbyte. \u00c4ven om den anses vara barnlitteratur, behandlar denna djurbrottsroman allvarliga och aktuella \u00e4mnen: djurmisshandel, vegetarianism, trakasserier och ... L\u00e4s mer","og_url":"https:\/\/www.lfsl.net\/sv\/mote-med-forfattaren-jean-claude-mourlevat\/","og_site_name":"Lyc\u00e9e Fran\u00e7ais Saint Louis de Stockholm","article_publisher":"https:\/\/www.facebook.com\/Lyc%c3%a9e-Francais-Saint-Louis-182116921840529\/","article_published_time":"2021-10-14T12:27:18+00:00","article_modified_time":"2021-10-14T12:27:20+00:00","og_image":[{"width":611,"height":344,"url":"https:\/\/www.lfsl.net\/wp-content\/uploads\/2021\/10\/Mourlevat_01_crop.jpg","type":"image\/jpeg"}],"author":"LFSL","twitter_card":"summary_large_image","schema":{"@context":"https:\/\/schema.org","@graph":[{"@type":"Article","@id":"https:\/\/www.lfsl.net\/sv\/mote-med-forfattaren-jean-claude-mourlevat\/#article","isPartOf":{"@id":"https:\/\/www.lfsl.net\/sv\/mote-med-forfattaren-jean-claude-mourlevat\/"},"author":{"name":"LFSL","@id":"https:\/\/www.lfsl.net\/sv\/#\/schema\/person\/b844e4fec0b6546045ed48d495805bfc"},"headline":"M\u00f6te med f\u00f6rfattaren Jean-Claude Mourlevat","datePublished":"2021-10-14T12:27:18+00:00","dateModified":"2021-10-14T12:27:20+00:00","mainEntityOfPage":{"@id":"https:\/\/www.lfsl.net\/sv\/mote-med-forfattaren-jean-claude-mourlevat\/"},"wordCount":159,"publisher":{"@id":"https:\/\/www.lfsl.net\/sv\/#organization"},"image":{"@id":"https:\/\/www.lfsl.net\/sv\/mote-med-forfattaren-jean-claude-mourlevat\/#primaryimage"},"thumbnailUrl":"https:\/\/www.lfsl.net\/wp-content\/uploads\/2021\/10\/Mourlevat_01_crop.jpg","articleSection":["Okategoriserad"],"inLanguage":"sv-SE"},{"@type":"WebPage","@id":"https:\/\/www.lfsl.net\/sv\/mote-med-forfattaren-jean-claude-mourlevat\/","url":"https:\/\/www.lfsl.net\/sv\/mote-med-forfattaren-jean-claude-mourlevat\/","name":"M\u00f6te med f\u00f6rfattaren Jean-Claude Mourlevat &#8211; Lyc\u00e9e Fran\u00e7ais Saint Louis de Stockholm","isPartOf":{"@id":"https:\/\/www.lfsl.net\/sv\/#website"},"primaryImageOfPage":{"@id":"https:\/\/www.lfsl.net\/sv\/mote-med-forfattaren-jean-claude-mourlevat\/#primaryimage"},"image":{"@id":"https:\/\/www.lfsl.net\/sv\/mote-med-forfattaren-jean-claude-mourlevat\/#primaryimage"},"thumbnailUrl":"https:\/\/www.lfsl.net\/wp-content\/uploads\/2021\/10\/Mourlevat_01_crop.jpg","datePublished":"2021-10-14T12:27:18+00:00","dateModified":"2021-10-14T12:27:20+00:00","breadcrumb":{"@id":"https:\/\/www.lfsl.net\/sv\/mote-med-forfattaren-jean-claude-mourlevat\/#breadcrumb"},"inLanguage":"sv-SE","potentialAction":[{"@type":"ReadAction","target":["https:\/\/www.lfsl.net\/sv\/mote-med-forfattaren-jean-claude-mourlevat\/"]}]},{"@type":"ImageObject","inLanguage":"sv-SE","@id":"https:\/\/www.lfsl.net\/sv\/mote-med-forfattaren-jean-claude-mourlevat\/#primaryimage","url":"https:\/\/www.lfsl.net\/wp-content\/uploads\/2021\/10\/Mourlevat_01_crop.jpg","contentUrl":"https:\/\/www.lfsl.net\/wp-content\/uploads\/2021\/10\/Mourlevat_01_crop.jpg","width":611,"height":344,"caption":"Rencontre avec l'\u00e9crivain Jean-Claude Mourlevat"},{"@type":"BreadcrumbList","@id":"https:\/\/www.lfsl.net\/sv\/mote-med-forfattaren-jean-claude-mourlevat\/#breadcrumb","itemListElement":[{"@type":"ListItem","position":1,"name":"Home","item":"https:\/\/www.lfsl.net\/sv\/"},{"@type":"ListItem","position":2,"name":"M\u00f6te med f\u00f6rfattaren Jean-Claude Mourlevat"}]},{"@type":"WebSite","@id":"https:\/\/www.lfsl.net\/sv\/#website","url":"https:\/\/www.lfsl.net\/sv\/","name":"Lyc\u00e9e Fran\u00e7ais Saint Louis de Stockholm","description":"\u00c9tablissement membre du r\u00e9seau AEFE","publisher":{"@id":"https:\/\/www.lfsl.net\/sv\/#organization"},"potentialAction":[{"@type":"SearchAction","target":{"@type":"EntryPoint","urlTemplate":"https:\/\/www.lfsl.net\/sv\/?s={search_term_string}"},"query-input":{"@type":"PropertyValueSpecification","valueRequired":true,"valueName":"search_term_string"}}],"inLanguage":"sv-SE"},{"@type":"Organization","@id":"https:\/\/www.lfsl.net\/sv\/#organization","name":"Lyc\u00e9e Fran\u00e7ais Saint Louis","url":"https:\/\/www.lfsl.net\/sv\/","logo":{"@type":"ImageObject","inLanguage":"sv-SE","@id":"https:\/\/www.lfsl.net\/sv\/#\/schema\/logo\/image\/","url":"https:\/\/www.lfsl.net\/wp-content\/uploads\/2021\/03\/LFSL-logo.jpg","contentUrl":"https:\/\/www.lfsl.net\/wp-content\/uploads\/2021\/03\/LFSL-logo.jpg","width":330,"height":473,"caption":"Lyc\u00e9e Fran\u00e7ais Saint Louis"},"image":{"@id":"https:\/\/www.lfsl.net\/sv\/#\/schema\/logo\/image\/"},"sameAs":["https:\/\/www.facebook.com\/Lyc\u00e9e-Francais-Saint-Louis-182116921840529\/","https:\/\/www.instagram.com\/lyceefrancaisstockholm\/","https:\/\/www.linkedin.com\/school\/lfsl\/","https:\/\/www.youtube.com\/channel\/UCchS4IO4jE_YY0ILwn5NgGQ"]},{"@type":"Person","@id":"https:\/\/www.lfsl.net\/sv\/#\/schema\/person\/b844e4fec0b6546045ed48d495805bfc","name":"LFSL","image":{"@type":"ImageObject","inLanguage":"sv-SE","@id":"https:\/\/secure.gravatar.com\/avatar\/8675186c12a5532dad5f25706eb6019c936983ed4945888898482ec1904338ec?s=96&d=mm&r=g","url":"https:\/\/secure.gravatar.com\/avatar\/8675186c12a5532dad5f25706eb6019c936983ed4945888898482ec1904338ec?s=96&d=mm&r=g","contentUrl":"https:\/\/secure.gravatar.com\/avatar\/8675186c12a5532dad5f25706eb6019c936983ed4945888898482ec1904338ec?s=96&d=mm&r=g","caption":"LFSL"},"url":"https:\/\/www.lfsl.net\/sv\/author\/lfsladmin\/"}]}},"_links":{"self":[{"href":"https:\/\/www.lfsl.net\/sv\/wp-json\/wp\/v2\/posts\/12160","targetHints":{"allow":["GET"]}}],"collection":[{"href":"https:\/\/www.lfsl.net\/sv\/wp-json\/wp\/v2\/posts"}],"about":[{"href":"https:\/\/www.lfsl.net\/sv\/wp-json\/wp\/v2\/types\/post"}],"author":[{"embeddable":true,"href":"https:\/\/www.lfsl.net\/sv\/wp-json\/wp\/v2\/users\/1"}],"replies":[{"embeddable":true,"href":"https:\/\/www.lfsl.net\/sv\/wp-json\/wp\/v2\/comments?post=12160"}],"version-history":[{"count":1,"href":"https:\/\/www.lfsl.net\/sv\/wp-json\/wp\/v2\/posts\/12160\/revisions"}],"predecessor-version":[{"id":12161,"href":"https:\/\/www.lfsl.net\/sv\/wp-json\/wp\/v2\/posts\/12160\/revisions\/12161"}],"wp:featuredmedia":[{"embeddable":true,"href":"https:\/\/www.lfsl.net\/sv\/wp-json\/wp\/v2\/media\/12143"}],"wp:attachment":[{"href":"https:\/\/www.lfsl.net\/sv\/wp-json\/wp\/v2\/media?parent=12160"}],"wp:term":[{"taxonomy":"category","embeddable":true,"href":"https:\/\/www.lfsl.net\/sv\/wp-json\/wp\/v2\/categories?post=12160"},{"taxonomy":"post_tag","embeddable":true,"href":"https:\/\/www.lfsl.net\/sv\/wp-json\/wp\/v2\/tags?post=12160"}],"curies":[{"name":"wp","href":"https:\/\/api.w.org\/{rel}","templated":true}]}}