{"id":12721,"date":"2022-01-17T13:57:27","date_gmt":"2022-01-17T13:57:27","guid":{"rendered":"https:\/\/www.lfsl.net\/?p=12721"},"modified":"2022-01-17T13:57:29","modified_gmt":"2022-01-17T13:57:29","slug":"information-protokoll-for-hygienrutiner-och-pedagogiska-anpassningar-fran-den-17-janauri-2022","status":"publish","type":"post","link":"https:\/\/www.lfsl.net\/sv\/information-protokoll-for-hygienrutiner-och-pedagogiska-anpassningar-fran-den-17-janauri-2022\/","title":{"rendered":"Information &#8211; protokoll f\u00f6r hygienrutiner och pedagogiska anpassningar fr\u00e5n den 17 janauri 2022"},"content":{"rendered":"\n<p>K\u00e4ra f\u00f6r\u00e4ldrar,<\/p>\n\n\n\n<p>Efter CHSCT-m\u00f6tet idag f\u00f6r att bed\u00f6ma h\u00e4lsosituationen, vill vi be er att konsultera protokollet f\u00f6r hygienrutiner och pedagogiska anpassningar, som uppdaterats fr\u00e5n och med 17 januari 2022, genom att f\u00f6lja <a href=\"https:\/\/www.lfsl.net\/wp-content\/uploads\/2022\/01\/Protokoll-for-hygienrutiner-och-pedagogiska-17.01.2022_SUE.pdf\" target=\"_blank\" rel=\"noreferrer noopener\">denna l\u00e4nk<\/a>.<br>Vi tackar f\u00f6r er f\u00f6rst\u00e5else och ert bidrag till en god f\u00f6ljsamhet av protokollet f\u00f6r hygienrutiner och pedagogiska anpassningar.<\/p>\n\n\n\n<p>V\u00e4nliga h\u00e4lsningar,<br>Aur\u00e9lien LOYSON<br>Proviseur \/ Chef d\u2019\u00e9tablissement \/ Rektor \/ Headmaster<\/p>\n","protected":false},"excerpt":{"rendered":"<p>K\u00e4ra f\u00f6r\u00e4ldrar, Efter CHSCT-m\u00f6tet idag f\u00f6r att bed\u00f6ma h\u00e4lsosituationen, vill vi be er att konsultera protokollet f\u00f6r hygienrutiner och pedagogiska anpassningar, som uppdaterats fr\u00e5n och med 17 januari 2022, genom att f\u00f6lja denna l\u00e4nk.Vi tackar f\u00f6r er f\u00f6rst\u00e5else och ert bidrag till en god f\u00f6ljsamhet av protokollet f\u00f6r hygienrutiner och pedagogiska anpassningar. V\u00e4nliga h\u00e4lsningar,Aur\u00e9lien LOYSONProviseur &#8230; <\/p>\n<p class=\"read-more-container\"><a title=\"Information &#8211; protokoll f\u00f6r hygienrutiner och pedagogiska anpassningar fr\u00e5n den 17 janauri 2022\" class=\"read-more button\" href=\"https:\/\/www.lfsl.net\/sv\/information-protokoll-for-hygienrutiner-och-pedagogiska-anpassningar-fran-den-17-janauri-2022\/#more-12721\" aria-label=\"L\u00e4s mer om Information &#8211; protokoll f\u00f6r hygienrutiner och pedagogiska anpassningar fr\u00e5n den 17 janauri 2022\">L\u00e4s mer<\/a><\/p>\n","protected":false},"author":1,"featured_media":12408,"comment_status":"closed","ping_status":"closed","sticky":false,"template":"","format":"standard","meta":{"footnotes":""},"categories":[7],"tags":[],"class_list":["post-12721","post","type-post","status-publish","format-standard","has-post-thumbnail","hentry","category-okategoriserad"],"yoast_head":"<!-- This site is optimized with the Yoast SEO plugin v27.4 - https:\/\/yoast.com\/product\/yoast-seo-wordpress\/ -->\n<title>Information - protokoll f\u00f6r hygienrutiner och pedagogiska anpassningar fr\u00e5n den 17 janauri 2022 &#8211; Lyc\u00e9e Fran\u00e7ais Saint Louis de Stockholm<\/title>\n<meta name=\"robots\" content=\"index, follow, max-snippet:-1, max-image-preview:large, max-video-preview:-1\" \/>\n<link rel=\"canonical\" href=\"https:\/\/www.lfsl.net\/sv\/information-protokoll-for-hygienrutiner-och-pedagogiska-anpassningar-fran-den-17-janauri-2022\/\" \/>\n<meta property=\"og:locale\" content=\"sv_SE\" \/>\n<meta property=\"og:type\" content=\"article\" \/>\n<meta property=\"og:title\" content=\"Information - protokoll f\u00f6r hygienrutiner och pedagogiska anpassningar fr\u00e5n den 17 janauri 2022 &#8211; Lyc\u00e9e Fran\u00e7ais Saint Louis de Stockholm\" \/>\n<meta property=\"og:description\" content=\"K\u00e4ra f\u00f6r\u00e4ldrar, Efter CHSCT-m\u00f6tet idag f\u00f6r att bed\u00f6ma h\u00e4lsosituationen, vill vi be er att konsultera protokollet f\u00f6r hygienrutiner och pedagogiska anpassningar, som uppdaterats fr\u00e5n och med 17 januari 2022, genom att f\u00f6lja denna l\u00e4nk.Vi tackar f\u00f6r er f\u00f6rst\u00e5else och ert bidrag till en god f\u00f6ljsamhet av protokollet f\u00f6r hygienrutiner och pedagogiska anpassningar. V\u00e4nliga h\u00e4lsningar,Aur\u00e9lien LOYSONProviseur ... L\u00e4s mer\" \/>\n<meta property=\"og:url\" content=\"https:\/\/www.lfsl.net\/sv\/information-protokoll-for-hygienrutiner-och-pedagogiska-anpassningar-fran-den-17-janauri-2022\/\" \/>\n<meta property=\"og:site_name\" content=\"Lyc\u00e9e Fran\u00e7ais Saint Louis de Stockholm\" \/>\n<meta property=\"article:publisher\" content=\"https:\/\/www.facebook.com\/Lyc%c3%a9e-Francais-Saint-Louis-182116921840529\/\" \/>\n<meta property=\"article:published_time\" content=\"2022-01-17T13:57:27+00:00\" \/>\n<meta property=\"article:modified_time\" content=\"2022-01-17T13:57:29+00:00\" \/>\n<meta property=\"og:image\" content=\"https:\/\/www.lfsl.net\/wp-content\/uploads\/2021\/11\/LFSL_logo_crop2.jpg\" \/>\n\t<meta property=\"og:image:width\" content=\"704\" \/>\n\t<meta property=\"og:image:height\" content=\"396\" \/>\n\t<meta property=\"og:image:type\" content=\"image\/jpeg\" \/>\n<meta name=\"author\" content=\"LFSL\" \/>\n<meta name=\"twitter:card\" content=\"summary_large_image\" \/>\n<script type=\"application\/ld+json\" class=\"yoast-schema-graph\">{\"@context\":\"https:\\\/\\\/schema.org\",\"@graph\":[{\"@type\":\"Article\",\"@id\":\"https:\\\/\\\/www.lfsl.net\\\/sv\\\/information-protokoll-for-hygienrutiner-och-pedagogiska-anpassningar-fran-den-17-janauri-2022\\\/#article\",\"isPartOf\":{\"@id\":\"https:\\\/\\\/www.lfsl.net\\\/sv\\\/information-protokoll-for-hygienrutiner-och-pedagogiska-anpassningar-fran-den-17-janauri-2022\\\/\"},\"author\":{\"name\":\"LFSL\",\"@id\":\"https:\\\/\\\/www.lfsl.net\\\/sv\\\/#\\\/schema\\\/person\\\/b844e4fec0b6546045ed48d495805bfc\"},\"headline\":\"Information &#8211; protokoll f\u00f6r hygienrutiner och pedagogiska anpassningar fr\u00e5n den 17 janauri 2022\",\"datePublished\":\"2022-01-17T13:57:27+00:00\",\"dateModified\":\"2022-01-17T13:57:29+00:00\",\"mainEntityOfPage\":{\"@id\":\"https:\\\/\\\/www.lfsl.net\\\/sv\\\/information-protokoll-for-hygienrutiner-och-pedagogiska-anpassningar-fran-den-17-janauri-2022\\\/\"},\"wordCount\":92,\"publisher\":{\"@id\":\"https:\\\/\\\/www.lfsl.net\\\/sv\\\/#organization\"},\"image\":{\"@id\":\"https:\\\/\\\/www.lfsl.net\\\/sv\\\/information-protokoll-for-hygienrutiner-och-pedagogiska-anpassningar-fran-den-17-janauri-2022\\\/#primaryimage\"},\"thumbnailUrl\":\"https:\\\/\\\/www.lfsl.net\\\/wp-content\\\/uploads\\\/2021\\\/11\\\/LFSL_logo_crop2.jpg\",\"articleSection\":[\"Okategoriserad\"],\"inLanguage\":\"sv-SE\"},{\"@type\":\"WebPage\",\"@id\":\"https:\\\/\\\/www.lfsl.net\\\/sv\\\/information-protokoll-for-hygienrutiner-och-pedagogiska-anpassningar-fran-den-17-janauri-2022\\\/\",\"url\":\"https:\\\/\\\/www.lfsl.net\\\/sv\\\/information-protokoll-for-hygienrutiner-och-pedagogiska-anpassningar-fran-den-17-janauri-2022\\\/\",\"name\":\"Information - protokoll f\u00f6r hygienrutiner och pedagogiska anpassningar fr\u00e5n den 17 janauri 2022 &#8211; Lyc\u00e9e Fran\u00e7ais Saint Louis de Stockholm\",\"isPartOf\":{\"@id\":\"https:\\\/\\\/www.lfsl.net\\\/sv\\\/#website\"},\"primaryImageOfPage\":{\"@id\":\"https:\\\/\\\/www.lfsl.net\\\/sv\\\/information-protokoll-for-hygienrutiner-och-pedagogiska-anpassningar-fran-den-17-janauri-2022\\\/#primaryimage\"},\"image\":{\"@id\":\"https:\\\/\\\/www.lfsl.net\\\/sv\\\/information-protokoll-for-hygienrutiner-och-pedagogiska-anpassningar-fran-den-17-janauri-2022\\\/#primaryimage\"},\"thumbnailUrl\":\"https:\\\/\\\/www.lfsl.net\\\/wp-content\\\/uploads\\\/2021\\\/11\\\/LFSL_logo_crop2.jpg\",\"datePublished\":\"2022-01-17T13:57:27+00:00\",\"dateModified\":\"2022-01-17T13:57:29+00:00\",\"breadcrumb\":{\"@id\":\"https:\\\/\\\/www.lfsl.net\\\/sv\\\/information-protokoll-for-hygienrutiner-och-pedagogiska-anpassningar-fran-den-17-janauri-2022\\\/#breadcrumb\"},\"inLanguage\":\"sv-SE\",\"potentialAction\":[{\"@type\":\"ReadAction\",\"target\":[\"https:\\\/\\\/www.lfsl.net\\\/sv\\\/information-protokoll-for-hygienrutiner-och-pedagogiska-anpassningar-fran-den-17-janauri-2022\\\/\"]}]},{\"@type\":\"ImageObject\",\"inLanguage\":\"sv-SE\",\"@id\":\"https:\\\/\\\/www.lfsl.net\\\/sv\\\/information-protokoll-for-hygienrutiner-och-pedagogiska-anpassningar-fran-den-17-janauri-2022\\\/#primaryimage\",\"url\":\"https:\\\/\\\/www.lfsl.net\\\/wp-content\\\/uploads\\\/2021\\\/11\\\/LFSL_logo_crop2.jpg\",\"contentUrl\":\"https:\\\/\\\/www.lfsl.net\\\/wp-content\\\/uploads\\\/2021\\\/11\\\/LFSL_logo_crop2.jpg\",\"width\":704,\"height\":396},{\"@type\":\"BreadcrumbList\",\"@id\":\"https:\\\/\\\/www.lfsl.net\\\/sv\\\/information-protokoll-for-hygienrutiner-och-pedagogiska-anpassningar-fran-den-17-janauri-2022\\\/#breadcrumb\",\"itemListElement\":[{\"@type\":\"ListItem\",\"position\":1,\"name\":\"Home\",\"item\":\"https:\\\/\\\/www.lfsl.net\\\/sv\\\/\"},{\"@type\":\"ListItem\",\"position\":2,\"name\":\"Information &#8211; protokoll f\u00f6r hygienrutiner och pedagogiska anpassningar fr\u00e5n den 17 janauri 2022\"}]},{\"@type\":\"WebSite\",\"@id\":\"https:\\\/\\\/www.lfsl.net\\\/sv\\\/#website\",\"url\":\"https:\\\/\\\/www.lfsl.net\\\/sv\\\/\",\"name\":\"Lyc\u00e9e Fran\u00e7ais Saint Louis de Stockholm\",\"description\":\"\u00c9tablissement membre du r\u00e9seau AEFE\",\"publisher\":{\"@id\":\"https:\\\/\\\/www.lfsl.net\\\/sv\\\/#organization\"},\"potentialAction\":[{\"@type\":\"SearchAction\",\"target\":{\"@type\":\"EntryPoint\",\"urlTemplate\":\"https:\\\/\\\/www.lfsl.net\\\/sv\\\/?s={search_term_string}\"},\"query-input\":{\"@type\":\"PropertyValueSpecification\",\"valueRequired\":true,\"valueName\":\"search_term_string\"}}],\"inLanguage\":\"sv-SE\"},{\"@type\":\"Organization\",\"@id\":\"https:\\\/\\\/www.lfsl.net\\\/sv\\\/#organization\",\"name\":\"Lyc\u00e9e Fran\u00e7ais Saint Louis\",\"url\":\"https:\\\/\\\/www.lfsl.net\\\/sv\\\/\",\"logo\":{\"@type\":\"ImageObject\",\"inLanguage\":\"sv-SE\",\"@id\":\"https:\\\/\\\/www.lfsl.net\\\/sv\\\/#\\\/schema\\\/logo\\\/image\\\/\",\"url\":\"https:\\\/\\\/www.lfsl.net\\\/wp-content\\\/uploads\\\/2021\\\/03\\\/LFSL-logo.jpg\",\"contentUrl\":\"https:\\\/\\\/www.lfsl.net\\\/wp-content\\\/uploads\\\/2021\\\/03\\\/LFSL-logo.jpg\",\"width\":330,\"height\":473,\"caption\":\"Lyc\u00e9e Fran\u00e7ais Saint Louis\"},\"image\":{\"@id\":\"https:\\\/\\\/www.lfsl.net\\\/sv\\\/#\\\/schema\\\/logo\\\/image\\\/\"},\"sameAs\":[\"https:\\\/\\\/www.facebook.com\\\/Lyc\u00e9e-Francais-Saint-Louis-182116921840529\\\/\",\"https:\\\/\\\/www.instagram.com\\\/lyceefrancaisstockholm\\\/\",\"https:\\\/\\\/www.linkedin.com\\\/school\\\/lfsl\\\/\",\"https:\\\/\\\/www.youtube.com\\\/channel\\\/UCchS4IO4jE_YY0ILwn5NgGQ\"]},{\"@type\":\"Person\",\"@id\":\"https:\\\/\\\/www.lfsl.net\\\/sv\\\/#\\\/schema\\\/person\\\/b844e4fec0b6546045ed48d495805bfc\",\"name\":\"LFSL\",\"image\":{\"@type\":\"ImageObject\",\"inLanguage\":\"sv-SE\",\"@id\":\"https:\\\/\\\/secure.gravatar.com\\\/avatar\\\/8675186c12a5532dad5f25706eb6019c936983ed4945888898482ec1904338ec?s=96&d=mm&r=g\",\"url\":\"https:\\\/\\\/secure.gravatar.com\\\/avatar\\\/8675186c12a5532dad5f25706eb6019c936983ed4945888898482ec1904338ec?s=96&d=mm&r=g\",\"contentUrl\":\"https:\\\/\\\/secure.gravatar.com\\\/avatar\\\/8675186c12a5532dad5f25706eb6019c936983ed4945888898482ec1904338ec?s=96&d=mm&r=g\",\"caption\":\"LFSL\"},\"url\":\"https:\\\/\\\/www.lfsl.net\\\/sv\\\/author\\\/lfsladmin\\\/\"}]}<\/script>\n<!-- \/ Yoast SEO plugin. -->","yoast_head_json":{"title":"Information - protokoll f\u00f6r hygienrutiner och pedagogiska anpassningar fr\u00e5n den 17 janauri 2022 &#8211; Lyc\u00e9e Fran\u00e7ais Saint Louis de Stockholm","robots":{"index":"index","follow":"follow","max-snippet":"max-snippet:-1","max-image-preview":"max-image-preview:large","max-video-preview":"max-video-preview:-1"},"canonical":"https:\/\/www.lfsl.net\/sv\/information-protokoll-for-hygienrutiner-och-pedagogiska-anpassningar-fran-den-17-janauri-2022\/","og_locale":"sv_SE","og_type":"article","og_title":"Information - protokoll f\u00f6r hygienrutiner och pedagogiska anpassningar fr\u00e5n den 17 janauri 2022 &#8211; Lyc\u00e9e Fran\u00e7ais Saint Louis de Stockholm","og_description":"K\u00e4ra f\u00f6r\u00e4ldrar, Efter CHSCT-m\u00f6tet idag f\u00f6r att bed\u00f6ma h\u00e4lsosituationen, vill vi be er att konsultera protokollet f\u00f6r hygienrutiner och pedagogiska anpassningar, som uppdaterats fr\u00e5n och med 17 januari 2022, genom att f\u00f6lja denna l\u00e4nk.Vi tackar f\u00f6r er f\u00f6rst\u00e5else och ert bidrag till en god f\u00f6ljsamhet av protokollet f\u00f6r hygienrutiner och pedagogiska anpassningar. V\u00e4nliga h\u00e4lsningar,Aur\u00e9lien LOYSONProviseur ... L\u00e4s mer","og_url":"https:\/\/www.lfsl.net\/sv\/information-protokoll-for-hygienrutiner-och-pedagogiska-anpassningar-fran-den-17-janauri-2022\/","og_site_name":"Lyc\u00e9e Fran\u00e7ais Saint Louis de Stockholm","article_publisher":"https:\/\/www.facebook.com\/Lyc%c3%a9e-Francais-Saint-Louis-182116921840529\/","article_published_time":"2022-01-17T13:57:27+00:00","article_modified_time":"2022-01-17T13:57:29+00:00","og_image":[{"width":704,"height":396,"url":"https:\/\/www.lfsl.net\/wp-content\/uploads\/2021\/11\/LFSL_logo_crop2.jpg","type":"image\/jpeg"}],"author":"LFSL","twitter_card":"summary_large_image","schema":{"@context":"https:\/\/schema.org","@graph":[{"@type":"Article","@id":"https:\/\/www.lfsl.net\/sv\/information-protokoll-for-hygienrutiner-och-pedagogiska-anpassningar-fran-den-17-janauri-2022\/#article","isPartOf":{"@id":"https:\/\/www.lfsl.net\/sv\/information-protokoll-for-hygienrutiner-och-pedagogiska-anpassningar-fran-den-17-janauri-2022\/"},"author":{"name":"LFSL","@id":"https:\/\/www.lfsl.net\/sv\/#\/schema\/person\/b844e4fec0b6546045ed48d495805bfc"},"headline":"Information &#8211; protokoll f\u00f6r hygienrutiner och pedagogiska anpassningar fr\u00e5n den 17 janauri 2022","datePublished":"2022-01-17T13:57:27+00:00","dateModified":"2022-01-17T13:57:29+00:00","mainEntityOfPage":{"@id":"https:\/\/www.lfsl.net\/sv\/information-protokoll-for-hygienrutiner-och-pedagogiska-anpassningar-fran-den-17-janauri-2022\/"},"wordCount":92,"publisher":{"@id":"https:\/\/www.lfsl.net\/sv\/#organization"},"image":{"@id":"https:\/\/www.lfsl.net\/sv\/information-protokoll-for-hygienrutiner-och-pedagogiska-anpassningar-fran-den-17-janauri-2022\/#primaryimage"},"thumbnailUrl":"https:\/\/www.lfsl.net\/wp-content\/uploads\/2021\/11\/LFSL_logo_crop2.jpg","articleSection":["Okategoriserad"],"inLanguage":"sv-SE"},{"@type":"WebPage","@id":"https:\/\/www.lfsl.net\/sv\/information-protokoll-for-hygienrutiner-och-pedagogiska-anpassningar-fran-den-17-janauri-2022\/","url":"https:\/\/www.lfsl.net\/sv\/information-protokoll-for-hygienrutiner-och-pedagogiska-anpassningar-fran-den-17-janauri-2022\/","name":"Information - protokoll f\u00f6r hygienrutiner och pedagogiska anpassningar fr\u00e5n den 17 janauri 2022 &#8211; Lyc\u00e9e Fran\u00e7ais Saint Louis de Stockholm","isPartOf":{"@id":"https:\/\/www.lfsl.net\/sv\/#website"},"primaryImageOfPage":{"@id":"https:\/\/www.lfsl.net\/sv\/information-protokoll-for-hygienrutiner-och-pedagogiska-anpassningar-fran-den-17-janauri-2022\/#primaryimage"},"image":{"@id":"https:\/\/www.lfsl.net\/sv\/information-protokoll-for-hygienrutiner-och-pedagogiska-anpassningar-fran-den-17-janauri-2022\/#primaryimage"},"thumbnailUrl":"https:\/\/www.lfsl.net\/wp-content\/uploads\/2021\/11\/LFSL_logo_crop2.jpg","datePublished":"2022-01-17T13:57:27+00:00","dateModified":"2022-01-17T13:57:29+00:00","breadcrumb":{"@id":"https:\/\/www.lfsl.net\/sv\/information-protokoll-for-hygienrutiner-och-pedagogiska-anpassningar-fran-den-17-janauri-2022\/#breadcrumb"},"inLanguage":"sv-SE","potentialAction":[{"@type":"ReadAction","target":["https:\/\/www.lfsl.net\/sv\/information-protokoll-for-hygienrutiner-och-pedagogiska-anpassningar-fran-den-17-janauri-2022\/"]}]},{"@type":"ImageObject","inLanguage":"sv-SE","@id":"https:\/\/www.lfsl.net\/sv\/information-protokoll-for-hygienrutiner-och-pedagogiska-anpassningar-fran-den-17-janauri-2022\/#primaryimage","url":"https:\/\/www.lfsl.net\/wp-content\/uploads\/2021\/11\/LFSL_logo_crop2.jpg","contentUrl":"https:\/\/www.lfsl.net\/wp-content\/uploads\/2021\/11\/LFSL_logo_crop2.jpg","width":704,"height":396},{"@type":"BreadcrumbList","@id":"https:\/\/www.lfsl.net\/sv\/information-protokoll-for-hygienrutiner-och-pedagogiska-anpassningar-fran-den-17-janauri-2022\/#breadcrumb","itemListElement":[{"@type":"ListItem","position":1,"name":"Home","item":"https:\/\/www.lfsl.net\/sv\/"},{"@type":"ListItem","position":2,"name":"Information &#8211; protokoll f\u00f6r hygienrutiner och pedagogiska anpassningar fr\u00e5n den 17 janauri 2022"}]},{"@type":"WebSite","@id":"https:\/\/www.lfsl.net\/sv\/#website","url":"https:\/\/www.lfsl.net\/sv\/","name":"Lyc\u00e9e Fran\u00e7ais Saint Louis de Stockholm","description":"\u00c9tablissement membre du r\u00e9seau AEFE","publisher":{"@id":"https:\/\/www.lfsl.net\/sv\/#organization"},"potentialAction":[{"@type":"SearchAction","target":{"@type":"EntryPoint","urlTemplate":"https:\/\/www.lfsl.net\/sv\/?s={search_term_string}"},"query-input":{"@type":"PropertyValueSpecification","valueRequired":true,"valueName":"search_term_string"}}],"inLanguage":"sv-SE"},{"@type":"Organization","@id":"https:\/\/www.lfsl.net\/sv\/#organization","name":"Lyc\u00e9e Fran\u00e7ais Saint Louis","url":"https:\/\/www.lfsl.net\/sv\/","logo":{"@type":"ImageObject","inLanguage":"sv-SE","@id":"https:\/\/www.lfsl.net\/sv\/#\/schema\/logo\/image\/","url":"https:\/\/www.lfsl.net\/wp-content\/uploads\/2021\/03\/LFSL-logo.jpg","contentUrl":"https:\/\/www.lfsl.net\/wp-content\/uploads\/2021\/03\/LFSL-logo.jpg","width":330,"height":473,"caption":"Lyc\u00e9e Fran\u00e7ais Saint Louis"},"image":{"@id":"https:\/\/www.lfsl.net\/sv\/#\/schema\/logo\/image\/"},"sameAs":["https:\/\/www.facebook.com\/Lyc\u00e9e-Francais-Saint-Louis-182116921840529\/","https:\/\/www.instagram.com\/lyceefrancaisstockholm\/","https:\/\/www.linkedin.com\/school\/lfsl\/","https:\/\/www.youtube.com\/channel\/UCchS4IO4jE_YY0ILwn5NgGQ"]},{"@type":"Person","@id":"https:\/\/www.lfsl.net\/sv\/#\/schema\/person\/b844e4fec0b6546045ed48d495805bfc","name":"LFSL","image":{"@type":"ImageObject","inLanguage":"sv-SE","@id":"https:\/\/secure.gravatar.com\/avatar\/8675186c12a5532dad5f25706eb6019c936983ed4945888898482ec1904338ec?s=96&d=mm&r=g","url":"https:\/\/secure.gravatar.com\/avatar\/8675186c12a5532dad5f25706eb6019c936983ed4945888898482ec1904338ec?s=96&d=mm&r=g","contentUrl":"https:\/\/secure.gravatar.com\/avatar\/8675186c12a5532dad5f25706eb6019c936983ed4945888898482ec1904338ec?s=96&d=mm&r=g","caption":"LFSL"},"url":"https:\/\/www.lfsl.net\/sv\/author\/lfsladmin\/"}]}},"_links":{"self":[{"href":"https:\/\/www.lfsl.net\/sv\/wp-json\/wp\/v2\/posts\/12721","targetHints":{"allow":["GET"]}}],"collection":[{"href":"https:\/\/www.lfsl.net\/sv\/wp-json\/wp\/v2\/posts"}],"about":[{"href":"https:\/\/www.lfsl.net\/sv\/wp-json\/wp\/v2\/types\/post"}],"author":[{"embeddable":true,"href":"https:\/\/www.lfsl.net\/sv\/wp-json\/wp\/v2\/users\/1"}],"replies":[{"embeddable":true,"href":"https:\/\/www.lfsl.net\/sv\/wp-json\/wp\/v2\/comments?post=12721"}],"version-history":[{"count":2,"href":"https:\/\/www.lfsl.net\/sv\/wp-json\/wp\/v2\/posts\/12721\/revisions"}],"predecessor-version":[{"id":12723,"href":"https:\/\/www.lfsl.net\/sv\/wp-json\/wp\/v2\/posts\/12721\/revisions\/12723"}],"wp:featuredmedia":[{"embeddable":true,"href":"https:\/\/www.lfsl.net\/sv\/wp-json\/wp\/v2\/media\/12408"}],"wp:attachment":[{"href":"https:\/\/www.lfsl.net\/sv\/wp-json\/wp\/v2\/media?parent=12721"}],"wp:term":[{"taxonomy":"category","embeddable":true,"href":"https:\/\/www.lfsl.net\/sv\/wp-json\/wp\/v2\/categories?post=12721"},{"taxonomy":"post_tag","embeddable":true,"href":"https:\/\/www.lfsl.net\/sv\/wp-json\/wp\/v2\/tags?post=12721"}],"curies":[{"name":"wp","href":"https:\/\/api.w.org\/{rel}","templated":true}]}}