{"id":16669,"date":"2023-04-21T13:44:18","date_gmt":"2023-04-21T13:44:18","guid":{"rendered":"https:\/\/www.lfsl.net\/?p=16669"},"modified":"2023-04-21T13:44:19","modified_gmt":"2023-04-21T13:44:19","slug":"perioden-for-aterinskrivning-2023-24-ar-oppen","status":"publish","type":"post","link":"https:\/\/www.lfsl.net\/sv\/perioden-for-aterinskrivning-2023-24-ar-oppen\/","title":{"rendered":"Perioden f\u00f6r \u00e5terinskrivning 2023-24 \u00e4r \u00f6ppen"},"content":{"rendered":"\n<p><em>B\u00e4sta f\u00f6r\u00e4ldrar \/ v\u00e5rdnadshavare,\u00a0<br>\u00a0<\/em><br>\u00a0<em>Jag \u00e4r glad att kunna informera er om att perioden f\u00f6r \u00e5terinskrivning kommer vara \u00f6ppen <\/em><strong><em>fr\u00e5n 21 april till 10 maj 2023<\/em><\/strong><em>.\u00a0<\/em><\/p>\n\n\n\n<p><em>Liksom tidigare \u00e5r kommer \u00e5terinskrivningen av ditt\/dina barn endast att ske online, via EDUKA-plattformen, som ni hittar genom att klicka p\u00e5 denna l\u00e4nk (eller p\u00e5 skolans hemsida, under fliken Inskrivninsprocessen):\u00a0<\/em><br>\u00a0<br><a href=\"https:\/\/lfsl.eduka.school\">https:\/\/lfsl.eduka.school<\/a><\/p>\n\n\n\n<p><em>F\u00f6r att f\u00e5 tillg\u00e5ng till all n\u00f6dv\u00e4ndig information ber vi er att konsultera f\u00f6ljande dokument (tillg\u00e4ngliga online eller p\u00e5 dokumentsidan i Eduka):&nbsp;<\/em><\/p>\n\n\n\n<p><em>\u2022 <a href=\"https:\/\/lfsl.eduka.school\/email\/openlink\/3144\/501b09aefb?u=2X1BF9f%2FlsSjLM2l2OEVm%2BuOLr6UO5rOP1liafz9wtOUqIRS%2BZFpHrjqp3IpnfZoQcFNuNp3KtQd6B3tp%2BeYPvveKTUvTk9LA8XrKFlkhfgh0hG3zqrkZZBY3x60db2Cdvz7ZZPM7uji0A%3D%3D\">\u00c5terinskrivningsguiden<\/a> som beskriver n\u00f6dv\u00e4ndiga administrativa och tekniska steg ;&nbsp;<\/em><\/p>\n\n\n\n<p><em>\u2022 <a href=\"https:\/\/lfsl.eduka.school\/email\/openlink\/3144\/501b09aefb?u=aoQLew%2FWyz134fhDKyWjVyXRzbGwT88hb2skwrjShOnCVPk1n2NqmFqS1grrLaNU%2BujxqmVxsU2Tde8jNQhdzHvuj505tcVcVco2lfnssFyT0E3PxDXNn5jMfnvBd56QbDLN2NIHlK8Dz5NqK2ReBhCF4xUA2aA%3D\">Den prelimin\u00e4ra skolkalendern f\u00f6r l\u00e4s\u00e5ret 2023-2024<\/a> : dess slutliga version kommer att skickas till er efter validering av AEFE;&nbsp;<\/em><\/p>\n\n\n\n<p><em>\u2022\u202f<a href=\"https:\/\/lfsl.eduka.school\/email\/openlink\/3144\/501b09aefb?u=E%2FRmw%2FsVadP3v7H%2FhgyJXofPZNvD0LopAyrZWU1rzwb%2BgaTdyotgtU%2FWyHKtGKdXqt093PnIKV%2BTJbMk5yi8SoFJV0M%2BjoxHlrByCYivnZ1Il%2BupvfOH%2BBaI\" target=\"_blank\" rel=\"noreferrer noopener\">Den ekonomiska f\u00f6rordningen<\/a><a href=\"https:\/\/lfsl.eduka.school\/email\/openlink\/3144\/501b09aefb?u=aoGlKAeaC34Xk7YDK4%2FtxsIWNr1OE3isGl%2BHhl58RbbQWHW2VhGpneEZlTpnxBbngAAUUAClwFtRgTCxtt7A4yTFTtcAFJtAJGFoWBqeINoEW4tGl1y8N0TF\">&nbsp;<\/a><\/em><\/p>\n\n\n\n<p><em>\u2022<a href=\"https:\/\/lfsl.eduka.school\/email\/openlink\/3144\/501b09aefb?u=EaPDj7ZSiJjCY5jWPS9VHiuYi5v0QqrFF3DO7mK9RCp0he69nfk4xB1mQhcnOqyIe9O%2FOikZVXPR%2BnSt5eHZ\">\u202fSkolreglerna\u00a0<\/a><br>\u00a0<\/em><br>\u00a0<em>Processen m\u00e5ste slutf\u00f6ras \u00e4ven om du inte \u00e5terinskriver ditt\/dina barn. Valen av vissa valfria kurser, framf\u00f6r allt p\u00e5 gymnasiet, kommer att bekr\u00e4ftas i slutet av l\u00e4s\u00e5ret eftersom det just nu p\u00e5g\u00e5r en pedagogisk dialog kring de val som ska g\u00f6ras.\u00a0<br>\u00a0<\/em>\u00a0<\/p>\n\n\n\n<p><em>Trots de r\u00e5dande omst\u00e4ndigheterna har styrelsen \u00e5terigen valt att inte \u00e4ndra terminsavgifterna f\u00f6r n\u00e4sta l\u00e4s\u00e5r: detta \u00e4r en stark signal till skolans gemenskap som jag skulle vilja uppm\u00e4rksamma er p\u00e5. Det visar en \u00f6nskan att p\u00e5 l\u00e5ng sikt f\u00f6lja de elever som har anf\u00f6rtrotts skolan.&nbsp;<\/em><em><br>&nbsp;<br>P\u00e5 uppdrag av Stiftelsen Lyc\u00e9e Fran\u00e7ais Saint Louis vill jag tacka er f\u00f6r det f\u00f6rtroende ni har visat f\u00f6r skolan och dess team.&nbsp;<\/em><\/p>\n\n\n\n<p><em>\u202f\u00a0V\u00e4nliga h\u00e4lsningar,\u00a0<\/em><\/p>\n\n\n\n<p><em>Denis Ravaille, Rektor&nbsp;<\/em><\/p>\n","protected":false},"excerpt":{"rendered":"<p>B\u00e4sta f\u00f6r\u00e4ldrar \/ v\u00e5rdnadshavare,\u00a0\u00a0\u00a0Jag \u00e4r glad att kunna informera er om att perioden f\u00f6r \u00e5terinskrivning kommer vara \u00f6ppen fr\u00e5n 21 april till 10 maj 2023.\u00a0 Liksom tidigare \u00e5r kommer \u00e5terinskrivningen av ditt\/dina barn endast att ske online, via EDUKA-plattformen, som ni hittar genom att klicka p\u00e5 denna l\u00e4nk (eller p\u00e5 skolans hemsida, under fliken Inskrivninsprocessen):\u00a0\u00a0https:\/\/lfsl.eduka.school &#8230; <\/p>\n<p class=\"read-more-container\"><a title=\"Perioden f\u00f6r \u00e5terinskrivning 2023-24 \u00e4r \u00f6ppen\" class=\"read-more button\" href=\"https:\/\/www.lfsl.net\/sv\/perioden-for-aterinskrivning-2023-24-ar-oppen\/#more-16669\" aria-label=\"L\u00e4s mer om Perioden f\u00f6r \u00e5terinskrivning 2023-24 \u00e4r \u00f6ppen\">L\u00e4s mer<\/a><\/p>\n","protected":false},"author":1,"featured_media":13630,"comment_status":"closed","ping_status":"closed","sticky":false,"template":"","format":"standard","meta":{"footnotes":""},"categories":[7],"tags":[],"class_list":["post-16669","post","type-post","status-publish","format-standard","has-post-thumbnail","hentry","category-okategoriserad"],"yoast_head":"<!-- This site is optimized with the Yoast SEO plugin v27.4 - https:\/\/yoast.com\/product\/yoast-seo-wordpress\/ -->\n<title>Perioden f\u00f6r \u00e5terinskrivning 2023-24 \u00e4r \u00f6ppen &#8211; Lyc\u00e9e Fran\u00e7ais Saint Louis de Stockholm<\/title>\n<meta name=\"robots\" content=\"index, follow, max-snippet:-1, max-image-preview:large, max-video-preview:-1\" \/>\n<link rel=\"canonical\" href=\"https:\/\/www.lfsl.net\/sv\/perioden-for-aterinskrivning-2023-24-ar-oppen\/\" \/>\n<meta property=\"og:locale\" content=\"sv_SE\" \/>\n<meta property=\"og:type\" content=\"article\" \/>\n<meta property=\"og:title\" content=\"Perioden f\u00f6r \u00e5terinskrivning 2023-24 \u00e4r \u00f6ppen &#8211; Lyc\u00e9e Fran\u00e7ais Saint Louis de Stockholm\" \/>\n<meta property=\"og:description\" content=\"B\u00e4sta f\u00f6r\u00e4ldrar \/ v\u00e5rdnadshavare,\u00a0\u00a0\u00a0Jag \u00e4r glad att kunna informera er om att perioden f\u00f6r \u00e5terinskrivning kommer vara \u00f6ppen fr\u00e5n 21 april till 10 maj 2023.\u00a0 Liksom tidigare \u00e5r kommer \u00e5terinskrivningen av ditt\/dina barn endast att ske online, via EDUKA-plattformen, som ni hittar genom att klicka p\u00e5 denna l\u00e4nk (eller p\u00e5 skolans hemsida, under fliken Inskrivninsprocessen):\u00a0\u00a0https:\/\/lfsl.eduka.school ... L\u00e4s mer\" \/>\n<meta property=\"og:url\" content=\"https:\/\/www.lfsl.net\/sv\/perioden-for-aterinskrivning-2023-24-ar-oppen\/\" \/>\n<meta property=\"og:site_name\" content=\"Lyc\u00e9e Fran\u00e7ais Saint Louis de Stockholm\" \/>\n<meta property=\"article:publisher\" content=\"https:\/\/www.facebook.com\/Lyc%c3%a9e-Francais-Saint-Louis-182116921840529\/\" \/>\n<meta property=\"article:published_time\" content=\"2023-04-21T13:44:18+00:00\" \/>\n<meta property=\"article:modified_time\" content=\"2023-04-21T13:44:19+00:00\" \/>\n<meta property=\"og:image\" content=\"https:\/\/www.lfsl.net\/wp-content\/uploads\/2022\/01\/AEFE-LFSL_small_crop.jpg\" \/>\n\t<meta property=\"og:image:width\" content=\"505\" \/>\n\t<meta property=\"og:image:height\" content=\"284\" \/>\n\t<meta property=\"og:image:type\" content=\"image\/jpeg\" \/>\n<meta name=\"author\" content=\"LFSL\" \/>\n<meta name=\"twitter:card\" content=\"summary_large_image\" \/>\n<script type=\"application\/ld+json\" class=\"yoast-schema-graph\">{\"@context\":\"https:\\\/\\\/schema.org\",\"@graph\":[{\"@type\":\"Article\",\"@id\":\"https:\\\/\\\/www.lfsl.net\\\/sv\\\/perioden-for-aterinskrivning-2023-24-ar-oppen\\\/#article\",\"isPartOf\":{\"@id\":\"https:\\\/\\\/www.lfsl.net\\\/sv\\\/perioden-for-aterinskrivning-2023-24-ar-oppen\\\/\"},\"author\":{\"name\":\"LFSL\",\"@id\":\"https:\\\/\\\/www.lfsl.net\\\/sv\\\/#\\\/schema\\\/person\\\/b844e4fec0b6546045ed48d495805bfc\"},\"headline\":\"Perioden f\u00f6r \u00e5terinskrivning 2023-24 \u00e4r \u00f6ppen\",\"datePublished\":\"2023-04-21T13:44:18+00:00\",\"dateModified\":\"2023-04-21T13:44:19+00:00\",\"mainEntityOfPage\":{\"@id\":\"https:\\\/\\\/www.lfsl.net\\\/sv\\\/perioden-for-aterinskrivning-2023-24-ar-oppen\\\/\"},\"wordCount\":284,\"publisher\":{\"@id\":\"https:\\\/\\\/www.lfsl.net\\\/sv\\\/#organization\"},\"image\":{\"@id\":\"https:\\\/\\\/www.lfsl.net\\\/sv\\\/perioden-for-aterinskrivning-2023-24-ar-oppen\\\/#primaryimage\"},\"thumbnailUrl\":\"https:\\\/\\\/www.lfsl.net\\\/wp-content\\\/uploads\\\/2022\\\/01\\\/AEFE-LFSL_small_crop.jpg\",\"articleSection\":[\"Okategoriserad\"],\"inLanguage\":\"sv-SE\"},{\"@type\":\"WebPage\",\"@id\":\"https:\\\/\\\/www.lfsl.net\\\/sv\\\/perioden-for-aterinskrivning-2023-24-ar-oppen\\\/\",\"url\":\"https:\\\/\\\/www.lfsl.net\\\/sv\\\/perioden-for-aterinskrivning-2023-24-ar-oppen\\\/\",\"name\":\"Perioden f\u00f6r \u00e5terinskrivning 2023-24 \u00e4r \u00f6ppen &#8211; Lyc\u00e9e Fran\u00e7ais Saint Louis de Stockholm\",\"isPartOf\":{\"@id\":\"https:\\\/\\\/www.lfsl.net\\\/sv\\\/#website\"},\"primaryImageOfPage\":{\"@id\":\"https:\\\/\\\/www.lfsl.net\\\/sv\\\/perioden-for-aterinskrivning-2023-24-ar-oppen\\\/#primaryimage\"},\"image\":{\"@id\":\"https:\\\/\\\/www.lfsl.net\\\/sv\\\/perioden-for-aterinskrivning-2023-24-ar-oppen\\\/#primaryimage\"},\"thumbnailUrl\":\"https:\\\/\\\/www.lfsl.net\\\/wp-content\\\/uploads\\\/2022\\\/01\\\/AEFE-LFSL_small_crop.jpg\",\"datePublished\":\"2023-04-21T13:44:18+00:00\",\"dateModified\":\"2023-04-21T13:44:19+00:00\",\"breadcrumb\":{\"@id\":\"https:\\\/\\\/www.lfsl.net\\\/sv\\\/perioden-for-aterinskrivning-2023-24-ar-oppen\\\/#breadcrumb\"},\"inLanguage\":\"sv-SE\",\"potentialAction\":[{\"@type\":\"ReadAction\",\"target\":[\"https:\\\/\\\/www.lfsl.net\\\/sv\\\/perioden-for-aterinskrivning-2023-24-ar-oppen\\\/\"]}]},{\"@type\":\"ImageObject\",\"inLanguage\":\"sv-SE\",\"@id\":\"https:\\\/\\\/www.lfsl.net\\\/sv\\\/perioden-for-aterinskrivning-2023-24-ar-oppen\\\/#primaryimage\",\"url\":\"https:\\\/\\\/www.lfsl.net\\\/wp-content\\\/uploads\\\/2022\\\/01\\\/AEFE-LFSL_small_crop.jpg\",\"contentUrl\":\"https:\\\/\\\/www.lfsl.net\\\/wp-content\\\/uploads\\\/2022\\\/01\\\/AEFE-LFSL_small_crop.jpg\",\"width\":505,\"height\":284},{\"@type\":\"BreadcrumbList\",\"@id\":\"https:\\\/\\\/www.lfsl.net\\\/sv\\\/perioden-for-aterinskrivning-2023-24-ar-oppen\\\/#breadcrumb\",\"itemListElement\":[{\"@type\":\"ListItem\",\"position\":1,\"name\":\"Home\",\"item\":\"https:\\\/\\\/www.lfsl.net\\\/sv\\\/\"},{\"@type\":\"ListItem\",\"position\":2,\"name\":\"Perioden f\u00f6r \u00e5terinskrivning 2023-24 \u00e4r \u00f6ppen\"}]},{\"@type\":\"WebSite\",\"@id\":\"https:\\\/\\\/www.lfsl.net\\\/sv\\\/#website\",\"url\":\"https:\\\/\\\/www.lfsl.net\\\/sv\\\/\",\"name\":\"Lyc\u00e9e Fran\u00e7ais Saint Louis de Stockholm\",\"description\":\"\u00c9tablissement membre du r\u00e9seau AEFE\",\"publisher\":{\"@id\":\"https:\\\/\\\/www.lfsl.net\\\/sv\\\/#organization\"},\"potentialAction\":[{\"@type\":\"SearchAction\",\"target\":{\"@type\":\"EntryPoint\",\"urlTemplate\":\"https:\\\/\\\/www.lfsl.net\\\/sv\\\/?s={search_term_string}\"},\"query-input\":{\"@type\":\"PropertyValueSpecification\",\"valueRequired\":true,\"valueName\":\"search_term_string\"}}],\"inLanguage\":\"sv-SE\"},{\"@type\":\"Organization\",\"@id\":\"https:\\\/\\\/www.lfsl.net\\\/sv\\\/#organization\",\"name\":\"Lyc\u00e9e Fran\u00e7ais Saint Louis\",\"url\":\"https:\\\/\\\/www.lfsl.net\\\/sv\\\/\",\"logo\":{\"@type\":\"ImageObject\",\"inLanguage\":\"sv-SE\",\"@id\":\"https:\\\/\\\/www.lfsl.net\\\/sv\\\/#\\\/schema\\\/logo\\\/image\\\/\",\"url\":\"https:\\\/\\\/www.lfsl.net\\\/wp-content\\\/uploads\\\/2021\\\/03\\\/LFSL-logo.jpg\",\"contentUrl\":\"https:\\\/\\\/www.lfsl.net\\\/wp-content\\\/uploads\\\/2021\\\/03\\\/LFSL-logo.jpg\",\"width\":330,\"height\":473,\"caption\":\"Lyc\u00e9e Fran\u00e7ais Saint Louis\"},\"image\":{\"@id\":\"https:\\\/\\\/www.lfsl.net\\\/sv\\\/#\\\/schema\\\/logo\\\/image\\\/\"},\"sameAs\":[\"https:\\\/\\\/www.facebook.com\\\/Lyc\u00e9e-Francais-Saint-Louis-182116921840529\\\/\",\"https:\\\/\\\/www.instagram.com\\\/lyceefrancaisstockholm\\\/\",\"https:\\\/\\\/www.linkedin.com\\\/school\\\/lfsl\\\/\",\"https:\\\/\\\/www.youtube.com\\\/channel\\\/UCchS4IO4jE_YY0ILwn5NgGQ\"]},{\"@type\":\"Person\",\"@id\":\"https:\\\/\\\/www.lfsl.net\\\/sv\\\/#\\\/schema\\\/person\\\/b844e4fec0b6546045ed48d495805bfc\",\"name\":\"LFSL\",\"image\":{\"@type\":\"ImageObject\",\"inLanguage\":\"sv-SE\",\"@id\":\"https:\\\/\\\/secure.gravatar.com\\\/avatar\\\/8675186c12a5532dad5f25706eb6019c936983ed4945888898482ec1904338ec?s=96&d=mm&r=g\",\"url\":\"https:\\\/\\\/secure.gravatar.com\\\/avatar\\\/8675186c12a5532dad5f25706eb6019c936983ed4945888898482ec1904338ec?s=96&d=mm&r=g\",\"contentUrl\":\"https:\\\/\\\/secure.gravatar.com\\\/avatar\\\/8675186c12a5532dad5f25706eb6019c936983ed4945888898482ec1904338ec?s=96&d=mm&r=g\",\"caption\":\"LFSL\"},\"url\":\"https:\\\/\\\/www.lfsl.net\\\/sv\\\/author\\\/lfsladmin\\\/\"}]}<\/script>\n<!-- \/ Yoast SEO plugin. -->","yoast_head_json":{"title":"Perioden f\u00f6r \u00e5terinskrivning 2023-24 \u00e4r \u00f6ppen &#8211; Lyc\u00e9e Fran\u00e7ais Saint Louis de Stockholm","robots":{"index":"index","follow":"follow","max-snippet":"max-snippet:-1","max-image-preview":"max-image-preview:large","max-video-preview":"max-video-preview:-1"},"canonical":"https:\/\/www.lfsl.net\/sv\/perioden-for-aterinskrivning-2023-24-ar-oppen\/","og_locale":"sv_SE","og_type":"article","og_title":"Perioden f\u00f6r \u00e5terinskrivning 2023-24 \u00e4r \u00f6ppen &#8211; Lyc\u00e9e Fran\u00e7ais Saint Louis de Stockholm","og_description":"B\u00e4sta f\u00f6r\u00e4ldrar \/ v\u00e5rdnadshavare,\u00a0\u00a0\u00a0Jag \u00e4r glad att kunna informera er om att perioden f\u00f6r \u00e5terinskrivning kommer vara \u00f6ppen fr\u00e5n 21 april till 10 maj 2023.\u00a0 Liksom tidigare \u00e5r kommer \u00e5terinskrivningen av ditt\/dina barn endast att ske online, via EDUKA-plattformen, som ni hittar genom att klicka p\u00e5 denna l\u00e4nk (eller p\u00e5 skolans hemsida, under fliken Inskrivninsprocessen):\u00a0\u00a0https:\/\/lfsl.eduka.school ... L\u00e4s mer","og_url":"https:\/\/www.lfsl.net\/sv\/perioden-for-aterinskrivning-2023-24-ar-oppen\/","og_site_name":"Lyc\u00e9e Fran\u00e7ais Saint Louis de Stockholm","article_publisher":"https:\/\/www.facebook.com\/Lyc%c3%a9e-Francais-Saint-Louis-182116921840529\/","article_published_time":"2023-04-21T13:44:18+00:00","article_modified_time":"2023-04-21T13:44:19+00:00","og_image":[{"width":505,"height":284,"url":"https:\/\/www.lfsl.net\/wp-content\/uploads\/2022\/01\/AEFE-LFSL_small_crop.jpg","type":"image\/jpeg"}],"author":"LFSL","twitter_card":"summary_large_image","schema":{"@context":"https:\/\/schema.org","@graph":[{"@type":"Article","@id":"https:\/\/www.lfsl.net\/sv\/perioden-for-aterinskrivning-2023-24-ar-oppen\/#article","isPartOf":{"@id":"https:\/\/www.lfsl.net\/sv\/perioden-for-aterinskrivning-2023-24-ar-oppen\/"},"author":{"name":"LFSL","@id":"https:\/\/www.lfsl.net\/sv\/#\/schema\/person\/b844e4fec0b6546045ed48d495805bfc"},"headline":"Perioden f\u00f6r \u00e5terinskrivning 2023-24 \u00e4r \u00f6ppen","datePublished":"2023-04-21T13:44:18+00:00","dateModified":"2023-04-21T13:44:19+00:00","mainEntityOfPage":{"@id":"https:\/\/www.lfsl.net\/sv\/perioden-for-aterinskrivning-2023-24-ar-oppen\/"},"wordCount":284,"publisher":{"@id":"https:\/\/www.lfsl.net\/sv\/#organization"},"image":{"@id":"https:\/\/www.lfsl.net\/sv\/perioden-for-aterinskrivning-2023-24-ar-oppen\/#primaryimage"},"thumbnailUrl":"https:\/\/www.lfsl.net\/wp-content\/uploads\/2022\/01\/AEFE-LFSL_small_crop.jpg","articleSection":["Okategoriserad"],"inLanguage":"sv-SE"},{"@type":"WebPage","@id":"https:\/\/www.lfsl.net\/sv\/perioden-for-aterinskrivning-2023-24-ar-oppen\/","url":"https:\/\/www.lfsl.net\/sv\/perioden-for-aterinskrivning-2023-24-ar-oppen\/","name":"Perioden f\u00f6r \u00e5terinskrivning 2023-24 \u00e4r \u00f6ppen &#8211; Lyc\u00e9e Fran\u00e7ais Saint Louis de Stockholm","isPartOf":{"@id":"https:\/\/www.lfsl.net\/sv\/#website"},"primaryImageOfPage":{"@id":"https:\/\/www.lfsl.net\/sv\/perioden-for-aterinskrivning-2023-24-ar-oppen\/#primaryimage"},"image":{"@id":"https:\/\/www.lfsl.net\/sv\/perioden-for-aterinskrivning-2023-24-ar-oppen\/#primaryimage"},"thumbnailUrl":"https:\/\/www.lfsl.net\/wp-content\/uploads\/2022\/01\/AEFE-LFSL_small_crop.jpg","datePublished":"2023-04-21T13:44:18+00:00","dateModified":"2023-04-21T13:44:19+00:00","breadcrumb":{"@id":"https:\/\/www.lfsl.net\/sv\/perioden-for-aterinskrivning-2023-24-ar-oppen\/#breadcrumb"},"inLanguage":"sv-SE","potentialAction":[{"@type":"ReadAction","target":["https:\/\/www.lfsl.net\/sv\/perioden-for-aterinskrivning-2023-24-ar-oppen\/"]}]},{"@type":"ImageObject","inLanguage":"sv-SE","@id":"https:\/\/www.lfsl.net\/sv\/perioden-for-aterinskrivning-2023-24-ar-oppen\/#primaryimage","url":"https:\/\/www.lfsl.net\/wp-content\/uploads\/2022\/01\/AEFE-LFSL_small_crop.jpg","contentUrl":"https:\/\/www.lfsl.net\/wp-content\/uploads\/2022\/01\/AEFE-LFSL_small_crop.jpg","width":505,"height":284},{"@type":"BreadcrumbList","@id":"https:\/\/www.lfsl.net\/sv\/perioden-for-aterinskrivning-2023-24-ar-oppen\/#breadcrumb","itemListElement":[{"@type":"ListItem","position":1,"name":"Home","item":"https:\/\/www.lfsl.net\/sv\/"},{"@type":"ListItem","position":2,"name":"Perioden f\u00f6r \u00e5terinskrivning 2023-24 \u00e4r \u00f6ppen"}]},{"@type":"WebSite","@id":"https:\/\/www.lfsl.net\/sv\/#website","url":"https:\/\/www.lfsl.net\/sv\/","name":"Lyc\u00e9e Fran\u00e7ais Saint Louis de Stockholm","description":"\u00c9tablissement membre du r\u00e9seau AEFE","publisher":{"@id":"https:\/\/www.lfsl.net\/sv\/#organization"},"potentialAction":[{"@type":"SearchAction","target":{"@type":"EntryPoint","urlTemplate":"https:\/\/www.lfsl.net\/sv\/?s={search_term_string}"},"query-input":{"@type":"PropertyValueSpecification","valueRequired":true,"valueName":"search_term_string"}}],"inLanguage":"sv-SE"},{"@type":"Organization","@id":"https:\/\/www.lfsl.net\/sv\/#organization","name":"Lyc\u00e9e Fran\u00e7ais Saint Louis","url":"https:\/\/www.lfsl.net\/sv\/","logo":{"@type":"ImageObject","inLanguage":"sv-SE","@id":"https:\/\/www.lfsl.net\/sv\/#\/schema\/logo\/image\/","url":"https:\/\/www.lfsl.net\/wp-content\/uploads\/2021\/03\/LFSL-logo.jpg","contentUrl":"https:\/\/www.lfsl.net\/wp-content\/uploads\/2021\/03\/LFSL-logo.jpg","width":330,"height":473,"caption":"Lyc\u00e9e Fran\u00e7ais Saint Louis"},"image":{"@id":"https:\/\/www.lfsl.net\/sv\/#\/schema\/logo\/image\/"},"sameAs":["https:\/\/www.facebook.com\/Lyc\u00e9e-Francais-Saint-Louis-182116921840529\/","https:\/\/www.instagram.com\/lyceefrancaisstockholm\/","https:\/\/www.linkedin.com\/school\/lfsl\/","https:\/\/www.youtube.com\/channel\/UCchS4IO4jE_YY0ILwn5NgGQ"]},{"@type":"Person","@id":"https:\/\/www.lfsl.net\/sv\/#\/schema\/person\/b844e4fec0b6546045ed48d495805bfc","name":"LFSL","image":{"@type":"ImageObject","inLanguage":"sv-SE","@id":"https:\/\/secure.gravatar.com\/avatar\/8675186c12a5532dad5f25706eb6019c936983ed4945888898482ec1904338ec?s=96&d=mm&r=g","url":"https:\/\/secure.gravatar.com\/avatar\/8675186c12a5532dad5f25706eb6019c936983ed4945888898482ec1904338ec?s=96&d=mm&r=g","contentUrl":"https:\/\/secure.gravatar.com\/avatar\/8675186c12a5532dad5f25706eb6019c936983ed4945888898482ec1904338ec?s=96&d=mm&r=g","caption":"LFSL"},"url":"https:\/\/www.lfsl.net\/sv\/author\/lfsladmin\/"}]}},"_links":{"self":[{"href":"https:\/\/www.lfsl.net\/sv\/wp-json\/wp\/v2\/posts\/16669","targetHints":{"allow":["GET"]}}],"collection":[{"href":"https:\/\/www.lfsl.net\/sv\/wp-json\/wp\/v2\/posts"}],"about":[{"href":"https:\/\/www.lfsl.net\/sv\/wp-json\/wp\/v2\/types\/post"}],"author":[{"embeddable":true,"href":"https:\/\/www.lfsl.net\/sv\/wp-json\/wp\/v2\/users\/1"}],"replies":[{"embeddable":true,"href":"https:\/\/www.lfsl.net\/sv\/wp-json\/wp\/v2\/comments?post=16669"}],"version-history":[{"count":1,"href":"https:\/\/www.lfsl.net\/sv\/wp-json\/wp\/v2\/posts\/16669\/revisions"}],"predecessor-version":[{"id":16670,"href":"https:\/\/www.lfsl.net\/sv\/wp-json\/wp\/v2\/posts\/16669\/revisions\/16670"}],"wp:featuredmedia":[{"embeddable":true,"href":"https:\/\/www.lfsl.net\/sv\/wp-json\/wp\/v2\/media\/13630"}],"wp:attachment":[{"href":"https:\/\/www.lfsl.net\/sv\/wp-json\/wp\/v2\/media?parent=16669"}],"wp:term":[{"taxonomy":"category","embeddable":true,"href":"https:\/\/www.lfsl.net\/sv\/wp-json\/wp\/v2\/categories?post=16669"},{"taxonomy":"post_tag","embeddable":true,"href":"https:\/\/www.lfsl.net\/sv\/wp-json\/wp\/v2\/tags?post=16669"}],"curies":[{"name":"wp","href":"https:\/\/api.w.org\/{rel}","templated":true}]}}