{"id":18522,"date":"2023-06-16T16:15:23","date_gmt":"2023-06-16T16:15:23","guid":{"rendered":"https:\/\/www.lfsl.net\/?p=18522"},"modified":"2024-01-03T16:15:57","modified_gmt":"2024-01-03T16:15:57","slug":"studenten-2023","status":"publish","type":"post","link":"https:\/\/www.lfsl.net\/sv\/studenten-2023\/","title":{"rendered":"Studenten 2023 !"},"content":{"rendered":"\n<p>Fredagen den 16 juni \u00e4gde den traditionella studentceremonin rum f\u00f6r att fira att avg\u00e5ngseleverna i Terminale avslutat sin gymnasieutbildning och d\u00e4rmed tagit steget in i studentv\u00e4rlden.<\/p>\n\n\n\n<p>Ikl\u00e4dda sina m\u00f6ssor v\u00e4lkomnades studenterna och deras l\u00e4rare in i Aulan av elever i 1\u00e8re under en h\u00e4ck av r\u00f6da rosor.<\/p>\n\n\n\n<p>Ceremonin var sedan ett tillf\u00e4lle f\u00f6r Frankrikes Ambassad\u00f6r i Sverige, Etienne de Gonneville, Rektor Denis Ravaille och de Bitr\u00e4dande rektorerna \u00c5sa Conway och Sarah Lempereur att i sina respektive tal gratulera studenterna till deras prestationer, liksom l\u00e4rarlagen och alla de medarbetare som har f\u00f6ljt dem p\u00e5 deras resa. Inte att f\u00f6rgl\u00f6mma deras familjer, som var n\u00e4rvarande i stort antal p\u00e5 fredagen och givit viktigt st\u00f6d f\u00f6r deras framg\u00e5ng.<\/p>\n\n\n\n<p>Fyra studenter fick en utm\u00e4rkelse f\u00f6r sina otroliga akademiska prestationer, innan fem representanter f\u00f6r deras avg\u00e5ngsklass h\u00f6ll livfulla tal som v\u00e4xlade mellan kollektiv bed\u00f6mning, hj\u00e4rtliga tack och entusiastiska utblickar in i framtiden. Ceremonin fortsatte med den individuella och r\u00f6rande utdelandet av det svenska avg\u00e5ngsbetyget och flera spr\u00e5kcertifieringar beroende p\u00e5 elevernas bakgrund, tillsammans med en examensg\u00e5va fr\u00e5n LFSL.<\/p>\n\n\n\n<p>Detta enande \u00f6gonblick avslutades med den traditionella &#8221;Students\u00e5ngen&#8221;, som sj\u00f6ngs av eleverna och med liv och lust togs upp av publiken, ackompanjerad av ett skolensemble, innan den inte mindre traditionella &#8221;utspringet&#8221; p\u00e5 skolg\u00e5rden. En buff\u00e9 och dricka v\u00e4ntade publiken och de nya studenterna.<\/p>\n\n\n\n<p>LFSL s\u00e5g fram emot att se alla igen p\u00e5 tisdagen den 27 juni f\u00f6r resultaten av Baccalaur\u00e9at, som utan tvekan gav klassen 2023 en passande avslutning.<\/p>\n\n\n\n<figure class=\"wp-block-image size-large\"><img loading=\"lazy\" decoding=\"async\" width=\"1200\" height=\"649\" src=\"https:\/\/www.lfsl.net\/wp-content\/uploads\/2023\/06\/Proviseur-1200x649.png\" alt=\"\" class=\"wp-image-17161\" srcset=\"https:\/\/www.lfsl.net\/wp-content\/uploads\/2023\/06\/Proviseur-1200x649.png 1200w, https:\/\/www.lfsl.net\/wp-content\/uploads\/2023\/06\/Proviseur-600x325.png 600w, https:\/\/www.lfsl.net\/wp-content\/uploads\/2023\/06\/Proviseur-768x416.png 768w, https:\/\/www.lfsl.net\/wp-content\/uploads\/2023\/06\/Proviseur-1536x831.png 1536w, https:\/\/www.lfsl.net\/wp-content\/uploads\/2023\/06\/Proviseur.png 1543w\" sizes=\"auto, (max-width: 1200px) 100vw, 1200px\" \/><\/figure>\n\n\n\n<figure class=\"wp-block-image size-large\"><img loading=\"lazy\" decoding=\"async\" width=\"1200\" height=\"750\" src=\"https:\/\/www.lfsl.net\/wp-content\/uploads\/2023\/06\/Ambassadeur_sharp-1200x750.jpg\" alt=\"\" class=\"wp-image-17179\" srcset=\"https:\/\/www.lfsl.net\/wp-content\/uploads\/2023\/06\/Ambassadeur_sharp-1200x750.jpg 1200w, https:\/\/www.lfsl.net\/wp-content\/uploads\/2023\/06\/Ambassadeur_sharp-600x375.jpg 600w, https:\/\/www.lfsl.net\/wp-content\/uploads\/2023\/06\/Ambassadeur_sharp-768x480.jpg 768w, https:\/\/www.lfsl.net\/wp-content\/uploads\/2023\/06\/Ambassadeur_sharp-1536x960.jpg 1536w, https:\/\/www.lfsl.net\/wp-content\/uploads\/2023\/06\/Ambassadeur_sharp.jpg 1920w\" sizes=\"auto, (max-width: 1200px) 100vw, 1200px\" \/><\/figure>\n\n\n<div class=\"wp-block-image\">\n<figure class=\"aligncenter size-full\"><img loading=\"lazy\" decoding=\"async\" width=\"679\" height=\"895\" src=\"https:\/\/www.lfsl.net\/wp-content\/uploads\/2023\/06\/Asa-et-Sarah-1.png\" alt=\"\" class=\"wp-image-17170\" srcset=\"https:\/\/www.lfsl.net\/wp-content\/uploads\/2023\/06\/Asa-et-Sarah-1.png 679w, https:\/\/www.lfsl.net\/wp-content\/uploads\/2023\/06\/Asa-et-Sarah-1-455x600.png 455w\" sizes=\"auto, (max-width: 679px) 100vw, 679px\" \/><\/figure>\n<\/div>","protected":false},"excerpt":{"rendered":"<p>Fredagen den 16 juni \u00e4gde den traditionella studentceremonin rum f\u00f6r att fira att avg\u00e5ngseleverna i Terminale avslutat sin gymnasieutbildning och d\u00e4rmed tagit steget in i studentv\u00e4rlden. Ikl\u00e4dda sina m\u00f6ssor v\u00e4lkomnades studenterna och deras l\u00e4rare in i Aulan av elever i 1\u00e8re under en h\u00e4ck av r\u00f6da rosor. Ceremonin var sedan ett tillf\u00e4lle f\u00f6r Frankrikes Ambassad\u00f6r &#8230; <\/p>\n<p class=\"read-more-container\"><a title=\"Studenten 2023 !\" class=\"read-more button\" href=\"https:\/\/www.lfsl.net\/sv\/studenten-2023\/#more-18522\" aria-label=\"L\u00e4s mer om Studenten 2023 !\">L\u00e4s mer<\/a><\/p>\n","protected":false},"author":1,"featured_media":17155,"comment_status":"closed","ping_status":"closed","sticky":false,"template":"","format":"standard","meta":{"footnotes":""},"categories":[7],"tags":[],"class_list":["post-18522","post","type-post","status-publish","format-standard","has-post-thumbnail","hentry","category-okategoriserad"],"yoast_head":"<!-- This site is optimized with the Yoast SEO plugin v27.4 - https:\/\/yoast.com\/product\/yoast-seo-wordpress\/ -->\n<title>Studenten 2023 ! &#8211; Lyc\u00e9e Fran\u00e7ais Saint Louis de Stockholm<\/title>\n<meta name=\"robots\" content=\"index, follow, max-snippet:-1, max-image-preview:large, max-video-preview:-1\" \/>\n<link rel=\"canonical\" href=\"https:\/\/www.lfsl.net\/sv\/studenten-2023\/\" \/>\n<meta property=\"og:locale\" content=\"sv_SE\" \/>\n<meta property=\"og:type\" content=\"article\" \/>\n<meta property=\"og:title\" content=\"Studenten 2023 ! &#8211; Lyc\u00e9e Fran\u00e7ais Saint Louis de Stockholm\" \/>\n<meta property=\"og:description\" content=\"Fredagen den 16 juni \u00e4gde den traditionella studentceremonin rum f\u00f6r att fira att avg\u00e5ngseleverna i Terminale avslutat sin gymnasieutbildning och d\u00e4rmed tagit steget in i studentv\u00e4rlden. Ikl\u00e4dda sina m\u00f6ssor v\u00e4lkomnades studenterna och deras l\u00e4rare in i Aulan av elever i 1\u00e8re under en h\u00e4ck av r\u00f6da rosor. Ceremonin var sedan ett tillf\u00e4lle f\u00f6r Frankrikes Ambassad\u00f6r ... L\u00e4s mer\" \/>\n<meta property=\"og:url\" content=\"https:\/\/www.lfsl.net\/sv\/studenten-2023\/\" \/>\n<meta property=\"og:site_name\" content=\"Lyc\u00e9e Fran\u00e7ais Saint Louis de Stockholm\" \/>\n<meta property=\"article:publisher\" content=\"https:\/\/www.facebook.com\/Lyc%c3%a9e-Francais-Saint-Louis-182116921840529\/\" \/>\n<meta property=\"article:published_time\" content=\"2023-06-16T16:15:23+00:00\" \/>\n<meta property=\"article:modified_time\" content=\"2024-01-03T16:15:57+00:00\" \/>\n<meta property=\"og:image\" content=\"https:\/\/www.lfsl.net\/wp-content\/uploads\/2023\/06\/Student_1_cover.jpg\" \/>\n\t<meta property=\"og:image:width\" content=\"1241\" \/>\n\t<meta property=\"og:image:height\" content=\"698\" \/>\n\t<meta property=\"og:image:type\" content=\"image\/jpeg\" \/>\n<meta name=\"author\" content=\"LFSL\" \/>\n<meta name=\"twitter:card\" content=\"summary_large_image\" \/>\n<script type=\"application\/ld+json\" class=\"yoast-schema-graph\">{\"@context\":\"https:\\\/\\\/schema.org\",\"@graph\":[{\"@type\":\"Article\",\"@id\":\"https:\\\/\\\/www.lfsl.net\\\/sv\\\/studenten-2023\\\/#article\",\"isPartOf\":{\"@id\":\"https:\\\/\\\/www.lfsl.net\\\/sv\\\/studenten-2023\\\/\"},\"author\":{\"name\":\"LFSL\",\"@id\":\"https:\\\/\\\/www.lfsl.net\\\/sv\\\/#\\\/schema\\\/person\\\/b844e4fec0b6546045ed48d495805bfc\"},\"headline\":\"Studenten 2023 !\",\"datePublished\":\"2023-06-16T16:15:23+00:00\",\"dateModified\":\"2024-01-03T16:15:57+00:00\",\"mainEntityOfPage\":{\"@id\":\"https:\\\/\\\/www.lfsl.net\\\/sv\\\/studenten-2023\\\/\"},\"wordCount\":281,\"publisher\":{\"@id\":\"https:\\\/\\\/www.lfsl.net\\\/sv\\\/#organization\"},\"image\":{\"@id\":\"https:\\\/\\\/www.lfsl.net\\\/sv\\\/studenten-2023\\\/#primaryimage\"},\"thumbnailUrl\":\"https:\\\/\\\/www.lfsl.net\\\/wp-content\\\/uploads\\\/2023\\\/06\\\/Student_1_cover.jpg\",\"articleSection\":[\"Okategoriserad\"],\"inLanguage\":\"sv-SE\"},{\"@type\":\"WebPage\",\"@id\":\"https:\\\/\\\/www.lfsl.net\\\/sv\\\/studenten-2023\\\/\",\"url\":\"https:\\\/\\\/www.lfsl.net\\\/sv\\\/studenten-2023\\\/\",\"name\":\"Studenten 2023 ! &#8211; Lyc\u00e9e Fran\u00e7ais Saint Louis de Stockholm\",\"isPartOf\":{\"@id\":\"https:\\\/\\\/www.lfsl.net\\\/sv\\\/#website\"},\"primaryImageOfPage\":{\"@id\":\"https:\\\/\\\/www.lfsl.net\\\/sv\\\/studenten-2023\\\/#primaryimage\"},\"image\":{\"@id\":\"https:\\\/\\\/www.lfsl.net\\\/sv\\\/studenten-2023\\\/#primaryimage\"},\"thumbnailUrl\":\"https:\\\/\\\/www.lfsl.net\\\/wp-content\\\/uploads\\\/2023\\\/06\\\/Student_1_cover.jpg\",\"datePublished\":\"2023-06-16T16:15:23+00:00\",\"dateModified\":\"2024-01-03T16:15:57+00:00\",\"breadcrumb\":{\"@id\":\"https:\\\/\\\/www.lfsl.net\\\/sv\\\/studenten-2023\\\/#breadcrumb\"},\"inLanguage\":\"sv-SE\",\"potentialAction\":[{\"@type\":\"ReadAction\",\"target\":[\"https:\\\/\\\/www.lfsl.net\\\/sv\\\/studenten-2023\\\/\"]}]},{\"@type\":\"ImageObject\",\"inLanguage\":\"sv-SE\",\"@id\":\"https:\\\/\\\/www.lfsl.net\\\/sv\\\/studenten-2023\\\/#primaryimage\",\"url\":\"https:\\\/\\\/www.lfsl.net\\\/wp-content\\\/uploads\\\/2023\\\/06\\\/Student_1_cover.jpg\",\"contentUrl\":\"https:\\\/\\\/www.lfsl.net\\\/wp-content\\\/uploads\\\/2023\\\/06\\\/Student_1_cover.jpg\",\"width\":1241,\"height\":698,\"caption\":\"C\u00e9r\u00e9monie des Casquettes 2023\"},{\"@type\":\"BreadcrumbList\",\"@id\":\"https:\\\/\\\/www.lfsl.net\\\/sv\\\/studenten-2023\\\/#breadcrumb\",\"itemListElement\":[{\"@type\":\"ListItem\",\"position\":1,\"name\":\"Home\",\"item\":\"https:\\\/\\\/www.lfsl.net\\\/sv\\\/\"},{\"@type\":\"ListItem\",\"position\":2,\"name\":\"Studenten 2023 !\"}]},{\"@type\":\"WebSite\",\"@id\":\"https:\\\/\\\/www.lfsl.net\\\/sv\\\/#website\",\"url\":\"https:\\\/\\\/www.lfsl.net\\\/sv\\\/\",\"name\":\"Lyc\u00e9e Fran\u00e7ais Saint Louis de Stockholm\",\"description\":\"\u00c9tablissement membre du r\u00e9seau AEFE\",\"publisher\":{\"@id\":\"https:\\\/\\\/www.lfsl.net\\\/sv\\\/#organization\"},\"potentialAction\":[{\"@type\":\"SearchAction\",\"target\":{\"@type\":\"EntryPoint\",\"urlTemplate\":\"https:\\\/\\\/www.lfsl.net\\\/sv\\\/?s={search_term_string}\"},\"query-input\":{\"@type\":\"PropertyValueSpecification\",\"valueRequired\":true,\"valueName\":\"search_term_string\"}}],\"inLanguage\":\"sv-SE\"},{\"@type\":\"Organization\",\"@id\":\"https:\\\/\\\/www.lfsl.net\\\/sv\\\/#organization\",\"name\":\"Lyc\u00e9e Fran\u00e7ais Saint Louis\",\"url\":\"https:\\\/\\\/www.lfsl.net\\\/sv\\\/\",\"logo\":{\"@type\":\"ImageObject\",\"inLanguage\":\"sv-SE\",\"@id\":\"https:\\\/\\\/www.lfsl.net\\\/sv\\\/#\\\/schema\\\/logo\\\/image\\\/\",\"url\":\"https:\\\/\\\/www.lfsl.net\\\/wp-content\\\/uploads\\\/2021\\\/03\\\/LFSL-logo.jpg\",\"contentUrl\":\"https:\\\/\\\/www.lfsl.net\\\/wp-content\\\/uploads\\\/2021\\\/03\\\/LFSL-logo.jpg\",\"width\":330,\"height\":473,\"caption\":\"Lyc\u00e9e Fran\u00e7ais Saint Louis\"},\"image\":{\"@id\":\"https:\\\/\\\/www.lfsl.net\\\/sv\\\/#\\\/schema\\\/logo\\\/image\\\/\"},\"sameAs\":[\"https:\\\/\\\/www.facebook.com\\\/Lyc\u00e9e-Francais-Saint-Louis-182116921840529\\\/\",\"https:\\\/\\\/www.instagram.com\\\/lyceefrancaisstockholm\\\/\",\"https:\\\/\\\/www.linkedin.com\\\/school\\\/lfsl\\\/\",\"https:\\\/\\\/www.youtube.com\\\/channel\\\/UCchS4IO4jE_YY0ILwn5NgGQ\"]},{\"@type\":\"Person\",\"@id\":\"https:\\\/\\\/www.lfsl.net\\\/sv\\\/#\\\/schema\\\/person\\\/b844e4fec0b6546045ed48d495805bfc\",\"name\":\"LFSL\",\"image\":{\"@type\":\"ImageObject\",\"inLanguage\":\"sv-SE\",\"@id\":\"https:\\\/\\\/secure.gravatar.com\\\/avatar\\\/8675186c12a5532dad5f25706eb6019c936983ed4945888898482ec1904338ec?s=96&d=mm&r=g\",\"url\":\"https:\\\/\\\/secure.gravatar.com\\\/avatar\\\/8675186c12a5532dad5f25706eb6019c936983ed4945888898482ec1904338ec?s=96&d=mm&r=g\",\"contentUrl\":\"https:\\\/\\\/secure.gravatar.com\\\/avatar\\\/8675186c12a5532dad5f25706eb6019c936983ed4945888898482ec1904338ec?s=96&d=mm&r=g\",\"caption\":\"LFSL\"},\"url\":\"https:\\\/\\\/www.lfsl.net\\\/sv\\\/author\\\/lfsladmin\\\/\"}]}<\/script>\n<!-- \/ Yoast SEO plugin. -->","yoast_head_json":{"title":"Studenten 2023 ! &#8211; Lyc\u00e9e Fran\u00e7ais Saint Louis de Stockholm","robots":{"index":"index","follow":"follow","max-snippet":"max-snippet:-1","max-image-preview":"max-image-preview:large","max-video-preview":"max-video-preview:-1"},"canonical":"https:\/\/www.lfsl.net\/sv\/studenten-2023\/","og_locale":"sv_SE","og_type":"article","og_title":"Studenten 2023 ! &#8211; Lyc\u00e9e Fran\u00e7ais Saint Louis de Stockholm","og_description":"Fredagen den 16 juni \u00e4gde den traditionella studentceremonin rum f\u00f6r att fira att avg\u00e5ngseleverna i Terminale avslutat sin gymnasieutbildning och d\u00e4rmed tagit steget in i studentv\u00e4rlden. Ikl\u00e4dda sina m\u00f6ssor v\u00e4lkomnades studenterna och deras l\u00e4rare in i Aulan av elever i 1\u00e8re under en h\u00e4ck av r\u00f6da rosor. Ceremonin var sedan ett tillf\u00e4lle f\u00f6r Frankrikes Ambassad\u00f6r ... L\u00e4s mer","og_url":"https:\/\/www.lfsl.net\/sv\/studenten-2023\/","og_site_name":"Lyc\u00e9e Fran\u00e7ais Saint Louis de Stockholm","article_publisher":"https:\/\/www.facebook.com\/Lyc%c3%a9e-Francais-Saint-Louis-182116921840529\/","article_published_time":"2023-06-16T16:15:23+00:00","article_modified_time":"2024-01-03T16:15:57+00:00","og_image":[{"width":1241,"height":698,"url":"https:\/\/www.lfsl.net\/wp-content\/uploads\/2023\/06\/Student_1_cover.jpg","type":"image\/jpeg"}],"author":"LFSL","twitter_card":"summary_large_image","schema":{"@context":"https:\/\/schema.org","@graph":[{"@type":"Article","@id":"https:\/\/www.lfsl.net\/sv\/studenten-2023\/#article","isPartOf":{"@id":"https:\/\/www.lfsl.net\/sv\/studenten-2023\/"},"author":{"name":"LFSL","@id":"https:\/\/www.lfsl.net\/sv\/#\/schema\/person\/b844e4fec0b6546045ed48d495805bfc"},"headline":"Studenten 2023 !","datePublished":"2023-06-16T16:15:23+00:00","dateModified":"2024-01-03T16:15:57+00:00","mainEntityOfPage":{"@id":"https:\/\/www.lfsl.net\/sv\/studenten-2023\/"},"wordCount":281,"publisher":{"@id":"https:\/\/www.lfsl.net\/sv\/#organization"},"image":{"@id":"https:\/\/www.lfsl.net\/sv\/studenten-2023\/#primaryimage"},"thumbnailUrl":"https:\/\/www.lfsl.net\/wp-content\/uploads\/2023\/06\/Student_1_cover.jpg","articleSection":["Okategoriserad"],"inLanguage":"sv-SE"},{"@type":"WebPage","@id":"https:\/\/www.lfsl.net\/sv\/studenten-2023\/","url":"https:\/\/www.lfsl.net\/sv\/studenten-2023\/","name":"Studenten 2023 ! &#8211; Lyc\u00e9e Fran\u00e7ais Saint Louis de Stockholm","isPartOf":{"@id":"https:\/\/www.lfsl.net\/sv\/#website"},"primaryImageOfPage":{"@id":"https:\/\/www.lfsl.net\/sv\/studenten-2023\/#primaryimage"},"image":{"@id":"https:\/\/www.lfsl.net\/sv\/studenten-2023\/#primaryimage"},"thumbnailUrl":"https:\/\/www.lfsl.net\/wp-content\/uploads\/2023\/06\/Student_1_cover.jpg","datePublished":"2023-06-16T16:15:23+00:00","dateModified":"2024-01-03T16:15:57+00:00","breadcrumb":{"@id":"https:\/\/www.lfsl.net\/sv\/studenten-2023\/#breadcrumb"},"inLanguage":"sv-SE","potentialAction":[{"@type":"ReadAction","target":["https:\/\/www.lfsl.net\/sv\/studenten-2023\/"]}]},{"@type":"ImageObject","inLanguage":"sv-SE","@id":"https:\/\/www.lfsl.net\/sv\/studenten-2023\/#primaryimage","url":"https:\/\/www.lfsl.net\/wp-content\/uploads\/2023\/06\/Student_1_cover.jpg","contentUrl":"https:\/\/www.lfsl.net\/wp-content\/uploads\/2023\/06\/Student_1_cover.jpg","width":1241,"height":698,"caption":"C\u00e9r\u00e9monie des Casquettes 2023"},{"@type":"BreadcrumbList","@id":"https:\/\/www.lfsl.net\/sv\/studenten-2023\/#breadcrumb","itemListElement":[{"@type":"ListItem","position":1,"name":"Home","item":"https:\/\/www.lfsl.net\/sv\/"},{"@type":"ListItem","position":2,"name":"Studenten 2023 !"}]},{"@type":"WebSite","@id":"https:\/\/www.lfsl.net\/sv\/#website","url":"https:\/\/www.lfsl.net\/sv\/","name":"Lyc\u00e9e Fran\u00e7ais Saint Louis de Stockholm","description":"\u00c9tablissement membre du r\u00e9seau AEFE","publisher":{"@id":"https:\/\/www.lfsl.net\/sv\/#organization"},"potentialAction":[{"@type":"SearchAction","target":{"@type":"EntryPoint","urlTemplate":"https:\/\/www.lfsl.net\/sv\/?s={search_term_string}"},"query-input":{"@type":"PropertyValueSpecification","valueRequired":true,"valueName":"search_term_string"}}],"inLanguage":"sv-SE"},{"@type":"Organization","@id":"https:\/\/www.lfsl.net\/sv\/#organization","name":"Lyc\u00e9e Fran\u00e7ais Saint Louis","url":"https:\/\/www.lfsl.net\/sv\/","logo":{"@type":"ImageObject","inLanguage":"sv-SE","@id":"https:\/\/www.lfsl.net\/sv\/#\/schema\/logo\/image\/","url":"https:\/\/www.lfsl.net\/wp-content\/uploads\/2021\/03\/LFSL-logo.jpg","contentUrl":"https:\/\/www.lfsl.net\/wp-content\/uploads\/2021\/03\/LFSL-logo.jpg","width":330,"height":473,"caption":"Lyc\u00e9e Fran\u00e7ais Saint Louis"},"image":{"@id":"https:\/\/www.lfsl.net\/sv\/#\/schema\/logo\/image\/"},"sameAs":["https:\/\/www.facebook.com\/Lyc\u00e9e-Francais-Saint-Louis-182116921840529\/","https:\/\/www.instagram.com\/lyceefrancaisstockholm\/","https:\/\/www.linkedin.com\/school\/lfsl\/","https:\/\/www.youtube.com\/channel\/UCchS4IO4jE_YY0ILwn5NgGQ"]},{"@type":"Person","@id":"https:\/\/www.lfsl.net\/sv\/#\/schema\/person\/b844e4fec0b6546045ed48d495805bfc","name":"LFSL","image":{"@type":"ImageObject","inLanguage":"sv-SE","@id":"https:\/\/secure.gravatar.com\/avatar\/8675186c12a5532dad5f25706eb6019c936983ed4945888898482ec1904338ec?s=96&d=mm&r=g","url":"https:\/\/secure.gravatar.com\/avatar\/8675186c12a5532dad5f25706eb6019c936983ed4945888898482ec1904338ec?s=96&d=mm&r=g","contentUrl":"https:\/\/secure.gravatar.com\/avatar\/8675186c12a5532dad5f25706eb6019c936983ed4945888898482ec1904338ec?s=96&d=mm&r=g","caption":"LFSL"},"url":"https:\/\/www.lfsl.net\/sv\/author\/lfsladmin\/"}]}},"_links":{"self":[{"href":"https:\/\/www.lfsl.net\/sv\/wp-json\/wp\/v2\/posts\/18522","targetHints":{"allow":["GET"]}}],"collection":[{"href":"https:\/\/www.lfsl.net\/sv\/wp-json\/wp\/v2\/posts"}],"about":[{"href":"https:\/\/www.lfsl.net\/sv\/wp-json\/wp\/v2\/types\/post"}],"author":[{"embeddable":true,"href":"https:\/\/www.lfsl.net\/sv\/wp-json\/wp\/v2\/users\/1"}],"replies":[{"embeddable":true,"href":"https:\/\/www.lfsl.net\/sv\/wp-json\/wp\/v2\/comments?post=18522"}],"version-history":[{"count":2,"href":"https:\/\/www.lfsl.net\/sv\/wp-json\/wp\/v2\/posts\/18522\/revisions"}],"predecessor-version":[{"id":18524,"href":"https:\/\/www.lfsl.net\/sv\/wp-json\/wp\/v2\/posts\/18522\/revisions\/18524"}],"wp:featuredmedia":[{"embeddable":true,"href":"https:\/\/www.lfsl.net\/sv\/wp-json\/wp\/v2\/media\/17155"}],"wp:attachment":[{"href":"https:\/\/www.lfsl.net\/sv\/wp-json\/wp\/v2\/media?parent=18522"}],"wp:term":[{"taxonomy":"category","embeddable":true,"href":"https:\/\/www.lfsl.net\/sv\/wp-json\/wp\/v2\/categories?post=18522"},{"taxonomy":"post_tag","embeddable":true,"href":"https:\/\/www.lfsl.net\/sv\/wp-json\/wp\/v2\/tags?post=18522"}],"curies":[{"name":"wp","href":"https:\/\/api.w.org\/{rel}","templated":true}]}}