{"id":26123,"date":"2026-09-04T11:58:16","date_gmt":"2026-09-04T11:58:16","guid":{"rendered":"https:\/\/www.lfsl.net\/?p=26123"},"modified":"2026-09-04T11:58:17","modified_gmt":"2026-09-04T11:58:17","slug":"2026-2027-en-terminsstart-praglad-av-erkannande-oppenhet-och-nya-projekt","status":"publish","type":"post","link":"https:\/\/www.lfsl.net\/sv\/2026-2027-en-terminsstart-praglad-av-erkannande-oppenhet-och-nya-projekt\/","title":{"rendered":"2026\u20132027: en terminsstart pr\u00e4glad av erk\u00e4nnande, \u00f6ppenhet och nya projekt"},"content":{"rendered":"\n<p class=\"wp-block-paragraph\">Sedan eleverna kom tillbaka den 24 augusti \u00e4r l\u00e4s\u00e5ret 2026\u20132027 nu i full g\u00e5ng p\u00e5 Lyc\u00e9e Fran\u00e7ais Saint Louis. Skolstarten pr\u00e4glas av flera viktiga utm\u00e4rkelser f\u00f6r skolan, mottagandet av de f\u00f6rsta deltagarna i programmet \u201dEtt \u00e5r i Stockholm\u201d, en rad exceptionella upplevelser f\u00f6r v\u00e5ra elever och medarbetare, men ocks\u00e5 av nya projekt som kommer att engagera hela LFSL-gemenskapen.<\/p>\n\n\n<div class=\"wp-block-image\">\n<figure class=\"aligncenter size-full is-resized\"><a href=\"https:\/\/www.instagram.com\/reels\/DcbjofMIlJy\/\" target=\"_blank\" rel=\" noopener\"><img loading=\"lazy\" decoding=\"async\" width=\"312\" height=\"415\" src=\"https:\/\/www.lfsl.net\/wp-content\/uploads\/2026\/09\/Instagram_Rentree.png\" alt=\"\" class=\"wp-image-26111\" style=\"width:190px;height:auto\"\/><\/a><figcaption class=\"wp-element-caption\"><a href=\"https:\/\/www.instagram.com\/reels\/DcbjofMIlJy\/\" target=\"_blank\" rel=\"noreferrer noopener\">Reel Instagram<\/a><\/figcaption><\/figure>\n<\/div>\n\n\n<p class=\"wp-block-paragraph\"><strong>F\u00f6rnyat godk\u00e4nnande och tv\u00e5 nya certifieringar<\/strong><\/p>\n\n\n\n<p class=\"wp-block-paragraph\">L\u00e4s\u00e5ret inleddes med flera goda nyheter som kom under sommaren.<\/p>\n\n\n\n<p class=\"wp-block-paragraph\"><strong>Efter att den interministeriella kommissionen f\u00f6r godk\u00e4nnande hade granskat skolans situation f\u00f6rnyades LFSL:s godk\u00e4nnande fr\u00e5n CP till terminale.<\/strong><\/p>\n\n\n\n<p class=\"wp-block-paragraph\">Beslutet bekr\u00e4ftar LFSL:s fulla tillh\u00f6righet till n\u00e4tverket f\u00f6r fransk utbildning utomlands och erk\u00e4nner att LFSL:s verksamhet \u00f6verensst\u00e4mmer med principerna, l\u00e4roplanerna och v\u00e4rderingarna inom det franska utbildningssystemet. Godk\u00e4nnandeprocessen gjorde det ocks\u00e5 m\u00f6jligt att lyfta fram <strong>skolans m\u00e5nga styrkor och det kvalitativa arbete <\/strong>som genomf\u00f6rs av skolans medarbetare.<\/p>\n\n\n\n<p class=\"wp-block-paragraph\">Tv\u00e5 nya certifieringar har ytterligare st\u00e4rkt denna erk\u00e4nsla.<\/p>\n\n\n\n<p class=\"wp-block-paragraph\">LFSL har tilldelats <strong>niv\u00e5 2 av EFE3D-m\u00e4rkningen \u2013 fransk skola utomlands med ett h\u00e5llbarhetsarbete.<\/strong> M\u00e4rkningen erk\u00e4nner skolans engagemang i ett strukturerat h\u00e5llbarhetsarbete som omfattar undervisning, pedagogiska projekt och skolans verksamhet.<\/p>\n\n\n\n<p class=\"wp-block-paragraph\">LFSL har \u00e4ven tilldelats<strong> niv\u00e5 1 av pHARe-m\u00e4rkningen<\/strong>, som uppm\u00e4rksammar skolans engagemang i f\u00f6rebyggandet och bek\u00e4mpningen av mobbning samt i arbetet med att skapa en skolmilj\u00f6 som fr\u00e4mjar allas v\u00e4lbefinnande och framg\u00e5ng.<\/p>\n\n\n\n<p class=\"wp-block-paragraph\">Dessa tre erk\u00e4nnanden uppm\u00e4rksammar den utveckling som skolan har genomg\u00e5tt. De utg\u00f6r ocks\u00e5 en uppmaning att forts\u00e4tta och f\u00f6rdjupa det arbete som redan har p\u00e5b\u00f6rjats.<\/p>\n\n\n\n<p class=\"wp-block-paragraph\"><strong>\u201dEtt \u00e5r i Stockholm\u201d<\/strong>: sex elever inf\u00f6r sin f\u00f6rsta skolstart<\/p>\n\n\n\n<p class=\"wp-block-paragraph\">Att vara elev p\u00e5 LFSL inneb\u00e4r ocks\u00e5 att v\u00e4xa upp i en milj\u00f6 d\u00e4r franska och svenska spr\u00e5k och kulturer m\u00f6ts varje dag. Den h\u00e4r skolstarten gav ett enast\u00e5ende exempel p\u00e5 detta.<\/p>\n\n\n\n<p class=\"wp-block-paragraph\">Redan den<strong> 31 augusti<\/strong> samlades tolv elever i \u00e5rskurs 5 p\u00e5 LFSL och elever fr\u00e5n <strong>Franska Skolan <\/strong>i samma k\u00f6r f\u00f6r att delta i ett betydelsefullt \u00f6gonblick i relationerna mellan Frankrike och Sverige. Inf\u00f6r Frankrikes president <strong>Emmanuel Macron<\/strong> och Sveriges statsminister <strong>Ulf Kristersson<\/strong>, som hade samlats f\u00f6r att underteckna historiska avtal, framf\u00f6rde de tv\u00e5 s\u00e5nger \u2013 en p\u00e5 svenska och en p\u00e5 franska. Ut\u00f6ver evenemangets exceptionella karakt\u00e4r kommer vi s\u00e4rskilt att minnas elevernas imponerande f\u00f6rm\u00e5ga att hantera k\u00e4nslorna och pressen i ett s\u00e5dant \u00f6gonblick. Deras framtr\u00e4dande visade ocks\u00e5 mycket konkret p\u00e5 de spr\u00e5kliga, kulturella och m\u00e4nskliga kompetenser som de utvecklar varje dag.<\/p>\n\n\n\n<p class=\"wp-block-paragraph\">Denna erfarenhet blev m\u00f6jlig tack vare ett fint samarbete mellan <strong>LFSL och Franska Skolan<\/strong>, musikl\u00e4rarnas arbete vid de b\u00e5da skolorna samt det f\u00f6rtroende som visats av <strong>Frankrikes ambassad<\/strong> i Sverige och <strong>Franska Institutet<\/strong> i Sverige. Den \u00e4r en del av de s\u00e4rskilt dynamiska fransk-svenska relationerna, d\u00e4r det utbildningsm\u00e4ssiga och kulturella samarbetet spelar en viktig roll.<\/p>\n\n\n<div class=\"wp-block-image\">\n<figure class=\"aligncenter size-full is-resized\"><img loading=\"lazy\" decoding=\"async\" width=\"1236\" height=\"696\" src=\"https:\/\/www.lfsl.net\/wp-content\/uploads\/2026\/09\/Photo-de-groupe-avec-le-President-et-Statsminister.png\" alt=\"\" class=\"wp-image-26115\" style=\"aspect-ratio:1.7758641310847985;width:804px;height:auto\"\/><\/figure>\n<\/div>\n\n\n<p class=\"wp-block-paragraph\">Dagen d\u00e4rp\u00e5, den <strong>1 september<\/strong>, samlades personal fr\u00e5n LFSL och Franska Skolan p\u00e5 Frankrikes residens p\u00e5 inbjudan av Frankrikes ambassad\u00f6r. \u00c4nnu ett tillf\u00e4lle till m\u00f6ten och utbyte som vittnar om en gemensam vilja att st\u00e4rka banden mellan akt\u00f6rerna inom den franska och franskspr\u00e5kiga utbildningen i Stockholm.<\/p>\n\n\n\n<p class=\"has-text-align-center wp-block-paragraph\"><a href=\"https:\/\/www.linkedin.com\/feed\/update\/urn:li:activity:7501208247995957248\/\">[Uppt\u00e4ck bilder fr\u00e5n h\u00f6jdpunkterna under skolstarten]<\/a><\/p>\n\n\n\n<p class=\"wp-block-paragraph\"><strong>LFSL \u2013 en del av ett globalt n\u00e4tverk<\/strong><\/p>\n\n\n\n<p class=\"wp-block-paragraph\">Denna fransk-svenska identitet f\u00f6renas harmoniskt med en annan viktig del av LFSL:s verksamhet: tillh\u00f6righeten till <strong>n\u00e4tverket f\u00f6r fransk utbildning utomlands<\/strong>, som leds av AEFE. Med <strong>640 godk\u00e4nda skolor i 140 l\u00e4nder och fler \u00e4n 400 000 elever<\/strong> utg\u00f6r n\u00e4tverket en unik utbildningsmilj\u00f6 d\u00e4r kontinuiteten i det franska utbildningssystemet kan f\u00f6renas med rikedomen av spr\u00e5ken och kulturerna i v\u00e4rdl\u00e4nderna.<\/p>\n\n\n\n<p class=\"wp-block-paragraph\">I samband med denna skolstart riktade sig AEFE:s nye generaldirekt\u00f6r, <strong>Alexandre Morois<\/strong>, f\u00f6r f\u00f6rsta g\u00e5ngen till skolgemenskaperna inom n\u00e4tverket. Han betonar bland annat vikten av akademisk excellens, flerspr\u00e5kighet, inkludering, innovation samt elevernas och personalens v\u00e4lbefinnande. Dessa inriktningar ligger naturligt n\u00e4ra LFSL:s prioriteringar.<\/p>\n\n\n\n<p class=\"has-text-align-center wp-block-paragraph\"><a href=\"https:\/\/youtu.be\/e9Ezr10DXPM\" target=\"_blank\" rel=\"noopener\"><strong>[Uppt\u00e4ck Alexandre\u00a0Morois, AEFE:s generaldirekt\u00f6rs, meddelande inf\u00f6r skolstarten]<\/strong><\/a>\u00a0<\/p>\n\n\n\n<p class=\"has-text-align-left wp-block-paragraph\"><strong>2026\u20132027: tillsammans f\u00f6r v\u00e5r h\u00e4lsa<\/strong><\/p>\n\n\n\n<p class=\"wp-block-paragraph\">AEFE har bland annat valt att l\u00e5ta l\u00e4s\u00e5ret 2026\u20132027 pr\u00e4glas av temat: <strong>\u201dFr\u00e4mja, f\u00f6rebygga, st\u00f6dja: tillsammans tar vi ansvar f\u00f6r v\u00e5r h\u00e4lsa\u201d<\/strong><\/p>\n\n\n\n<p class=\"wp-block-paragraph\">Detta tema omfattar s\u00e5v\u00e4l fysisk och psykisk h\u00e4lsa som v\u00e4lbefinnande, f\u00f6r b\u00e5de elever och personal.<\/p>\n\n\n\n<p class=\"wp-block-paragraph\">Det ligger helt i linje med LFSL:s prioriteringar. LFSL har redan v\u00e4lutvecklade st\u00f6dinsatser och tillg\u00e5ng till kompetenta yrkesverksamma med expertis inom dessa omr\u00e5den, och kommer under \u00e5ret att forts\u00e4tta sitt arbete med psykisk h\u00e4lsa, f\u00f6rebyggande insatser, skolklimat och v\u00e4lbefinnande. pHARe-certifieringen, som skolan erh\u00f6ll i somras, \u00e4r i detta avseende ett erk\u00e4nnande av det arbete som redan har inletts, men ocks\u00e5 en grund f\u00f6r att g\u00e5 vidare och utveckla arbetet ytterligare.<\/p>\n\n\n\n<p class=\"wp-block-paragraph\">Under hela l\u00e4s\u00e5ret kommer pedagogiska projekt, f\u00f6rebyggande insatser samt initiativ fr\u00e5n elever och personal att bidra till att f\u00f6rverkliga detta tema p\u00e5 skolan.<\/p>\n\n\n\n<p class=\"wp-block-paragraph\"><strong>Tillsammans bygger vi framtidens LFSL<\/strong><\/p>\n\n\n\n<p class=\"wp-block-paragraph\">Slutligen blir detta l\u00e4s\u00e5r en viktig milstolpe i arbetet med att f\u00f6rbereda framtiden. LFSL kommer n\u00e4mligen att f\u00e4rdigst\u00e4lla <strong>revideringen av skolans verksamhets- och pedagogiska projekt <\/strong>senast i december 2026.<\/p>\n\n\n\n<p class=\"wp-block-paragraph\">Elever, personal, f\u00f6r\u00e4ldrar och samarbetspartner kommer att involveras i detta gemensamma arbete. Syftet \u00e4r att formulera en gemensam bild av nul\u00e4get, se tillbaka p\u00e5 den utveckling som har skett och framf\u00f6r allt fastst\u00e4lla de ambitioner och prioriteringar som ska v\u00e4gleda skolan under de kommande fem \u00e5ren.<\/p>\n\n\n\n<p class=\"wp-block-paragraph\">Flerspr\u00e5kighet, alla elevers framg\u00e5ng, v\u00e4lbefinnande och h\u00e4lsa, internationell \u00f6ppenhet, h\u00e5llbar utveckling, fransk-svenskt samarbete, medborgarskap samt anpassning till f\u00f6r\u00e4ndringarna i v\u00e5r samtid \u2013 inte minst de konsekvenser som samh\u00e4llets digitalisering och det geopolitiska l\u00e4get medf\u00f6r \u2013 \u00e4r n\u00e5gra av de m\u00e5nga fr\u00e5gor som kommer att st\u00e5 i fokus.<\/p>\n\n\n\n<p class=\"wp-block-paragraph\">F\u00f6rnyelsen av v\u00e5rt godk\u00e4nnande och de nya certifieringar som erh\u00f6lls i somras ger oss en stabil grund f\u00f6r detta arbete. De projekt som tar form redan vid denna skolstart visar samtidigt allt det som \u00f6ppenhet och samarbete kan bidra med f\u00f6r v\u00e5ra elever.<\/p>\n\n\n\n<p class=\"wp-block-paragraph\"><strong>Med ett erk\u00e4nnande av det arbete som har genomf\u00f6rts, berikat av nya elever och nya erfarenheter, inleder LFSL d\u00e4rmed ett l\u00e4s\u00e5r 2026\u20132027 som tydligt blickar mot framtiden.<\/strong><\/p>\n\n\n\n<p class=\"wp-block-paragraph\"><\/p>\n","protected":false},"excerpt":{"rendered":"<p>Sedan eleverna kom tillbaka den 24 augusti \u00e4r l\u00e4s\u00e5ret 2026\u20132027 nu i full g\u00e5ng p\u00e5 Lyc\u00e9e Fran\u00e7ais Saint Louis. Skolstarten pr\u00e4glas av flera viktiga utm\u00e4rkelser f\u00f6r skolan, mottagandet av de f\u00f6rsta deltagarna i programmet \u201dEtt \u00e5r i Stockholm\u201d, en rad exceptionella upplevelser f\u00f6r v\u00e5ra elever och medarbetare, men ocks\u00e5 av nya projekt som kommer att &#8230; <\/p>\n<p class=\"read-more-container\"><a title=\"2026\u20132027: en terminsstart pr\u00e4glad av erk\u00e4nnande, \u00f6ppenhet och nya projekt\" class=\"read-more button\" href=\"https:\/\/www.lfsl.net\/sv\/2026-2027-en-terminsstart-praglad-av-erkannande-oppenhet-och-nya-projekt\/#more-26123\" aria-label=\"L\u00e4s mer om 2026\u20132027: en terminsstart pr\u00e4glad av erk\u00e4nnande, \u00f6ppenhet och nya projekt\">L\u00e4s mer<\/a><\/p>\n","protected":false},"author":1,"featured_media":26119,"comment_status":"closed","ping_status":"closed","sticky":false,"template":"","format":"standard","meta":{"footnotes":""},"categories":[7],"tags":[],"class_list":["post-26123","post","type-post","status-publish","format-standard","has-post-thumbnail","hentry","category-okategoriserad"],"yoast_head":"<!-- This site is optimized with the Yoast SEO plugin v28.3 - https:\/\/yoast.com\/product\/yoast-seo-wordpress\/ -->\n<title>2026\u20132027: en terminsstart pr\u00e4glad av erk\u00e4nnande, \u00f6ppenhet och nya projekt &#8211; Lyc\u00e9e Fran\u00e7ais Saint Louis de Stockholm<\/title>\n<meta name=\"robots\" content=\"index, follow, max-snippet:-1, max-image-preview:large, max-video-preview:-1\" \/>\n<link rel=\"canonical\" href=\"https:\/\/www.lfsl.net\/sv\/2026-2027-en-terminsstart-praglad-av-erkannande-oppenhet-och-nya-projekt\/\" \/>\n<meta property=\"og:locale\" content=\"sv_SE\" \/>\n<meta property=\"og:type\" content=\"article\" \/>\n<meta property=\"og:title\" content=\"2026\u20132027: en terminsstart pr\u00e4glad av erk\u00e4nnande, \u00f6ppenhet och nya projekt &#8211; Lyc\u00e9e Fran\u00e7ais Saint Louis de Stockholm\" \/>\n<meta property=\"og:description\" content=\"Sedan eleverna kom tillbaka den 24 augusti \u00e4r l\u00e4s\u00e5ret 2026\u20132027 nu i full g\u00e5ng p\u00e5 Lyc\u00e9e Fran\u00e7ais Saint Louis. Skolstarten pr\u00e4glas av flera viktiga utm\u00e4rkelser f\u00f6r skolan, mottagandet av de f\u00f6rsta deltagarna i programmet \u201dEtt \u00e5r i Stockholm\u201d, en rad exceptionella upplevelser f\u00f6r v\u00e5ra elever och medarbetare, men ocks\u00e5 av nya projekt som kommer att ... L\u00e4s mer\" \/>\n<meta property=\"og:url\" content=\"https:\/\/www.lfsl.net\/sv\/2026-2027-en-terminsstart-praglad-av-erkannande-oppenhet-och-nya-projekt\/\" \/>\n<meta property=\"og:site_name\" content=\"Lyc\u00e9e Fran\u00e7ais Saint Louis de Stockholm\" \/>\n<meta property=\"article:publisher\" content=\"https:\/\/www.facebook.com\/Lyc%c3%a9e-Francais-Saint-Louis-182116921840529\/\" \/>\n<meta property=\"article:published_time\" content=\"2026-09-04T11:58:16+00:00\" \/>\n<meta property=\"article:modified_time\" content=\"2026-09-04T11:58:17+00:00\" \/>\n<meta property=\"og:image\" content=\"https:\/\/www.lfsl.net\/wp-content\/uploads\/2026\/09\/Rentree_cover.png\" \/>\n\t<meta property=\"og:image:width\" content=\"1170\" \/>\n\t<meta property=\"og:image:height\" content=\"606\" \/>\n\t<meta property=\"og:image:type\" content=\"image\/png\" \/>\n<meta name=\"author\" content=\"LFSL\" \/>\n<meta name=\"twitter:card\" content=\"summary_large_image\" \/>\n<script type=\"application\/ld+json\" class=\"yoast-schema-graph\">{\"@context\":\"https:\\\/\\\/schema.org\",\"@graph\":[{\"@type\":\"Article\",\"@id\":\"https:\\\/\\\/www.lfsl.net\\\/sv\\\/2026-2027-en-terminsstart-praglad-av-erkannande-oppenhet-och-nya-projekt\\\/#article\",\"isPartOf\":{\"@id\":\"https:\\\/\\\/www.lfsl.net\\\/sv\\\/2026-2027-en-terminsstart-praglad-av-erkannande-oppenhet-och-nya-projekt\\\/\"},\"author\":{\"name\":\"LFSL\",\"@id\":\"https:\\\/\\\/www.lfsl.net\\\/sv\\\/#\\\/schema\\\/person\\\/b844e4fec0b6546045ed48d495805bfc\"},\"headline\":\"2026\u20132027: en terminsstart pr\u00e4glad av erk\u00e4nnande, \u00f6ppenhet och nya projekt\",\"datePublished\":\"2026-09-04T11:58:16+00:00\",\"dateModified\":\"2026-09-04T11:58:17+00:00\",\"mainEntityOfPage\":{\"@id\":\"https:\\\/\\\/www.lfsl.net\\\/sv\\\/2026-2027-en-terminsstart-praglad-av-erkannande-oppenhet-och-nya-projekt\\\/\"},\"wordCount\":1130,\"publisher\":{\"@id\":\"https:\\\/\\\/www.lfsl.net\\\/sv\\\/#organization\"},\"image\":{\"@id\":\"https:\\\/\\\/www.lfsl.net\\\/sv\\\/2026-2027-en-terminsstart-praglad-av-erkannande-oppenhet-och-nya-projekt\\\/#primaryimage\"},\"thumbnailUrl\":\"https:\\\/\\\/www.lfsl.net\\\/wp-content\\\/uploads\\\/2026\\\/09\\\/Rentree_cover.png\",\"articleSection\":[\"Okategoriserad\"],\"inLanguage\":\"sv-SE\"},{\"@type\":\"WebPage\",\"@id\":\"https:\\\/\\\/www.lfsl.net\\\/sv\\\/2026-2027-en-terminsstart-praglad-av-erkannande-oppenhet-och-nya-projekt\\\/\",\"url\":\"https:\\\/\\\/www.lfsl.net\\\/sv\\\/2026-2027-en-terminsstart-praglad-av-erkannande-oppenhet-och-nya-projekt\\\/\",\"name\":\"2026\u20132027: en terminsstart pr\u00e4glad av erk\u00e4nnande, \u00f6ppenhet och nya projekt &#8211; Lyc\u00e9e Fran\u00e7ais Saint Louis de Stockholm\",\"isPartOf\":{\"@id\":\"https:\\\/\\\/www.lfsl.net\\\/sv\\\/#website\"},\"primaryImageOfPage\":{\"@id\":\"https:\\\/\\\/www.lfsl.net\\\/sv\\\/2026-2027-en-terminsstart-praglad-av-erkannande-oppenhet-och-nya-projekt\\\/#primaryimage\"},\"image\":{\"@id\":\"https:\\\/\\\/www.lfsl.net\\\/sv\\\/2026-2027-en-terminsstart-praglad-av-erkannande-oppenhet-och-nya-projekt\\\/#primaryimage\"},\"thumbnailUrl\":\"https:\\\/\\\/www.lfsl.net\\\/wp-content\\\/uploads\\\/2026\\\/09\\\/Rentree_cover.png\",\"datePublished\":\"2026-09-04T11:58:16+00:00\",\"dateModified\":\"2026-09-04T11:58:17+00:00\",\"breadcrumb\":{\"@id\":\"https:\\\/\\\/www.lfsl.net\\\/sv\\\/2026-2027-en-terminsstart-praglad-av-erkannande-oppenhet-och-nya-projekt\\\/#breadcrumb\"},\"inLanguage\":\"sv-SE\",\"potentialAction\":[{\"@type\":\"ReadAction\",\"target\":[\"https:\\\/\\\/www.lfsl.net\\\/sv\\\/2026-2027-en-terminsstart-praglad-av-erkannande-oppenhet-och-nya-projekt\\\/\"]}]},{\"@type\":\"ImageObject\",\"inLanguage\":\"sv-SE\",\"@id\":\"https:\\\/\\\/www.lfsl.net\\\/sv\\\/2026-2027-en-terminsstart-praglad-av-erkannande-oppenhet-och-nya-projekt\\\/#primaryimage\",\"url\":\"https:\\\/\\\/www.lfsl.net\\\/wp-content\\\/uploads\\\/2026\\\/09\\\/Rentree_cover.png\",\"contentUrl\":\"https:\\\/\\\/www.lfsl.net\\\/wp-content\\\/uploads\\\/2026\\\/09\\\/Rentree_cover.png\",\"width\":1170,\"height\":606},{\"@type\":\"BreadcrumbList\",\"@id\":\"https:\\\/\\\/www.lfsl.net\\\/sv\\\/2026-2027-en-terminsstart-praglad-av-erkannande-oppenhet-och-nya-projekt\\\/#breadcrumb\",\"itemListElement\":[{\"@type\":\"ListItem\",\"position\":1,\"name\":\"Home\",\"item\":\"https:\\\/\\\/www.lfsl.net\\\/sv\\\/\"},{\"@type\":\"ListItem\",\"position\":2,\"name\":\"2026\u20132027: en terminsstart pr\u00e4glad av erk\u00e4nnande, \u00f6ppenhet och nya projekt\"}]},{\"@type\":\"WebSite\",\"@id\":\"https:\\\/\\\/www.lfsl.net\\\/sv\\\/#website\",\"url\":\"https:\\\/\\\/www.lfsl.net\\\/sv\\\/\",\"name\":\"Lyc\u00e9e Fran\u00e7ais Saint Louis de Stockholm\",\"description\":\"\u00c9tablissement membre du r\u00e9seau AEFE\",\"publisher\":{\"@id\":\"https:\\\/\\\/www.lfsl.net\\\/sv\\\/#organization\"},\"potentialAction\":[{\"@type\":\"SearchAction\",\"target\":{\"@type\":\"EntryPoint\",\"urlTemplate\":\"https:\\\/\\\/www.lfsl.net\\\/sv\\\/?s={search_term_string}\"},\"query-input\":{\"@type\":\"PropertyValueSpecification\",\"valueRequired\":true,\"valueName\":\"search_term_string\"}}],\"inLanguage\":\"sv-SE\"},{\"@type\":\"Organization\",\"@id\":\"https:\\\/\\\/www.lfsl.net\\\/sv\\\/#organization\",\"name\":\"Lyc\u00e9e Fran\u00e7ais Saint Louis\",\"url\":\"https:\\\/\\\/www.lfsl.net\\\/sv\\\/\",\"logo\":{\"@type\":\"ImageObject\",\"inLanguage\":\"sv-SE\",\"@id\":\"https:\\\/\\\/www.lfsl.net\\\/sv\\\/#\\\/schema\\\/logo\\\/image\\\/\",\"url\":\"https:\\\/\\\/www.lfsl.net\\\/wp-content\\\/uploads\\\/2021\\\/03\\\/LFSL-logo.jpg\",\"contentUrl\":\"https:\\\/\\\/www.lfsl.net\\\/wp-content\\\/uploads\\\/2021\\\/03\\\/LFSL-logo.jpg\",\"width\":330,\"height\":473,\"caption\":\"Lyc\u00e9e Fran\u00e7ais Saint Louis\"},\"image\":{\"@id\":\"https:\\\/\\\/www.lfsl.net\\\/sv\\\/#\\\/schema\\\/logo\\\/image\\\/\"},\"sameAs\":[\"https:\\\/\\\/www.facebook.com\\\/Lyc\u00e9e-Francais-Saint-Louis-182116921840529\\\/\",\"https:\\\/\\\/www.instagram.com\\\/lyceefrancaisstockholm\\\/\",\"https:\\\/\\\/www.linkedin.com\\\/school\\\/lfsl\\\/\",\"https:\\\/\\\/www.youtube.com\\\/channel\\\/UCchS4IO4jE_YY0ILwn5NgGQ\"]},{\"@type\":\"Person\",\"@id\":\"https:\\\/\\\/www.lfsl.net\\\/sv\\\/#\\\/schema\\\/person\\\/b844e4fec0b6546045ed48d495805bfc\",\"name\":\"LFSL\",\"image\":{\"@type\":\"ImageObject\",\"inLanguage\":\"sv-SE\",\"@id\":\"https:\\\/\\\/secure.gravatar.com\\\/avatar\\\/cbc33c97a0502e9d595bf55df2db105c250451d10c59956be8b39d7af8d79607?s=96&d=mm&r=g\",\"url\":\"https:\\\/\\\/secure.gravatar.com\\\/avatar\\\/cbc33c97a0502e9d595bf55df2db105c250451d10c59956be8b39d7af8d79607?s=96&d=mm&r=g\",\"contentUrl\":\"https:\\\/\\\/secure.gravatar.com\\\/avatar\\\/cbc33c97a0502e9d595bf55df2db105c250451d10c59956be8b39d7af8d79607?s=96&d=mm&r=g\",\"caption\":\"LFSL\"},\"url\":\"https:\\\/\\\/www.lfsl.net\\\/sv\\\/author\\\/lfsladmin\\\/\"}]}<\/script>\n<!-- \/ Yoast SEO plugin. -->","yoast_head_json":{"title":"2026\u20132027: en terminsstart pr\u00e4glad av erk\u00e4nnande, \u00f6ppenhet och nya projekt &#8211; Lyc\u00e9e Fran\u00e7ais Saint Louis de Stockholm","robots":{"index":"index","follow":"follow","max-snippet":"max-snippet:-1","max-image-preview":"max-image-preview:large","max-video-preview":"max-video-preview:-1"},"canonical":"https:\/\/www.lfsl.net\/sv\/2026-2027-en-terminsstart-praglad-av-erkannande-oppenhet-och-nya-projekt\/","og_locale":"sv_SE","og_type":"article","og_title":"2026\u20132027: en terminsstart pr\u00e4glad av erk\u00e4nnande, \u00f6ppenhet och nya projekt &#8211; Lyc\u00e9e Fran\u00e7ais Saint Louis de Stockholm","og_description":"Sedan eleverna kom tillbaka den 24 augusti \u00e4r l\u00e4s\u00e5ret 2026\u20132027 nu i full g\u00e5ng p\u00e5 Lyc\u00e9e Fran\u00e7ais Saint Louis. Skolstarten pr\u00e4glas av flera viktiga utm\u00e4rkelser f\u00f6r skolan, mottagandet av de f\u00f6rsta deltagarna i programmet \u201dEtt \u00e5r i Stockholm\u201d, en rad exceptionella upplevelser f\u00f6r v\u00e5ra elever och medarbetare, men ocks\u00e5 av nya projekt som kommer att ... L\u00e4s mer","og_url":"https:\/\/www.lfsl.net\/sv\/2026-2027-en-terminsstart-praglad-av-erkannande-oppenhet-och-nya-projekt\/","og_site_name":"Lyc\u00e9e Fran\u00e7ais Saint Louis de Stockholm","article_publisher":"https:\/\/www.facebook.com\/Lyc%c3%a9e-Francais-Saint-Louis-182116921840529\/","article_published_time":"2026-09-04T11:58:16+00:00","article_modified_time":"2026-09-04T11:58:17+00:00","og_image":[{"width":1170,"height":606,"url":"https:\/\/www.lfsl.net\/wp-content\/uploads\/2026\/09\/Rentree_cover.png","type":"image\/png"}],"author":"LFSL","twitter_card":"summary_large_image","schema":{"@context":"https:\/\/schema.org","@graph":[{"@type":"Article","@id":"https:\/\/www.lfsl.net\/sv\/2026-2027-en-terminsstart-praglad-av-erkannande-oppenhet-och-nya-projekt\/#article","isPartOf":{"@id":"https:\/\/www.lfsl.net\/sv\/2026-2027-en-terminsstart-praglad-av-erkannande-oppenhet-och-nya-projekt\/"},"author":{"name":"LFSL","@id":"https:\/\/www.lfsl.net\/sv\/#\/schema\/person\/b844e4fec0b6546045ed48d495805bfc"},"headline":"2026\u20132027: en terminsstart pr\u00e4glad av erk\u00e4nnande, \u00f6ppenhet och nya projekt","datePublished":"2026-09-04T11:58:16+00:00","dateModified":"2026-09-04T11:58:17+00:00","mainEntityOfPage":{"@id":"https:\/\/www.lfsl.net\/sv\/2026-2027-en-terminsstart-praglad-av-erkannande-oppenhet-och-nya-projekt\/"},"wordCount":1130,"publisher":{"@id":"https:\/\/www.lfsl.net\/sv\/#organization"},"image":{"@id":"https:\/\/www.lfsl.net\/sv\/2026-2027-en-terminsstart-praglad-av-erkannande-oppenhet-och-nya-projekt\/#primaryimage"},"thumbnailUrl":"https:\/\/www.lfsl.net\/wp-content\/uploads\/2026\/09\/Rentree_cover.png","articleSection":["Okategoriserad"],"inLanguage":"sv-SE"},{"@type":"WebPage","@id":"https:\/\/www.lfsl.net\/sv\/2026-2027-en-terminsstart-praglad-av-erkannande-oppenhet-och-nya-projekt\/","url":"https:\/\/www.lfsl.net\/sv\/2026-2027-en-terminsstart-praglad-av-erkannande-oppenhet-och-nya-projekt\/","name":"2026\u20132027: en terminsstart pr\u00e4glad av erk\u00e4nnande, \u00f6ppenhet och nya projekt &#8211; Lyc\u00e9e Fran\u00e7ais Saint Louis de Stockholm","isPartOf":{"@id":"https:\/\/www.lfsl.net\/sv\/#website"},"primaryImageOfPage":{"@id":"https:\/\/www.lfsl.net\/sv\/2026-2027-en-terminsstart-praglad-av-erkannande-oppenhet-och-nya-projekt\/#primaryimage"},"image":{"@id":"https:\/\/www.lfsl.net\/sv\/2026-2027-en-terminsstart-praglad-av-erkannande-oppenhet-och-nya-projekt\/#primaryimage"},"thumbnailUrl":"https:\/\/www.lfsl.net\/wp-content\/uploads\/2026\/09\/Rentree_cover.png","datePublished":"2026-09-04T11:58:16+00:00","dateModified":"2026-09-04T11:58:17+00:00","breadcrumb":{"@id":"https:\/\/www.lfsl.net\/sv\/2026-2027-en-terminsstart-praglad-av-erkannande-oppenhet-och-nya-projekt\/#breadcrumb"},"inLanguage":"sv-SE","potentialAction":[{"@type":"ReadAction","target":["https:\/\/www.lfsl.net\/sv\/2026-2027-en-terminsstart-praglad-av-erkannande-oppenhet-och-nya-projekt\/"]}]},{"@type":"ImageObject","inLanguage":"sv-SE","@id":"https:\/\/www.lfsl.net\/sv\/2026-2027-en-terminsstart-praglad-av-erkannande-oppenhet-och-nya-projekt\/#primaryimage","url":"https:\/\/www.lfsl.net\/wp-content\/uploads\/2026\/09\/Rentree_cover.png","contentUrl":"https:\/\/www.lfsl.net\/wp-content\/uploads\/2026\/09\/Rentree_cover.png","width":1170,"height":606},{"@type":"BreadcrumbList","@id":"https:\/\/www.lfsl.net\/sv\/2026-2027-en-terminsstart-praglad-av-erkannande-oppenhet-och-nya-projekt\/#breadcrumb","itemListElement":[{"@type":"ListItem","position":1,"name":"Home","item":"https:\/\/www.lfsl.net\/sv\/"},{"@type":"ListItem","position":2,"name":"2026\u20132027: en terminsstart pr\u00e4glad av erk\u00e4nnande, \u00f6ppenhet och nya projekt"}]},{"@type":"WebSite","@id":"https:\/\/www.lfsl.net\/sv\/#website","url":"https:\/\/www.lfsl.net\/sv\/","name":"Lyc\u00e9e Fran\u00e7ais Saint Louis de Stockholm","description":"\u00c9tablissement membre du r\u00e9seau AEFE","publisher":{"@id":"https:\/\/www.lfsl.net\/sv\/#organization"},"potentialAction":[{"@type":"SearchAction","target":{"@type":"EntryPoint","urlTemplate":"https:\/\/www.lfsl.net\/sv\/?s={search_term_string}"},"query-input":{"@type":"PropertyValueSpecification","valueRequired":true,"valueName":"search_term_string"}}],"inLanguage":"sv-SE"},{"@type":"Organization","@id":"https:\/\/www.lfsl.net\/sv\/#organization","name":"Lyc\u00e9e Fran\u00e7ais Saint Louis","url":"https:\/\/www.lfsl.net\/sv\/","logo":{"@type":"ImageObject","inLanguage":"sv-SE","@id":"https:\/\/www.lfsl.net\/sv\/#\/schema\/logo\/image\/","url":"https:\/\/www.lfsl.net\/wp-content\/uploads\/2021\/03\/LFSL-logo.jpg","contentUrl":"https:\/\/www.lfsl.net\/wp-content\/uploads\/2021\/03\/LFSL-logo.jpg","width":330,"height":473,"caption":"Lyc\u00e9e Fran\u00e7ais Saint Louis"},"image":{"@id":"https:\/\/www.lfsl.net\/sv\/#\/schema\/logo\/image\/"},"sameAs":["https:\/\/www.facebook.com\/Lyc\u00e9e-Francais-Saint-Louis-182116921840529\/","https:\/\/www.instagram.com\/lyceefrancaisstockholm\/","https:\/\/www.linkedin.com\/school\/lfsl\/","https:\/\/www.youtube.com\/channel\/UCchS4IO4jE_YY0ILwn5NgGQ"]},{"@type":"Person","@id":"https:\/\/www.lfsl.net\/sv\/#\/schema\/person\/b844e4fec0b6546045ed48d495805bfc","name":"LFSL","image":{"@type":"ImageObject","inLanguage":"sv-SE","@id":"https:\/\/secure.gravatar.com\/avatar\/cbc33c97a0502e9d595bf55df2db105c250451d10c59956be8b39d7af8d79607?s=96&d=mm&r=g","url":"https:\/\/secure.gravatar.com\/avatar\/cbc33c97a0502e9d595bf55df2db105c250451d10c59956be8b39d7af8d79607?s=96&d=mm&r=g","contentUrl":"https:\/\/secure.gravatar.com\/avatar\/cbc33c97a0502e9d595bf55df2db105c250451d10c59956be8b39d7af8d79607?s=96&d=mm&r=g","caption":"LFSL"},"url":"https:\/\/www.lfsl.net\/sv\/author\/lfsladmin\/"}]}},"_links":{"self":[{"href":"https:\/\/www.lfsl.net\/sv\/wp-json\/wp\/v2\/posts\/26123","targetHints":{"allow":["GET"]}}],"collection":[{"href":"https:\/\/www.lfsl.net\/sv\/wp-json\/wp\/v2\/posts"}],"about":[{"href":"https:\/\/www.lfsl.net\/sv\/wp-json\/wp\/v2\/types\/post"}],"author":[{"embeddable":true,"href":"https:\/\/www.lfsl.net\/sv\/wp-json\/wp\/v2\/users\/1"}],"replies":[{"embeddable":true,"href":"https:\/\/www.lfsl.net\/sv\/wp-json\/wp\/v2\/comments?post=26123"}],"version-history":[{"count":8,"href":"https:\/\/www.lfsl.net\/sv\/wp-json\/wp\/v2\/posts\/26123\/revisions"}],"predecessor-version":[{"id":26131,"href":"https:\/\/www.lfsl.net\/sv\/wp-json\/wp\/v2\/posts\/26123\/revisions\/26131"}],"wp:featuredmedia":[{"embeddable":true,"href":"https:\/\/www.lfsl.net\/sv\/wp-json\/wp\/v2\/media\/26119"}],"wp:attachment":[{"href":"https:\/\/www.lfsl.net\/sv\/wp-json\/wp\/v2\/media?parent=26123"}],"wp:term":[{"taxonomy":"category","embeddable":true,"href":"https:\/\/www.lfsl.net\/sv\/wp-json\/wp\/v2\/categories?post=26123"},{"taxonomy":"post_tag","embeddable":true,"href":"https:\/\/www.lfsl.net\/sv\/wp-json\/wp\/v2\/tags?post=26123"}],"curies":[{"name":"wp","href":"https:\/\/api.w.org\/{rel}","templated":true}]}}