{"id":4866,"date":"2019-06-04T15:27:38","date_gmt":"2019-06-04T15:27:38","guid":{"rendered":"https:\/\/www.lfsl.net\/?p=4866"},"modified":"2019-06-04T15:42:04","modified_gmt":"2019-06-04T15:42:04","slug":"cinecourts-en-herbe-2019","status":"publish","type":"post","link":"https:\/\/www.lfsl.net\/sv\/cinecourts-en-herbe-2019\/","title":{"rendered":"Cin\u00e9courts en herbe 2019"},"content":{"rendered":"\n<p>Festivalen f\u00f6r fransktalande skolkortfilmer, \u201dCin\u00e9courts en Herbe\u201d, \u00e4r nu inne p\u00e5 sin fj\u00e4rde upplaga och juryn vid Franska Internationella skolan i Stockholm avsl\u00f6jade \u00e5rets vinnare i kategorin 4\u201312 \u00e5r under avslutningsceremonin p\u00e5 Bio Rio den 8 maj.<br>Festivalen, som sponsras av franske regiss\u00f6ren Patrice Leconte och organiseras tillsammans med de franska lyc\u00e9erna i Bryssel och Luxemburg, \u00e4r vid god vig\u00f6r. I \u00e5r visades inte mindre \u00e4n 150 filmer gjorda av runt 2000 barn fr\u00e5n 34 olika l\u00e4nder och fem kontinenter f\u00f6r publiken i biosalongernas m\u00f6rker, i n\u00e4rvaro av representanter fr\u00e5n filmv\u00e4rlden. <br>Cin\u00e9courts en herbe forts\u00e4tter s\u00e5ledes att framh\u00e4va barnens skapande i klassrummet, s\u00e5v\u00e4l inom n\u00e4tverket AEFE som i franska klasser v\u00e4rlden \u00f6ver.<br>Stockholmsjuryns vinnare \u00e4r:<\/p>\n\n\n\n<ul class=\"wp-block-list\"><li>B\u00e4sta kortfilm: Le r\u00eave d\u2019une \u00e9coli\u00e8re, CM1 Lyc\u00e9e Josu\u00e9 Hoffet, Vientiane, Laos<\/li><li>B\u00e4sta korta fiktion: Far West Origins,  CE2 Lyc\u00e9e Fran\u00e7ais Bel Air i San Pere de Ribes, Spanien<\/li><li>B\u00e4sta animerade kortfilm: Tantine n\u2019a pas peur, 6\u00e8me primaire de l\u2019\u00e9cole d\u2019Ixelles, Belgien<\/li><li>B\u00e4sta musikklipp: La couleur de nos c\u0153urs, CE2 Vauban Ecole och Lyc\u00e9e fran\u00e7ais du Luxembourg<\/li><li>B\u00e4sta filmatisering av en bok: La chaise magique, CP Lyc\u00e9e Fran\u00e7ais, Stockholm<\/li><li>B\u00e4sta hyllning till filmen: Le ma\u00eetre du suspense, CM2 Lyc\u00e9e Fran\u00e7ais, Stockholm<\/li><li>Pris f\u00f6r \u00abbarnslig fr\u00e4sch\u00f6r\u00bb: Petites histoires d\u2019insectes, Fritids Saint-Louis, Stockholm<\/li><li>Pris f\u00f6r \u00abvuxenparodi\u00bb: Les maths pour les nuls, CE2 de Vauban Ecole och Lyc\u00e9e fran\u00e7ais du Luxembourg<\/li><li>Pris f\u00f6r \u00abinbjudan till resa\u00bb: Comment Nongxiu est-elle devenue une c\u00e9l\u00e8bre coiffeuse, CE2, Lyc\u00e9e fran\u00e7ais international Charles de Gaulle, Peking, Kina<\/li><li>\u00abElevernas favorit\u00bb (mellan- och h\u00f6gstadiet): Gaucher-Droitier, CM1, Lyc\u00e9e Fran\u00e7ais Charles de Gaulle, London<\/li><li>Frankofonipriset: Invasion \u00e0 Herrljunga, Kungskapsk\u00e4llan, Herrljunga<\/li><li>Stockholmsjuryns stora pris (4\u201318 \u00e5r): Mouvement, Lyc\u00e9e Josu\u00e9 Hoffet, Vientiane, Laos<\/li><\/ul>\n\n\n\n<p>Alla dessa filmer kan ses p\u00e5 <a href=\"http:\/\/www.ecole-lfsl.net\/classes\/cinema\">skolans biosida.<\/a><br><br>Grattis och tack till alla elever, l\u00e4rare, f\u00f6r\u00e4ldrar och samarbetspartner som g\u00f6r detta projekt levande och framg\u00e5ngsrikt.<\/p>\n","protected":false},"excerpt":{"rendered":"<p>Festivalen f\u00f6r fransktalande skolkortfilmer, \u201dCin\u00e9courts en Herbe\u201d, \u00e4r nu inne p\u00e5 sin fj\u00e4rde upplaga och juryn vid Franska Internationella skolan i Stockholm avsl\u00f6jade \u00e5rets vinnare i kategorin 4\u201312 \u00e5r under avslutningsceremonin p\u00e5 Bio Rio den 8 maj.Festivalen, som sponsras av franske regiss\u00f6ren Patrice Leconte och organiseras tillsammans med de franska lyc\u00e9erna i Bryssel och Luxemburg, &#8230; <\/p>\n<p class=\"read-more-container\"><a title=\"Cin\u00e9courts en herbe 2019\" class=\"read-more button\" href=\"https:\/\/www.lfsl.net\/sv\/cinecourts-en-herbe-2019\/#more-4866\" aria-label=\"L\u00e4s mer om Cin\u00e9courts en herbe 2019\">L\u00e4s mer<\/a><\/p>\n","protected":false},"author":1,"featured_media":4879,"comment_status":"closed","ping_status":"closed","sticky":false,"template":"","format":"standard","meta":{"footnotes":""},"categories":[7],"tags":[],"class_list":["post-4866","post","type-post","status-publish","format-standard","has-post-thumbnail","hentry","category-okategoriserad"],"yoast_head":"<!-- This site is optimized with the Yoast SEO plugin v27.4 - https:\/\/yoast.com\/product\/yoast-seo-wordpress\/ -->\n<title>Cin\u00e9courts en herbe 2019 &#8211; Lyc\u00e9e Fran\u00e7ais Saint Louis de Stockholm<\/title>\n<meta name=\"robots\" content=\"index, follow, max-snippet:-1, max-image-preview:large, max-video-preview:-1\" \/>\n<link rel=\"canonical\" href=\"https:\/\/www.lfsl.net\/sv\/cinecourts-en-herbe-2019\/\" \/>\n<meta property=\"og:locale\" content=\"sv_SE\" \/>\n<meta property=\"og:type\" content=\"article\" \/>\n<meta property=\"og:title\" content=\"Cin\u00e9courts en herbe 2019 &#8211; Lyc\u00e9e Fran\u00e7ais Saint Louis de Stockholm\" \/>\n<meta property=\"og:description\" content=\"Festivalen f\u00f6r fransktalande skolkortfilmer, \u201dCin\u00e9courts en Herbe\u201d, \u00e4r nu inne p\u00e5 sin fj\u00e4rde upplaga och juryn vid Franska Internationella skolan i Stockholm avsl\u00f6jade \u00e5rets vinnare i kategorin 4\u201312 \u00e5r under avslutningsceremonin p\u00e5 Bio Rio den 8 maj.Festivalen, som sponsras av franske regiss\u00f6ren Patrice Leconte och organiseras tillsammans med de franska lyc\u00e9erna i Bryssel och Luxemburg, ... L\u00e4s mer\" \/>\n<meta property=\"og:url\" content=\"https:\/\/www.lfsl.net\/sv\/cinecourts-en-herbe-2019\/\" \/>\n<meta property=\"og:site_name\" content=\"Lyc\u00e9e Fran\u00e7ais Saint Louis de Stockholm\" \/>\n<meta property=\"article:publisher\" content=\"https:\/\/www.facebook.com\/Lyc%c3%a9e-Francais-Saint-Louis-182116921840529\/\" \/>\n<meta property=\"article:published_time\" content=\"2019-06-04T15:27:38+00:00\" \/>\n<meta property=\"article:modified_time\" content=\"2019-06-04T15:42:04+00:00\" \/>\n<meta property=\"og:image\" content=\"https:\/\/www.lfsl.net\/wp-content\/uploads\/2019\/06\/Cin\u00e9court_4.jpg\" \/>\n\t<meta property=\"og:image:width\" content=\"1364\" \/>\n\t<meta property=\"og:image:height\" content=\"767\" \/>\n\t<meta property=\"og:image:type\" content=\"image\/jpeg\" \/>\n<meta name=\"author\" content=\"LFSL\" \/>\n<meta name=\"twitter:card\" content=\"summary_large_image\" \/>\n<script type=\"application\/ld+json\" class=\"yoast-schema-graph\">{\"@context\":\"https:\\\/\\\/schema.org\",\"@graph\":[{\"@type\":\"Article\",\"@id\":\"https:\\\/\\\/www.lfsl.net\\\/sv\\\/cinecourts-en-herbe-2019\\\/#article\",\"isPartOf\":{\"@id\":\"https:\\\/\\\/www.lfsl.net\\\/sv\\\/cinecourts-en-herbe-2019\\\/\"},\"author\":{\"name\":\"LFSL\",\"@id\":\"https:\\\/\\\/www.lfsl.net\\\/sv\\\/#\\\/schema\\\/person\\\/b844e4fec0b6546045ed48d495805bfc\"},\"headline\":\"Cin\u00e9courts en herbe 2019\",\"datePublished\":\"2019-06-04T15:27:38+00:00\",\"dateModified\":\"2019-06-04T15:42:04+00:00\",\"mainEntityOfPage\":{\"@id\":\"https:\\\/\\\/www.lfsl.net\\\/sv\\\/cinecourts-en-herbe-2019\\\/\"},\"wordCount\":363,\"publisher\":{\"@id\":\"https:\\\/\\\/www.lfsl.net\\\/sv\\\/#organization\"},\"image\":{\"@id\":\"https:\\\/\\\/www.lfsl.net\\\/sv\\\/cinecourts-en-herbe-2019\\\/#primaryimage\"},\"thumbnailUrl\":\"https:\\\/\\\/www.lfsl.net\\\/wp-content\\\/uploads\\\/2019\\\/06\\\/Cin\u00e9court_4.jpg\",\"articleSection\":[\"Okategoriserad\"],\"inLanguage\":\"sv-SE\"},{\"@type\":\"WebPage\",\"@id\":\"https:\\\/\\\/www.lfsl.net\\\/sv\\\/cinecourts-en-herbe-2019\\\/\",\"url\":\"https:\\\/\\\/www.lfsl.net\\\/sv\\\/cinecourts-en-herbe-2019\\\/\",\"name\":\"Cin\u00e9courts en herbe 2019 &#8211; Lyc\u00e9e Fran\u00e7ais Saint Louis de Stockholm\",\"isPartOf\":{\"@id\":\"https:\\\/\\\/www.lfsl.net\\\/sv\\\/#website\"},\"primaryImageOfPage\":{\"@id\":\"https:\\\/\\\/www.lfsl.net\\\/sv\\\/cinecourts-en-herbe-2019\\\/#primaryimage\"},\"image\":{\"@id\":\"https:\\\/\\\/www.lfsl.net\\\/sv\\\/cinecourts-en-herbe-2019\\\/#primaryimage\"},\"thumbnailUrl\":\"https:\\\/\\\/www.lfsl.net\\\/wp-content\\\/uploads\\\/2019\\\/06\\\/Cin\u00e9court_4.jpg\",\"datePublished\":\"2019-06-04T15:27:38+00:00\",\"dateModified\":\"2019-06-04T15:42:04+00:00\",\"breadcrumb\":{\"@id\":\"https:\\\/\\\/www.lfsl.net\\\/sv\\\/cinecourts-en-herbe-2019\\\/#breadcrumb\"},\"inLanguage\":\"sv-SE\",\"potentialAction\":[{\"@type\":\"ReadAction\",\"target\":[\"https:\\\/\\\/www.lfsl.net\\\/sv\\\/cinecourts-en-herbe-2019\\\/\"]}]},{\"@type\":\"ImageObject\",\"inLanguage\":\"sv-SE\",\"@id\":\"https:\\\/\\\/www.lfsl.net\\\/sv\\\/cinecourts-en-herbe-2019\\\/#primaryimage\",\"url\":\"https:\\\/\\\/www.lfsl.net\\\/wp-content\\\/uploads\\\/2019\\\/06\\\/Cin\u00e9court_4.jpg\",\"contentUrl\":\"https:\\\/\\\/www.lfsl.net\\\/wp-content\\\/uploads\\\/2019\\\/06\\\/Cin\u00e9court_4.jpg\",\"width\":1364,\"height\":767},{\"@type\":\"BreadcrumbList\",\"@id\":\"https:\\\/\\\/www.lfsl.net\\\/sv\\\/cinecourts-en-herbe-2019\\\/#breadcrumb\",\"itemListElement\":[{\"@type\":\"ListItem\",\"position\":1,\"name\":\"Home\",\"item\":\"https:\\\/\\\/www.lfsl.net\\\/sv\\\/\"},{\"@type\":\"ListItem\",\"position\":2,\"name\":\"Cin\u00e9courts en herbe 2019\"}]},{\"@type\":\"WebSite\",\"@id\":\"https:\\\/\\\/www.lfsl.net\\\/sv\\\/#website\",\"url\":\"https:\\\/\\\/www.lfsl.net\\\/sv\\\/\",\"name\":\"Lyc\u00e9e Fran\u00e7ais Saint Louis de Stockholm\",\"description\":\"\u00c9tablissement membre du r\u00e9seau AEFE\",\"publisher\":{\"@id\":\"https:\\\/\\\/www.lfsl.net\\\/sv\\\/#organization\"},\"potentialAction\":[{\"@type\":\"SearchAction\",\"target\":{\"@type\":\"EntryPoint\",\"urlTemplate\":\"https:\\\/\\\/www.lfsl.net\\\/sv\\\/?s={search_term_string}\"},\"query-input\":{\"@type\":\"PropertyValueSpecification\",\"valueRequired\":true,\"valueName\":\"search_term_string\"}}],\"inLanguage\":\"sv-SE\"},{\"@type\":\"Organization\",\"@id\":\"https:\\\/\\\/www.lfsl.net\\\/sv\\\/#organization\",\"name\":\"Lyc\u00e9e Fran\u00e7ais Saint Louis\",\"url\":\"https:\\\/\\\/www.lfsl.net\\\/sv\\\/\",\"logo\":{\"@type\":\"ImageObject\",\"inLanguage\":\"sv-SE\",\"@id\":\"https:\\\/\\\/www.lfsl.net\\\/sv\\\/#\\\/schema\\\/logo\\\/image\\\/\",\"url\":\"https:\\\/\\\/www.lfsl.net\\\/wp-content\\\/uploads\\\/2021\\\/03\\\/LFSL-logo.jpg\",\"contentUrl\":\"https:\\\/\\\/www.lfsl.net\\\/wp-content\\\/uploads\\\/2021\\\/03\\\/LFSL-logo.jpg\",\"width\":330,\"height\":473,\"caption\":\"Lyc\u00e9e Fran\u00e7ais Saint Louis\"},\"image\":{\"@id\":\"https:\\\/\\\/www.lfsl.net\\\/sv\\\/#\\\/schema\\\/logo\\\/image\\\/\"},\"sameAs\":[\"https:\\\/\\\/www.facebook.com\\\/Lyc\u00e9e-Francais-Saint-Louis-182116921840529\\\/\",\"https:\\\/\\\/www.instagram.com\\\/lyceefrancaisstockholm\\\/\",\"https:\\\/\\\/www.linkedin.com\\\/school\\\/lfsl\\\/\",\"https:\\\/\\\/www.youtube.com\\\/channel\\\/UCchS4IO4jE_YY0ILwn5NgGQ\"]},{\"@type\":\"Person\",\"@id\":\"https:\\\/\\\/www.lfsl.net\\\/sv\\\/#\\\/schema\\\/person\\\/b844e4fec0b6546045ed48d495805bfc\",\"name\":\"LFSL\",\"image\":{\"@type\":\"ImageObject\",\"inLanguage\":\"sv-SE\",\"@id\":\"https:\\\/\\\/secure.gravatar.com\\\/avatar\\\/8675186c12a5532dad5f25706eb6019c936983ed4945888898482ec1904338ec?s=96&d=mm&r=g\",\"url\":\"https:\\\/\\\/secure.gravatar.com\\\/avatar\\\/8675186c12a5532dad5f25706eb6019c936983ed4945888898482ec1904338ec?s=96&d=mm&r=g\",\"contentUrl\":\"https:\\\/\\\/secure.gravatar.com\\\/avatar\\\/8675186c12a5532dad5f25706eb6019c936983ed4945888898482ec1904338ec?s=96&d=mm&r=g\",\"caption\":\"LFSL\"},\"url\":\"https:\\\/\\\/www.lfsl.net\\\/sv\\\/author\\\/lfsladmin\\\/\"}]}<\/script>\n<!-- \/ Yoast SEO plugin. -->","yoast_head_json":{"title":"Cin\u00e9courts en herbe 2019 &#8211; Lyc\u00e9e Fran\u00e7ais Saint Louis de Stockholm","robots":{"index":"index","follow":"follow","max-snippet":"max-snippet:-1","max-image-preview":"max-image-preview:large","max-video-preview":"max-video-preview:-1"},"canonical":"https:\/\/www.lfsl.net\/sv\/cinecourts-en-herbe-2019\/","og_locale":"sv_SE","og_type":"article","og_title":"Cin\u00e9courts en herbe 2019 &#8211; Lyc\u00e9e Fran\u00e7ais Saint Louis de Stockholm","og_description":"Festivalen f\u00f6r fransktalande skolkortfilmer, \u201dCin\u00e9courts en Herbe\u201d, \u00e4r nu inne p\u00e5 sin fj\u00e4rde upplaga och juryn vid Franska Internationella skolan i Stockholm avsl\u00f6jade \u00e5rets vinnare i kategorin 4\u201312 \u00e5r under avslutningsceremonin p\u00e5 Bio Rio den 8 maj.Festivalen, som sponsras av franske regiss\u00f6ren Patrice Leconte och organiseras tillsammans med de franska lyc\u00e9erna i Bryssel och Luxemburg, ... L\u00e4s mer","og_url":"https:\/\/www.lfsl.net\/sv\/cinecourts-en-herbe-2019\/","og_site_name":"Lyc\u00e9e Fran\u00e7ais Saint Louis de Stockholm","article_publisher":"https:\/\/www.facebook.com\/Lyc%c3%a9e-Francais-Saint-Louis-182116921840529\/","article_published_time":"2019-06-04T15:27:38+00:00","article_modified_time":"2019-06-04T15:42:04+00:00","og_image":[{"width":1364,"height":767,"url":"https:\/\/www.lfsl.net\/wp-content\/uploads\/2019\/06\/Cin\u00e9court_4.jpg","type":"image\/jpeg"}],"author":"LFSL","twitter_card":"summary_large_image","schema":{"@context":"https:\/\/schema.org","@graph":[{"@type":"Article","@id":"https:\/\/www.lfsl.net\/sv\/cinecourts-en-herbe-2019\/#article","isPartOf":{"@id":"https:\/\/www.lfsl.net\/sv\/cinecourts-en-herbe-2019\/"},"author":{"name":"LFSL","@id":"https:\/\/www.lfsl.net\/sv\/#\/schema\/person\/b844e4fec0b6546045ed48d495805bfc"},"headline":"Cin\u00e9courts en herbe 2019","datePublished":"2019-06-04T15:27:38+00:00","dateModified":"2019-06-04T15:42:04+00:00","mainEntityOfPage":{"@id":"https:\/\/www.lfsl.net\/sv\/cinecourts-en-herbe-2019\/"},"wordCount":363,"publisher":{"@id":"https:\/\/www.lfsl.net\/sv\/#organization"},"image":{"@id":"https:\/\/www.lfsl.net\/sv\/cinecourts-en-herbe-2019\/#primaryimage"},"thumbnailUrl":"https:\/\/www.lfsl.net\/wp-content\/uploads\/2019\/06\/Cin\u00e9court_4.jpg","articleSection":["Okategoriserad"],"inLanguage":"sv-SE"},{"@type":"WebPage","@id":"https:\/\/www.lfsl.net\/sv\/cinecourts-en-herbe-2019\/","url":"https:\/\/www.lfsl.net\/sv\/cinecourts-en-herbe-2019\/","name":"Cin\u00e9courts en herbe 2019 &#8211; Lyc\u00e9e Fran\u00e7ais Saint Louis de Stockholm","isPartOf":{"@id":"https:\/\/www.lfsl.net\/sv\/#website"},"primaryImageOfPage":{"@id":"https:\/\/www.lfsl.net\/sv\/cinecourts-en-herbe-2019\/#primaryimage"},"image":{"@id":"https:\/\/www.lfsl.net\/sv\/cinecourts-en-herbe-2019\/#primaryimage"},"thumbnailUrl":"https:\/\/www.lfsl.net\/wp-content\/uploads\/2019\/06\/Cin\u00e9court_4.jpg","datePublished":"2019-06-04T15:27:38+00:00","dateModified":"2019-06-04T15:42:04+00:00","breadcrumb":{"@id":"https:\/\/www.lfsl.net\/sv\/cinecourts-en-herbe-2019\/#breadcrumb"},"inLanguage":"sv-SE","potentialAction":[{"@type":"ReadAction","target":["https:\/\/www.lfsl.net\/sv\/cinecourts-en-herbe-2019\/"]}]},{"@type":"ImageObject","inLanguage":"sv-SE","@id":"https:\/\/www.lfsl.net\/sv\/cinecourts-en-herbe-2019\/#primaryimage","url":"https:\/\/www.lfsl.net\/wp-content\/uploads\/2019\/06\/Cin\u00e9court_4.jpg","contentUrl":"https:\/\/www.lfsl.net\/wp-content\/uploads\/2019\/06\/Cin\u00e9court_4.jpg","width":1364,"height":767},{"@type":"BreadcrumbList","@id":"https:\/\/www.lfsl.net\/sv\/cinecourts-en-herbe-2019\/#breadcrumb","itemListElement":[{"@type":"ListItem","position":1,"name":"Home","item":"https:\/\/www.lfsl.net\/sv\/"},{"@type":"ListItem","position":2,"name":"Cin\u00e9courts en herbe 2019"}]},{"@type":"WebSite","@id":"https:\/\/www.lfsl.net\/sv\/#website","url":"https:\/\/www.lfsl.net\/sv\/","name":"Lyc\u00e9e Fran\u00e7ais Saint Louis de Stockholm","description":"\u00c9tablissement membre du r\u00e9seau AEFE","publisher":{"@id":"https:\/\/www.lfsl.net\/sv\/#organization"},"potentialAction":[{"@type":"SearchAction","target":{"@type":"EntryPoint","urlTemplate":"https:\/\/www.lfsl.net\/sv\/?s={search_term_string}"},"query-input":{"@type":"PropertyValueSpecification","valueRequired":true,"valueName":"search_term_string"}}],"inLanguage":"sv-SE"},{"@type":"Organization","@id":"https:\/\/www.lfsl.net\/sv\/#organization","name":"Lyc\u00e9e Fran\u00e7ais Saint Louis","url":"https:\/\/www.lfsl.net\/sv\/","logo":{"@type":"ImageObject","inLanguage":"sv-SE","@id":"https:\/\/www.lfsl.net\/sv\/#\/schema\/logo\/image\/","url":"https:\/\/www.lfsl.net\/wp-content\/uploads\/2021\/03\/LFSL-logo.jpg","contentUrl":"https:\/\/www.lfsl.net\/wp-content\/uploads\/2021\/03\/LFSL-logo.jpg","width":330,"height":473,"caption":"Lyc\u00e9e Fran\u00e7ais Saint Louis"},"image":{"@id":"https:\/\/www.lfsl.net\/sv\/#\/schema\/logo\/image\/"},"sameAs":["https:\/\/www.facebook.com\/Lyc\u00e9e-Francais-Saint-Louis-182116921840529\/","https:\/\/www.instagram.com\/lyceefrancaisstockholm\/","https:\/\/www.linkedin.com\/school\/lfsl\/","https:\/\/www.youtube.com\/channel\/UCchS4IO4jE_YY0ILwn5NgGQ"]},{"@type":"Person","@id":"https:\/\/www.lfsl.net\/sv\/#\/schema\/person\/b844e4fec0b6546045ed48d495805bfc","name":"LFSL","image":{"@type":"ImageObject","inLanguage":"sv-SE","@id":"https:\/\/secure.gravatar.com\/avatar\/8675186c12a5532dad5f25706eb6019c936983ed4945888898482ec1904338ec?s=96&d=mm&r=g","url":"https:\/\/secure.gravatar.com\/avatar\/8675186c12a5532dad5f25706eb6019c936983ed4945888898482ec1904338ec?s=96&d=mm&r=g","contentUrl":"https:\/\/secure.gravatar.com\/avatar\/8675186c12a5532dad5f25706eb6019c936983ed4945888898482ec1904338ec?s=96&d=mm&r=g","caption":"LFSL"},"url":"https:\/\/www.lfsl.net\/sv\/author\/lfsladmin\/"}]}},"_links":{"self":[{"href":"https:\/\/www.lfsl.net\/sv\/wp-json\/wp\/v2\/posts\/4866","targetHints":{"allow":["GET"]}}],"collection":[{"href":"https:\/\/www.lfsl.net\/sv\/wp-json\/wp\/v2\/posts"}],"about":[{"href":"https:\/\/www.lfsl.net\/sv\/wp-json\/wp\/v2\/types\/post"}],"author":[{"embeddable":true,"href":"https:\/\/www.lfsl.net\/sv\/wp-json\/wp\/v2\/users\/1"}],"replies":[{"embeddable":true,"href":"https:\/\/www.lfsl.net\/sv\/wp-json\/wp\/v2\/comments?post=4866"}],"version-history":[{"count":7,"href":"https:\/\/www.lfsl.net\/sv\/wp-json\/wp\/v2\/posts\/4866\/revisions"}],"predecessor-version":[{"id":4887,"href":"https:\/\/www.lfsl.net\/sv\/wp-json\/wp\/v2\/posts\/4866\/revisions\/4887"}],"wp:featuredmedia":[{"embeddable":true,"href":"https:\/\/www.lfsl.net\/sv\/wp-json\/wp\/v2\/media\/4879"}],"wp:attachment":[{"href":"https:\/\/www.lfsl.net\/sv\/wp-json\/wp\/v2\/media?parent=4866"}],"wp:term":[{"taxonomy":"category","embeddable":true,"href":"https:\/\/www.lfsl.net\/sv\/wp-json\/wp\/v2\/categories?post=4866"},{"taxonomy":"post_tag","embeddable":true,"href":"https:\/\/www.lfsl.net\/sv\/wp-json\/wp\/v2\/tags?post=4866"}],"curies":[{"name":"wp","href":"https:\/\/api.w.org\/{rel}","templated":true}]}}