{"id":5292,"date":"2019-09-01T09:08:26","date_gmt":"2019-09-01T09:08:26","guid":{"rendered":"https:\/\/www.lfsl.net\/?p=5292"},"modified":"2019-09-05T11:12:27","modified_gmt":"2019-09-05T11:12:27","slug":"stadsvandringar-i-stockholm","status":"publish","type":"post","link":"https:\/\/www.lfsl.net\/sv\/stadsvandringar-i-stockholm\/","title":{"rendered":"Stadsvandringar i Stockholm"},"content":{"rendered":"\n<p>Som en del av ett AEFE-projekt i ZENOS-zonen &#8211; &#8221;stadsvandringar&#8221; &#8211; slutf\u00f6rde andra\u00e5rets elever inom Litteratur &amp; Samh\u00e4lle f\u00f6rra \u00e5ret ett projekt under det andra halv\u00e5ret. Projektet avslutades med en stadspromenad, dvs en f\u00e4ltunders\u00f6kning f\u00f6r att se staden p\u00e5 ett annorlunda vis. Temat handlade om f\u00f6rfattare i Stockholms stad. <br>Eleverna unders\u00f6kte sp\u00e5ren som f\u00f6rfattarna l\u00e4mnat och till slut, utan att man kan se det varje g\u00e5ng man vandrar i den svenska huvudstaden, uppt\u00e4ckte vi att Stockholm \u00e4r fullt av torg, parker, statyer, skulpturer\u2026 som h\u00e4nvisar till litteratur.<\/p>\n\n\n\n<p>Aulan p\u00e5 LFSL var v\u00e5r utg\u00e5ngspunkt eftersom, om du \u00e4r uppm\u00e4rksam, ett portr\u00e4tt av Nobelpristagaren 2008, J.M.G Le Cl\u00e9zio finns d\u00e4r. Det \u00e5ret bes\u00f6kte han v\u00e5ra LFSL-elever och,  tro det eller inte, kom han i limousin och vita gymnastikskor!<br>Sedan gick vi i fotsp\u00e5ren av f\u00f6rfattare som Stieg Larsson, Astrid Lindgren, Ren\u00e9 Descartes, Stig Dagerman, August Strindberg \u2026 fr\u00e5n S\u00f6dermalm till Gamla Stan via Vasastan \u2026<\/p>\n\n\n\n<p>H\u00e4r \u00e4r resultatet av deras arbete. Kom med oss \u200b\u200bf\u00f6r att &#8221;<a href=\"https:\/\/www.google.com\/maps\/d\/edit?mid=15vtleXa78h1EUJpv0r9hTpmt4w0Eb-Ca&amp;ll=59.35195745218682%2C18.040481&amp;z=13\">sjunga Stockholms f\u00f6rfattarpromenad<\/a>&#8221;<\/p>\n\n\n\n<p>Du hittar v\u00e5ra gymnasieelevers arbete p\u00e5 <a href=\"https:\/\/www.aefe-europe.net\/index.php\/projets\/1460-balades-urbaines\">AEFE: s webbplats<\/a><\/p>\n","protected":false},"excerpt":{"rendered":"<p>Som en del av ett AEFE-projekt i ZENOS-zonen &#8211; &#8221;stadsvandringar&#8221; &#8211; slutf\u00f6rde andra\u00e5rets elever inom Litteratur &amp; Samh\u00e4lle f\u00f6rra \u00e5ret ett projekt under det andra halv\u00e5ret. Projektet avslutades med en stadspromenad, dvs en f\u00e4ltunders\u00f6kning f\u00f6r att se staden p\u00e5 ett annorlunda vis. Temat handlade om f\u00f6rfattare i Stockholms stad. Eleverna unders\u00f6kte sp\u00e5ren som f\u00f6rfattarna l\u00e4mnat &#8230; <\/p>\n<p class=\"read-more-container\"><a title=\"Stadsvandringar i Stockholm\" class=\"read-more button\" href=\"https:\/\/www.lfsl.net\/sv\/stadsvandringar-i-stockholm\/#more-5292\" aria-label=\"L\u00e4s mer om Stadsvandringar i Stockholm\">L\u00e4s mer<\/a><\/p>\n","protected":false},"author":1,"featured_media":5288,"comment_status":"closed","ping_status":"closed","sticky":false,"template":"","format":"standard","meta":{"footnotes":""},"categories":[7],"tags":[],"class_list":["post-5292","post","type-post","status-publish","format-standard","has-post-thumbnail","hentry","category-okategoriserad"],"yoast_head":"<!-- This site is optimized with the Yoast SEO plugin v27.4 - https:\/\/yoast.com\/product\/yoast-seo-wordpress\/ -->\n<title>Stadsvandringar i Stockholm &#8211; Lyc\u00e9e Fran\u00e7ais Saint Louis de Stockholm<\/title>\n<meta name=\"robots\" content=\"index, follow, max-snippet:-1, max-image-preview:large, max-video-preview:-1\" \/>\n<link rel=\"canonical\" href=\"https:\/\/www.lfsl.net\/sv\/stadsvandringar-i-stockholm\/\" \/>\n<meta property=\"og:locale\" content=\"sv_SE\" \/>\n<meta property=\"og:type\" content=\"article\" \/>\n<meta property=\"og:title\" content=\"Stadsvandringar i Stockholm &#8211; Lyc\u00e9e Fran\u00e7ais Saint Louis de Stockholm\" \/>\n<meta property=\"og:description\" content=\"Som en del av ett AEFE-projekt i ZENOS-zonen &#8211; &#8221;stadsvandringar&#8221; &#8211; slutf\u00f6rde andra\u00e5rets elever inom Litteratur &amp; Samh\u00e4lle f\u00f6rra \u00e5ret ett projekt under det andra halv\u00e5ret. Projektet avslutades med en stadspromenad, dvs en f\u00e4ltunders\u00f6kning f\u00f6r att se staden p\u00e5 ett annorlunda vis. Temat handlade om f\u00f6rfattare i Stockholms stad. Eleverna unders\u00f6kte sp\u00e5ren som f\u00f6rfattarna l\u00e4mnat ... L\u00e4s mer\" \/>\n<meta property=\"og:url\" content=\"https:\/\/www.lfsl.net\/sv\/stadsvandringar-i-stockholm\/\" \/>\n<meta property=\"og:site_name\" content=\"Lyc\u00e9e Fran\u00e7ais Saint Louis de Stockholm\" \/>\n<meta property=\"article:publisher\" content=\"https:\/\/www.facebook.com\/Lyc%c3%a9e-Francais-Saint-Louis-182116921840529\/\" \/>\n<meta property=\"article:published_time\" content=\"2019-09-01T09:08:26+00:00\" \/>\n<meta property=\"article:modified_time\" content=\"2019-09-05T11:12:27+00:00\" \/>\n<meta property=\"og:image\" content=\"https:\/\/www.lfsl.net\/wp-content\/uploads\/2019\/09\/Balades-urbaines.jpg\" \/>\n\t<meta property=\"og:image:width\" content=\"1006\" \/>\n\t<meta property=\"og:image:height\" content=\"566\" \/>\n\t<meta property=\"og:image:type\" content=\"image\/jpeg\" \/>\n<meta name=\"author\" content=\"LFSL\" \/>\n<meta name=\"twitter:card\" content=\"summary_large_image\" \/>\n<script type=\"application\/ld+json\" class=\"yoast-schema-graph\">{\"@context\":\"https:\\\/\\\/schema.org\",\"@graph\":[{\"@type\":\"Article\",\"@id\":\"https:\\\/\\\/www.lfsl.net\\\/sv\\\/stadsvandringar-i-stockholm\\\/#article\",\"isPartOf\":{\"@id\":\"https:\\\/\\\/www.lfsl.net\\\/sv\\\/stadsvandringar-i-stockholm\\\/\"},\"author\":{\"name\":\"LFSL\",\"@id\":\"https:\\\/\\\/www.lfsl.net\\\/sv\\\/#\\\/schema\\\/person\\\/b844e4fec0b6546045ed48d495805bfc\"},\"headline\":\"Stadsvandringar i Stockholm\",\"datePublished\":\"2019-09-01T09:08:26+00:00\",\"dateModified\":\"2019-09-05T11:12:27+00:00\",\"mainEntityOfPage\":{\"@id\":\"https:\\\/\\\/www.lfsl.net\\\/sv\\\/stadsvandringar-i-stockholm\\\/\"},\"wordCount\":210,\"publisher\":{\"@id\":\"https:\\\/\\\/www.lfsl.net\\\/sv\\\/#organization\"},\"image\":{\"@id\":\"https:\\\/\\\/www.lfsl.net\\\/sv\\\/stadsvandringar-i-stockholm\\\/#primaryimage\"},\"thumbnailUrl\":\"https:\\\/\\\/www.lfsl.net\\\/wp-content\\\/uploads\\\/2019\\\/09\\\/Balades-urbaines.jpg\",\"articleSection\":[\"Okategoriserad\"],\"inLanguage\":\"sv-SE\"},{\"@type\":\"WebPage\",\"@id\":\"https:\\\/\\\/www.lfsl.net\\\/sv\\\/stadsvandringar-i-stockholm\\\/\",\"url\":\"https:\\\/\\\/www.lfsl.net\\\/sv\\\/stadsvandringar-i-stockholm\\\/\",\"name\":\"Stadsvandringar i Stockholm &#8211; Lyc\u00e9e Fran\u00e7ais Saint Louis de Stockholm\",\"isPartOf\":{\"@id\":\"https:\\\/\\\/www.lfsl.net\\\/sv\\\/#website\"},\"primaryImageOfPage\":{\"@id\":\"https:\\\/\\\/www.lfsl.net\\\/sv\\\/stadsvandringar-i-stockholm\\\/#primaryimage\"},\"image\":{\"@id\":\"https:\\\/\\\/www.lfsl.net\\\/sv\\\/stadsvandringar-i-stockholm\\\/#primaryimage\"},\"thumbnailUrl\":\"https:\\\/\\\/www.lfsl.net\\\/wp-content\\\/uploads\\\/2019\\\/09\\\/Balades-urbaines.jpg\",\"datePublished\":\"2019-09-01T09:08:26+00:00\",\"dateModified\":\"2019-09-05T11:12:27+00:00\",\"breadcrumb\":{\"@id\":\"https:\\\/\\\/www.lfsl.net\\\/sv\\\/stadsvandringar-i-stockholm\\\/#breadcrumb\"},\"inLanguage\":\"sv-SE\",\"potentialAction\":[{\"@type\":\"ReadAction\",\"target\":[\"https:\\\/\\\/www.lfsl.net\\\/sv\\\/stadsvandringar-i-stockholm\\\/\"]}]},{\"@type\":\"ImageObject\",\"inLanguage\":\"sv-SE\",\"@id\":\"https:\\\/\\\/www.lfsl.net\\\/sv\\\/stadsvandringar-i-stockholm\\\/#primaryimage\",\"url\":\"https:\\\/\\\/www.lfsl.net\\\/wp-content\\\/uploads\\\/2019\\\/09\\\/Balades-urbaines.jpg\",\"contentUrl\":\"https:\\\/\\\/www.lfsl.net\\\/wp-content\\\/uploads\\\/2019\\\/09\\\/Balades-urbaines.jpg\",\"width\":1006,\"height\":566},{\"@type\":\"BreadcrumbList\",\"@id\":\"https:\\\/\\\/www.lfsl.net\\\/sv\\\/stadsvandringar-i-stockholm\\\/#breadcrumb\",\"itemListElement\":[{\"@type\":\"ListItem\",\"position\":1,\"name\":\"Home\",\"item\":\"https:\\\/\\\/www.lfsl.net\\\/sv\\\/\"},{\"@type\":\"ListItem\",\"position\":2,\"name\":\"Stadsvandringar i Stockholm\"}]},{\"@type\":\"WebSite\",\"@id\":\"https:\\\/\\\/www.lfsl.net\\\/sv\\\/#website\",\"url\":\"https:\\\/\\\/www.lfsl.net\\\/sv\\\/\",\"name\":\"Lyc\u00e9e Fran\u00e7ais Saint Louis de Stockholm\",\"description\":\"\u00c9tablissement membre du r\u00e9seau AEFE\",\"publisher\":{\"@id\":\"https:\\\/\\\/www.lfsl.net\\\/sv\\\/#organization\"},\"potentialAction\":[{\"@type\":\"SearchAction\",\"target\":{\"@type\":\"EntryPoint\",\"urlTemplate\":\"https:\\\/\\\/www.lfsl.net\\\/sv\\\/?s={search_term_string}\"},\"query-input\":{\"@type\":\"PropertyValueSpecification\",\"valueRequired\":true,\"valueName\":\"search_term_string\"}}],\"inLanguage\":\"sv-SE\"},{\"@type\":\"Organization\",\"@id\":\"https:\\\/\\\/www.lfsl.net\\\/sv\\\/#organization\",\"name\":\"Lyc\u00e9e Fran\u00e7ais Saint Louis\",\"url\":\"https:\\\/\\\/www.lfsl.net\\\/sv\\\/\",\"logo\":{\"@type\":\"ImageObject\",\"inLanguage\":\"sv-SE\",\"@id\":\"https:\\\/\\\/www.lfsl.net\\\/sv\\\/#\\\/schema\\\/logo\\\/image\\\/\",\"url\":\"https:\\\/\\\/www.lfsl.net\\\/wp-content\\\/uploads\\\/2021\\\/03\\\/LFSL-logo.jpg\",\"contentUrl\":\"https:\\\/\\\/www.lfsl.net\\\/wp-content\\\/uploads\\\/2021\\\/03\\\/LFSL-logo.jpg\",\"width\":330,\"height\":473,\"caption\":\"Lyc\u00e9e Fran\u00e7ais Saint Louis\"},\"image\":{\"@id\":\"https:\\\/\\\/www.lfsl.net\\\/sv\\\/#\\\/schema\\\/logo\\\/image\\\/\"},\"sameAs\":[\"https:\\\/\\\/www.facebook.com\\\/Lyc\u00e9e-Francais-Saint-Louis-182116921840529\\\/\",\"https:\\\/\\\/www.instagram.com\\\/lyceefrancaisstockholm\\\/\",\"https:\\\/\\\/www.linkedin.com\\\/school\\\/lfsl\\\/\",\"https:\\\/\\\/www.youtube.com\\\/channel\\\/UCchS4IO4jE_YY0ILwn5NgGQ\"]},{\"@type\":\"Person\",\"@id\":\"https:\\\/\\\/www.lfsl.net\\\/sv\\\/#\\\/schema\\\/person\\\/b844e4fec0b6546045ed48d495805bfc\",\"name\":\"LFSL\",\"image\":{\"@type\":\"ImageObject\",\"inLanguage\":\"sv-SE\",\"@id\":\"https:\\\/\\\/secure.gravatar.com\\\/avatar\\\/8675186c12a5532dad5f25706eb6019c936983ed4945888898482ec1904338ec?s=96&d=mm&r=g\",\"url\":\"https:\\\/\\\/secure.gravatar.com\\\/avatar\\\/8675186c12a5532dad5f25706eb6019c936983ed4945888898482ec1904338ec?s=96&d=mm&r=g\",\"contentUrl\":\"https:\\\/\\\/secure.gravatar.com\\\/avatar\\\/8675186c12a5532dad5f25706eb6019c936983ed4945888898482ec1904338ec?s=96&d=mm&r=g\",\"caption\":\"LFSL\"},\"url\":\"https:\\\/\\\/www.lfsl.net\\\/sv\\\/author\\\/lfsladmin\\\/\"}]}<\/script>\n<!-- \/ Yoast SEO plugin. -->","yoast_head_json":{"title":"Stadsvandringar i Stockholm &#8211; Lyc\u00e9e Fran\u00e7ais Saint Louis de Stockholm","robots":{"index":"index","follow":"follow","max-snippet":"max-snippet:-1","max-image-preview":"max-image-preview:large","max-video-preview":"max-video-preview:-1"},"canonical":"https:\/\/www.lfsl.net\/sv\/stadsvandringar-i-stockholm\/","og_locale":"sv_SE","og_type":"article","og_title":"Stadsvandringar i Stockholm &#8211; Lyc\u00e9e Fran\u00e7ais Saint Louis de Stockholm","og_description":"Som en del av ett AEFE-projekt i ZENOS-zonen &#8211; &#8221;stadsvandringar&#8221; &#8211; slutf\u00f6rde andra\u00e5rets elever inom Litteratur &amp; Samh\u00e4lle f\u00f6rra \u00e5ret ett projekt under det andra halv\u00e5ret. Projektet avslutades med en stadspromenad, dvs en f\u00e4ltunders\u00f6kning f\u00f6r att se staden p\u00e5 ett annorlunda vis. Temat handlade om f\u00f6rfattare i Stockholms stad. Eleverna unders\u00f6kte sp\u00e5ren som f\u00f6rfattarna l\u00e4mnat ... L\u00e4s mer","og_url":"https:\/\/www.lfsl.net\/sv\/stadsvandringar-i-stockholm\/","og_site_name":"Lyc\u00e9e Fran\u00e7ais Saint Louis de Stockholm","article_publisher":"https:\/\/www.facebook.com\/Lyc%c3%a9e-Francais-Saint-Louis-182116921840529\/","article_published_time":"2019-09-01T09:08:26+00:00","article_modified_time":"2019-09-05T11:12:27+00:00","og_image":[{"width":1006,"height":566,"url":"https:\/\/www.lfsl.net\/wp-content\/uploads\/2019\/09\/Balades-urbaines.jpg","type":"image\/jpeg"}],"author":"LFSL","twitter_card":"summary_large_image","schema":{"@context":"https:\/\/schema.org","@graph":[{"@type":"Article","@id":"https:\/\/www.lfsl.net\/sv\/stadsvandringar-i-stockholm\/#article","isPartOf":{"@id":"https:\/\/www.lfsl.net\/sv\/stadsvandringar-i-stockholm\/"},"author":{"name":"LFSL","@id":"https:\/\/www.lfsl.net\/sv\/#\/schema\/person\/b844e4fec0b6546045ed48d495805bfc"},"headline":"Stadsvandringar i Stockholm","datePublished":"2019-09-01T09:08:26+00:00","dateModified":"2019-09-05T11:12:27+00:00","mainEntityOfPage":{"@id":"https:\/\/www.lfsl.net\/sv\/stadsvandringar-i-stockholm\/"},"wordCount":210,"publisher":{"@id":"https:\/\/www.lfsl.net\/sv\/#organization"},"image":{"@id":"https:\/\/www.lfsl.net\/sv\/stadsvandringar-i-stockholm\/#primaryimage"},"thumbnailUrl":"https:\/\/www.lfsl.net\/wp-content\/uploads\/2019\/09\/Balades-urbaines.jpg","articleSection":["Okategoriserad"],"inLanguage":"sv-SE"},{"@type":"WebPage","@id":"https:\/\/www.lfsl.net\/sv\/stadsvandringar-i-stockholm\/","url":"https:\/\/www.lfsl.net\/sv\/stadsvandringar-i-stockholm\/","name":"Stadsvandringar i Stockholm &#8211; Lyc\u00e9e Fran\u00e7ais Saint Louis de Stockholm","isPartOf":{"@id":"https:\/\/www.lfsl.net\/sv\/#website"},"primaryImageOfPage":{"@id":"https:\/\/www.lfsl.net\/sv\/stadsvandringar-i-stockholm\/#primaryimage"},"image":{"@id":"https:\/\/www.lfsl.net\/sv\/stadsvandringar-i-stockholm\/#primaryimage"},"thumbnailUrl":"https:\/\/www.lfsl.net\/wp-content\/uploads\/2019\/09\/Balades-urbaines.jpg","datePublished":"2019-09-01T09:08:26+00:00","dateModified":"2019-09-05T11:12:27+00:00","breadcrumb":{"@id":"https:\/\/www.lfsl.net\/sv\/stadsvandringar-i-stockholm\/#breadcrumb"},"inLanguage":"sv-SE","potentialAction":[{"@type":"ReadAction","target":["https:\/\/www.lfsl.net\/sv\/stadsvandringar-i-stockholm\/"]}]},{"@type":"ImageObject","inLanguage":"sv-SE","@id":"https:\/\/www.lfsl.net\/sv\/stadsvandringar-i-stockholm\/#primaryimage","url":"https:\/\/www.lfsl.net\/wp-content\/uploads\/2019\/09\/Balades-urbaines.jpg","contentUrl":"https:\/\/www.lfsl.net\/wp-content\/uploads\/2019\/09\/Balades-urbaines.jpg","width":1006,"height":566},{"@type":"BreadcrumbList","@id":"https:\/\/www.lfsl.net\/sv\/stadsvandringar-i-stockholm\/#breadcrumb","itemListElement":[{"@type":"ListItem","position":1,"name":"Home","item":"https:\/\/www.lfsl.net\/sv\/"},{"@type":"ListItem","position":2,"name":"Stadsvandringar i Stockholm"}]},{"@type":"WebSite","@id":"https:\/\/www.lfsl.net\/sv\/#website","url":"https:\/\/www.lfsl.net\/sv\/","name":"Lyc\u00e9e Fran\u00e7ais Saint Louis de Stockholm","description":"\u00c9tablissement membre du r\u00e9seau AEFE","publisher":{"@id":"https:\/\/www.lfsl.net\/sv\/#organization"},"potentialAction":[{"@type":"SearchAction","target":{"@type":"EntryPoint","urlTemplate":"https:\/\/www.lfsl.net\/sv\/?s={search_term_string}"},"query-input":{"@type":"PropertyValueSpecification","valueRequired":true,"valueName":"search_term_string"}}],"inLanguage":"sv-SE"},{"@type":"Organization","@id":"https:\/\/www.lfsl.net\/sv\/#organization","name":"Lyc\u00e9e Fran\u00e7ais Saint Louis","url":"https:\/\/www.lfsl.net\/sv\/","logo":{"@type":"ImageObject","inLanguage":"sv-SE","@id":"https:\/\/www.lfsl.net\/sv\/#\/schema\/logo\/image\/","url":"https:\/\/www.lfsl.net\/wp-content\/uploads\/2021\/03\/LFSL-logo.jpg","contentUrl":"https:\/\/www.lfsl.net\/wp-content\/uploads\/2021\/03\/LFSL-logo.jpg","width":330,"height":473,"caption":"Lyc\u00e9e Fran\u00e7ais Saint Louis"},"image":{"@id":"https:\/\/www.lfsl.net\/sv\/#\/schema\/logo\/image\/"},"sameAs":["https:\/\/www.facebook.com\/Lyc\u00e9e-Francais-Saint-Louis-182116921840529\/","https:\/\/www.instagram.com\/lyceefrancaisstockholm\/","https:\/\/www.linkedin.com\/school\/lfsl\/","https:\/\/www.youtube.com\/channel\/UCchS4IO4jE_YY0ILwn5NgGQ"]},{"@type":"Person","@id":"https:\/\/www.lfsl.net\/sv\/#\/schema\/person\/b844e4fec0b6546045ed48d495805bfc","name":"LFSL","image":{"@type":"ImageObject","inLanguage":"sv-SE","@id":"https:\/\/secure.gravatar.com\/avatar\/8675186c12a5532dad5f25706eb6019c936983ed4945888898482ec1904338ec?s=96&d=mm&r=g","url":"https:\/\/secure.gravatar.com\/avatar\/8675186c12a5532dad5f25706eb6019c936983ed4945888898482ec1904338ec?s=96&d=mm&r=g","contentUrl":"https:\/\/secure.gravatar.com\/avatar\/8675186c12a5532dad5f25706eb6019c936983ed4945888898482ec1904338ec?s=96&d=mm&r=g","caption":"LFSL"},"url":"https:\/\/www.lfsl.net\/sv\/author\/lfsladmin\/"}]}},"_links":{"self":[{"href":"https:\/\/www.lfsl.net\/sv\/wp-json\/wp\/v2\/posts\/5292","targetHints":{"allow":["GET"]}}],"collection":[{"href":"https:\/\/www.lfsl.net\/sv\/wp-json\/wp\/v2\/posts"}],"about":[{"href":"https:\/\/www.lfsl.net\/sv\/wp-json\/wp\/v2\/types\/post"}],"author":[{"embeddable":true,"href":"https:\/\/www.lfsl.net\/sv\/wp-json\/wp\/v2\/users\/1"}],"replies":[{"embeddable":true,"href":"https:\/\/www.lfsl.net\/sv\/wp-json\/wp\/v2\/comments?post=5292"}],"version-history":[{"count":2,"href":"https:\/\/www.lfsl.net\/sv\/wp-json\/wp\/v2\/posts\/5292\/revisions"}],"predecessor-version":[{"id":5294,"href":"https:\/\/www.lfsl.net\/sv\/wp-json\/wp\/v2\/posts\/5292\/revisions\/5294"}],"wp:featuredmedia":[{"embeddable":true,"href":"https:\/\/www.lfsl.net\/sv\/wp-json\/wp\/v2\/media\/5288"}],"wp:attachment":[{"href":"https:\/\/www.lfsl.net\/sv\/wp-json\/wp\/v2\/media?parent=5292"}],"wp:term":[{"taxonomy":"category","embeddable":true,"href":"https:\/\/www.lfsl.net\/sv\/wp-json\/wp\/v2\/categories?post=5292"},{"taxonomy":"post_tag","embeddable":true,"href":"https:\/\/www.lfsl.net\/sv\/wp-json\/wp\/v2\/tags?post=5292"}],"curies":[{"name":"wp","href":"https:\/\/api.w.org\/{rel}","templated":true}]}}