{"id":5321,"date":"2019-09-12T10:22:15","date_gmt":"2019-09-12T10:22:15","guid":{"rendered":"https:\/\/www.lfsl.net\/?p=5321"},"modified":"2019-09-18T07:25:20","modified_gmt":"2019-09-18T07:25:20","slug":"information-om-arbetena-pa-skolgarden","status":"publish","type":"post","link":"https:\/\/www.lfsl.net\/sv\/information-om-arbetena-pa-skolgarden\/","title":{"rendered":"Information om arbetena p\u00e5 skolg\u00e5rden"},"content":{"rendered":"\n<p>Vi vill informera om arbetena p\u00e5 skolg\u00e5rden som utf\u00f6rs p\u00e5 uppdrag av SISAB, skolbyggnadens \u00e4gare.<\/p>\n\n\n\n<p>Under de senaste dagarna har mycket arbete gjorts f\u00f6r att skydda byggnadsomr\u00e5det (dubbla byggst\u00e4ngsel med ett externt staket en meter fr\u00e5n det inre staketet) och f\u00f6r att s\u00e4kerst\u00e4lla s\u00e4kerheten f\u00f6r alla anv\u00e4ndare. Vi forts\u00e4tter diskussionerna med SISAB och det f\u00f6retag som ansvarar f\u00f6r arbetena f\u00f6r att samordna och s\u00e4kra detta omr\u00e5de samtidigt som vi ser till att kraven f\u00f6r den ordin\u00e4ra s\u00e4kerheten uppfylls.<\/p>\n\n\n\n<p>Vecka 37 (9-13 september) &#8211; F\u00f6rberedande arbeten f\u00f6r flytten av paviljongen har p\u00e5b\u00f6rjats och kommer att p\u00e5g\u00e5 i cirka fyra veckor.<br>Vecka 41 (7-11 oktober) &#8211; Prelimin\u00e4r vecka f\u00f6r avl\u00e4gsnande och \u00e5termontering av paviljongen.<br>Vecka 50 (9-13 december) &#8211; Paviljongen ska vara f\u00e4rdigmonterad enligt SISAB.<\/p>\n\n\n\n<p>SISAB kommer att s\u00e4tta upp en anslagstavla under de kommande veckorna vid huvuding\u00e5ngen f\u00f6r att ge l\u00f6pande information om hur arbetet fortskrider. Ett skydd har satts upp f\u00f6r att undvika sikt \u00f6ver byggplatsen och f\u00f6r att minimera riskerna f\u00f6r alla anv\u00e4ndare. <br><\/p>\n\n\n\n<p>Vi rekommenderar att alla anv\u00e4nder ing\u00e5ngen fr\u00e5n V\u00e4nskapsv\u00e4gen och inte l\u00e4ngre den fr\u00e5n Essingestr\u00e5ket.<\/p>\n\n\n\n<p>Vi \u00e4r medvetna om besv\u00e4ret detta orsakar f\u00f6r elever och familjer och tackar f\u00f6r er f\u00f6rst\u00e5else!<\/p>\n","protected":false},"excerpt":{"rendered":"<p>Vi vill informera om arbetena p\u00e5 skolg\u00e5rden som utf\u00f6rs p\u00e5 uppdrag av SISAB, skolbyggnadens \u00e4gare. Under de senaste dagarna har mycket arbete gjorts f\u00f6r att skydda byggnadsomr\u00e5det (dubbla byggst\u00e4ngsel med ett externt staket en meter fr\u00e5n det inre staketet) och f\u00f6r att s\u00e4kerst\u00e4lla s\u00e4kerheten f\u00f6r alla anv\u00e4ndare. Vi forts\u00e4tter diskussionerna med SISAB och det f\u00f6retag &#8230; <\/p>\n<p class=\"read-more-container\"><a title=\"Information om arbetena p\u00e5 skolg\u00e5rden\" class=\"read-more button\" href=\"https:\/\/www.lfsl.net\/sv\/information-om-arbetena-pa-skolgarden\/#more-5321\" aria-label=\"L\u00e4s mer om Information om arbetena p\u00e5 skolg\u00e5rden\">L\u00e4s mer<\/a><\/p>\n","protected":false},"author":1,"featured_media":5318,"comment_status":"closed","ping_status":"closed","sticky":false,"template":"","format":"standard","meta":{"footnotes":""},"categories":[7],"tags":[],"class_list":["post-5321","post","type-post","status-publish","format-standard","has-post-thumbnail","hentry","category-okategoriserad"],"yoast_head":"<!-- This site is optimized with the Yoast SEO plugin v27.4 - https:\/\/yoast.com\/product\/yoast-seo-wordpress\/ -->\n<title>Information om arbetena p\u00e5 skolg\u00e5rden &#8211; Lyc\u00e9e Fran\u00e7ais Saint Louis de Stockholm<\/title>\n<meta name=\"robots\" content=\"index, follow, max-snippet:-1, max-image-preview:large, max-video-preview:-1\" \/>\n<link rel=\"canonical\" href=\"https:\/\/www.lfsl.net\/sv\/information-om-arbetena-pa-skolgarden\/\" \/>\n<meta property=\"og:locale\" content=\"sv_SE\" \/>\n<meta property=\"og:type\" content=\"article\" \/>\n<meta property=\"og:title\" content=\"Information om arbetena p\u00e5 skolg\u00e5rden &#8211; Lyc\u00e9e Fran\u00e7ais Saint Louis de Stockholm\" \/>\n<meta property=\"og:description\" content=\"Vi vill informera om arbetena p\u00e5 skolg\u00e5rden som utf\u00f6rs p\u00e5 uppdrag av SISAB, skolbyggnadens \u00e4gare. Under de senaste dagarna har mycket arbete gjorts f\u00f6r att skydda byggnadsomr\u00e5det (dubbla byggst\u00e4ngsel med ett externt staket en meter fr\u00e5n det inre staketet) och f\u00f6r att s\u00e4kerst\u00e4lla s\u00e4kerheten f\u00f6r alla anv\u00e4ndare. Vi forts\u00e4tter diskussionerna med SISAB och det f\u00f6retag ... L\u00e4s mer\" \/>\n<meta property=\"og:url\" content=\"https:\/\/www.lfsl.net\/sv\/information-om-arbetena-pa-skolgarden\/\" \/>\n<meta property=\"og:site_name\" content=\"Lyc\u00e9e Fran\u00e7ais Saint Louis de Stockholm\" \/>\n<meta property=\"article:publisher\" content=\"https:\/\/www.facebook.com\/Lyc%c3%a9e-Francais-Saint-Louis-182116921840529\/\" \/>\n<meta property=\"article:published_time\" content=\"2019-09-12T10:22:15+00:00\" \/>\n<meta property=\"article:modified_time\" content=\"2019-09-18T07:25:20+00:00\" \/>\n<meta property=\"og:image\" content=\"https:\/\/www.lfsl.net\/wp-content\/uploads\/2019\/09\/Skolg\u00e5rd_16-9.jpg\" \/>\n\t<meta property=\"og:image:width\" content=\"1200\" \/>\n\t<meta property=\"og:image:height\" content=\"675\" \/>\n\t<meta property=\"og:image:type\" content=\"image\/jpeg\" \/>\n<meta name=\"author\" content=\"LFSL\" \/>\n<meta name=\"twitter:card\" content=\"summary_large_image\" \/>\n<script type=\"application\/ld+json\" class=\"yoast-schema-graph\">{\"@context\":\"https:\\\/\\\/schema.org\",\"@graph\":[{\"@type\":\"Article\",\"@id\":\"https:\\\/\\\/www.lfsl.net\\\/sv\\\/information-om-arbetena-pa-skolgarden\\\/#article\",\"isPartOf\":{\"@id\":\"https:\\\/\\\/www.lfsl.net\\\/sv\\\/information-om-arbetena-pa-skolgarden\\\/\"},\"author\":{\"name\":\"LFSL\",\"@id\":\"https:\\\/\\\/www.lfsl.net\\\/sv\\\/#\\\/schema\\\/person\\\/b844e4fec0b6546045ed48d495805bfc\"},\"headline\":\"Information om arbetena p\u00e5 skolg\u00e5rden\",\"datePublished\":\"2019-09-12T10:22:15+00:00\",\"dateModified\":\"2019-09-18T07:25:20+00:00\",\"mainEntityOfPage\":{\"@id\":\"https:\\\/\\\/www.lfsl.net\\\/sv\\\/information-om-arbetena-pa-skolgarden\\\/\"},\"wordCount\":248,\"publisher\":{\"@id\":\"https:\\\/\\\/www.lfsl.net\\\/sv\\\/#organization\"},\"image\":{\"@id\":\"https:\\\/\\\/www.lfsl.net\\\/sv\\\/information-om-arbetena-pa-skolgarden\\\/#primaryimage\"},\"thumbnailUrl\":\"https:\\\/\\\/www.lfsl.net\\\/wp-content\\\/uploads\\\/2019\\\/09\\\/Skolg\u00e5rd_16-9.jpg\",\"articleSection\":[\"Okategoriserad\"],\"inLanguage\":\"sv-SE\"},{\"@type\":\"WebPage\",\"@id\":\"https:\\\/\\\/www.lfsl.net\\\/sv\\\/information-om-arbetena-pa-skolgarden\\\/\",\"url\":\"https:\\\/\\\/www.lfsl.net\\\/sv\\\/information-om-arbetena-pa-skolgarden\\\/\",\"name\":\"Information om arbetena p\u00e5 skolg\u00e5rden &#8211; Lyc\u00e9e Fran\u00e7ais Saint Louis de Stockholm\",\"isPartOf\":{\"@id\":\"https:\\\/\\\/www.lfsl.net\\\/sv\\\/#website\"},\"primaryImageOfPage\":{\"@id\":\"https:\\\/\\\/www.lfsl.net\\\/sv\\\/information-om-arbetena-pa-skolgarden\\\/#primaryimage\"},\"image\":{\"@id\":\"https:\\\/\\\/www.lfsl.net\\\/sv\\\/information-om-arbetena-pa-skolgarden\\\/#primaryimage\"},\"thumbnailUrl\":\"https:\\\/\\\/www.lfsl.net\\\/wp-content\\\/uploads\\\/2019\\\/09\\\/Skolg\u00e5rd_16-9.jpg\",\"datePublished\":\"2019-09-12T10:22:15+00:00\",\"dateModified\":\"2019-09-18T07:25:20+00:00\",\"breadcrumb\":{\"@id\":\"https:\\\/\\\/www.lfsl.net\\\/sv\\\/information-om-arbetena-pa-skolgarden\\\/#breadcrumb\"},\"inLanguage\":\"sv-SE\",\"potentialAction\":[{\"@type\":\"ReadAction\",\"target\":[\"https:\\\/\\\/www.lfsl.net\\\/sv\\\/information-om-arbetena-pa-skolgarden\\\/\"]}]},{\"@type\":\"ImageObject\",\"inLanguage\":\"sv-SE\",\"@id\":\"https:\\\/\\\/www.lfsl.net\\\/sv\\\/information-om-arbetena-pa-skolgarden\\\/#primaryimage\",\"url\":\"https:\\\/\\\/www.lfsl.net\\\/wp-content\\\/uploads\\\/2019\\\/09\\\/Skolg\u00e5rd_16-9.jpg\",\"contentUrl\":\"https:\\\/\\\/www.lfsl.net\\\/wp-content\\\/uploads\\\/2019\\\/09\\\/Skolg\u00e5rd_16-9.jpg\",\"width\":1200,\"height\":675},{\"@type\":\"BreadcrumbList\",\"@id\":\"https:\\\/\\\/www.lfsl.net\\\/sv\\\/information-om-arbetena-pa-skolgarden\\\/#breadcrumb\",\"itemListElement\":[{\"@type\":\"ListItem\",\"position\":1,\"name\":\"Home\",\"item\":\"https:\\\/\\\/www.lfsl.net\\\/sv\\\/\"},{\"@type\":\"ListItem\",\"position\":2,\"name\":\"Information om arbetena p\u00e5 skolg\u00e5rden\"}]},{\"@type\":\"WebSite\",\"@id\":\"https:\\\/\\\/www.lfsl.net\\\/sv\\\/#website\",\"url\":\"https:\\\/\\\/www.lfsl.net\\\/sv\\\/\",\"name\":\"Lyc\u00e9e Fran\u00e7ais Saint Louis de Stockholm\",\"description\":\"\u00c9tablissement membre du r\u00e9seau AEFE\",\"publisher\":{\"@id\":\"https:\\\/\\\/www.lfsl.net\\\/sv\\\/#organization\"},\"potentialAction\":[{\"@type\":\"SearchAction\",\"target\":{\"@type\":\"EntryPoint\",\"urlTemplate\":\"https:\\\/\\\/www.lfsl.net\\\/sv\\\/?s={search_term_string}\"},\"query-input\":{\"@type\":\"PropertyValueSpecification\",\"valueRequired\":true,\"valueName\":\"search_term_string\"}}],\"inLanguage\":\"sv-SE\"},{\"@type\":\"Organization\",\"@id\":\"https:\\\/\\\/www.lfsl.net\\\/sv\\\/#organization\",\"name\":\"Lyc\u00e9e Fran\u00e7ais Saint Louis\",\"url\":\"https:\\\/\\\/www.lfsl.net\\\/sv\\\/\",\"logo\":{\"@type\":\"ImageObject\",\"inLanguage\":\"sv-SE\",\"@id\":\"https:\\\/\\\/www.lfsl.net\\\/sv\\\/#\\\/schema\\\/logo\\\/image\\\/\",\"url\":\"https:\\\/\\\/www.lfsl.net\\\/wp-content\\\/uploads\\\/2021\\\/03\\\/LFSL-logo.jpg\",\"contentUrl\":\"https:\\\/\\\/www.lfsl.net\\\/wp-content\\\/uploads\\\/2021\\\/03\\\/LFSL-logo.jpg\",\"width\":330,\"height\":473,\"caption\":\"Lyc\u00e9e Fran\u00e7ais Saint Louis\"},\"image\":{\"@id\":\"https:\\\/\\\/www.lfsl.net\\\/sv\\\/#\\\/schema\\\/logo\\\/image\\\/\"},\"sameAs\":[\"https:\\\/\\\/www.facebook.com\\\/Lyc\u00e9e-Francais-Saint-Louis-182116921840529\\\/\",\"https:\\\/\\\/www.instagram.com\\\/lyceefrancaisstockholm\\\/\",\"https:\\\/\\\/www.linkedin.com\\\/school\\\/lfsl\\\/\",\"https:\\\/\\\/www.youtube.com\\\/channel\\\/UCchS4IO4jE_YY0ILwn5NgGQ\"]},{\"@type\":\"Person\",\"@id\":\"https:\\\/\\\/www.lfsl.net\\\/sv\\\/#\\\/schema\\\/person\\\/b844e4fec0b6546045ed48d495805bfc\",\"name\":\"LFSL\",\"image\":{\"@type\":\"ImageObject\",\"inLanguage\":\"sv-SE\",\"@id\":\"https:\\\/\\\/secure.gravatar.com\\\/avatar\\\/8675186c12a5532dad5f25706eb6019c936983ed4945888898482ec1904338ec?s=96&d=mm&r=g\",\"url\":\"https:\\\/\\\/secure.gravatar.com\\\/avatar\\\/8675186c12a5532dad5f25706eb6019c936983ed4945888898482ec1904338ec?s=96&d=mm&r=g\",\"contentUrl\":\"https:\\\/\\\/secure.gravatar.com\\\/avatar\\\/8675186c12a5532dad5f25706eb6019c936983ed4945888898482ec1904338ec?s=96&d=mm&r=g\",\"caption\":\"LFSL\"},\"url\":\"https:\\\/\\\/www.lfsl.net\\\/sv\\\/author\\\/lfsladmin\\\/\"}]}<\/script>\n<!-- \/ Yoast SEO plugin. -->","yoast_head_json":{"title":"Information om arbetena p\u00e5 skolg\u00e5rden &#8211; Lyc\u00e9e Fran\u00e7ais Saint Louis de Stockholm","robots":{"index":"index","follow":"follow","max-snippet":"max-snippet:-1","max-image-preview":"max-image-preview:large","max-video-preview":"max-video-preview:-1"},"canonical":"https:\/\/www.lfsl.net\/sv\/information-om-arbetena-pa-skolgarden\/","og_locale":"sv_SE","og_type":"article","og_title":"Information om arbetena p\u00e5 skolg\u00e5rden &#8211; Lyc\u00e9e Fran\u00e7ais Saint Louis de Stockholm","og_description":"Vi vill informera om arbetena p\u00e5 skolg\u00e5rden som utf\u00f6rs p\u00e5 uppdrag av SISAB, skolbyggnadens \u00e4gare. Under de senaste dagarna har mycket arbete gjorts f\u00f6r att skydda byggnadsomr\u00e5det (dubbla byggst\u00e4ngsel med ett externt staket en meter fr\u00e5n det inre staketet) och f\u00f6r att s\u00e4kerst\u00e4lla s\u00e4kerheten f\u00f6r alla anv\u00e4ndare. Vi forts\u00e4tter diskussionerna med SISAB och det f\u00f6retag ... L\u00e4s mer","og_url":"https:\/\/www.lfsl.net\/sv\/information-om-arbetena-pa-skolgarden\/","og_site_name":"Lyc\u00e9e Fran\u00e7ais Saint Louis de Stockholm","article_publisher":"https:\/\/www.facebook.com\/Lyc%c3%a9e-Francais-Saint-Louis-182116921840529\/","article_published_time":"2019-09-12T10:22:15+00:00","article_modified_time":"2019-09-18T07:25:20+00:00","og_image":[{"width":1200,"height":675,"url":"https:\/\/www.lfsl.net\/wp-content\/uploads\/2019\/09\/Skolg\u00e5rd_16-9.jpg","type":"image\/jpeg"}],"author":"LFSL","twitter_card":"summary_large_image","schema":{"@context":"https:\/\/schema.org","@graph":[{"@type":"Article","@id":"https:\/\/www.lfsl.net\/sv\/information-om-arbetena-pa-skolgarden\/#article","isPartOf":{"@id":"https:\/\/www.lfsl.net\/sv\/information-om-arbetena-pa-skolgarden\/"},"author":{"name":"LFSL","@id":"https:\/\/www.lfsl.net\/sv\/#\/schema\/person\/b844e4fec0b6546045ed48d495805bfc"},"headline":"Information om arbetena p\u00e5 skolg\u00e5rden","datePublished":"2019-09-12T10:22:15+00:00","dateModified":"2019-09-18T07:25:20+00:00","mainEntityOfPage":{"@id":"https:\/\/www.lfsl.net\/sv\/information-om-arbetena-pa-skolgarden\/"},"wordCount":248,"publisher":{"@id":"https:\/\/www.lfsl.net\/sv\/#organization"},"image":{"@id":"https:\/\/www.lfsl.net\/sv\/information-om-arbetena-pa-skolgarden\/#primaryimage"},"thumbnailUrl":"https:\/\/www.lfsl.net\/wp-content\/uploads\/2019\/09\/Skolg\u00e5rd_16-9.jpg","articleSection":["Okategoriserad"],"inLanguage":"sv-SE"},{"@type":"WebPage","@id":"https:\/\/www.lfsl.net\/sv\/information-om-arbetena-pa-skolgarden\/","url":"https:\/\/www.lfsl.net\/sv\/information-om-arbetena-pa-skolgarden\/","name":"Information om arbetena p\u00e5 skolg\u00e5rden &#8211; Lyc\u00e9e Fran\u00e7ais Saint Louis de Stockholm","isPartOf":{"@id":"https:\/\/www.lfsl.net\/sv\/#website"},"primaryImageOfPage":{"@id":"https:\/\/www.lfsl.net\/sv\/information-om-arbetena-pa-skolgarden\/#primaryimage"},"image":{"@id":"https:\/\/www.lfsl.net\/sv\/information-om-arbetena-pa-skolgarden\/#primaryimage"},"thumbnailUrl":"https:\/\/www.lfsl.net\/wp-content\/uploads\/2019\/09\/Skolg\u00e5rd_16-9.jpg","datePublished":"2019-09-12T10:22:15+00:00","dateModified":"2019-09-18T07:25:20+00:00","breadcrumb":{"@id":"https:\/\/www.lfsl.net\/sv\/information-om-arbetena-pa-skolgarden\/#breadcrumb"},"inLanguage":"sv-SE","potentialAction":[{"@type":"ReadAction","target":["https:\/\/www.lfsl.net\/sv\/information-om-arbetena-pa-skolgarden\/"]}]},{"@type":"ImageObject","inLanguage":"sv-SE","@id":"https:\/\/www.lfsl.net\/sv\/information-om-arbetena-pa-skolgarden\/#primaryimage","url":"https:\/\/www.lfsl.net\/wp-content\/uploads\/2019\/09\/Skolg\u00e5rd_16-9.jpg","contentUrl":"https:\/\/www.lfsl.net\/wp-content\/uploads\/2019\/09\/Skolg\u00e5rd_16-9.jpg","width":1200,"height":675},{"@type":"BreadcrumbList","@id":"https:\/\/www.lfsl.net\/sv\/information-om-arbetena-pa-skolgarden\/#breadcrumb","itemListElement":[{"@type":"ListItem","position":1,"name":"Home","item":"https:\/\/www.lfsl.net\/sv\/"},{"@type":"ListItem","position":2,"name":"Information om arbetena p\u00e5 skolg\u00e5rden"}]},{"@type":"WebSite","@id":"https:\/\/www.lfsl.net\/sv\/#website","url":"https:\/\/www.lfsl.net\/sv\/","name":"Lyc\u00e9e Fran\u00e7ais Saint Louis de Stockholm","description":"\u00c9tablissement membre du r\u00e9seau AEFE","publisher":{"@id":"https:\/\/www.lfsl.net\/sv\/#organization"},"potentialAction":[{"@type":"SearchAction","target":{"@type":"EntryPoint","urlTemplate":"https:\/\/www.lfsl.net\/sv\/?s={search_term_string}"},"query-input":{"@type":"PropertyValueSpecification","valueRequired":true,"valueName":"search_term_string"}}],"inLanguage":"sv-SE"},{"@type":"Organization","@id":"https:\/\/www.lfsl.net\/sv\/#organization","name":"Lyc\u00e9e Fran\u00e7ais Saint Louis","url":"https:\/\/www.lfsl.net\/sv\/","logo":{"@type":"ImageObject","inLanguage":"sv-SE","@id":"https:\/\/www.lfsl.net\/sv\/#\/schema\/logo\/image\/","url":"https:\/\/www.lfsl.net\/wp-content\/uploads\/2021\/03\/LFSL-logo.jpg","contentUrl":"https:\/\/www.lfsl.net\/wp-content\/uploads\/2021\/03\/LFSL-logo.jpg","width":330,"height":473,"caption":"Lyc\u00e9e Fran\u00e7ais Saint Louis"},"image":{"@id":"https:\/\/www.lfsl.net\/sv\/#\/schema\/logo\/image\/"},"sameAs":["https:\/\/www.facebook.com\/Lyc\u00e9e-Francais-Saint-Louis-182116921840529\/","https:\/\/www.instagram.com\/lyceefrancaisstockholm\/","https:\/\/www.linkedin.com\/school\/lfsl\/","https:\/\/www.youtube.com\/channel\/UCchS4IO4jE_YY0ILwn5NgGQ"]},{"@type":"Person","@id":"https:\/\/www.lfsl.net\/sv\/#\/schema\/person\/b844e4fec0b6546045ed48d495805bfc","name":"LFSL","image":{"@type":"ImageObject","inLanguage":"sv-SE","@id":"https:\/\/secure.gravatar.com\/avatar\/8675186c12a5532dad5f25706eb6019c936983ed4945888898482ec1904338ec?s=96&d=mm&r=g","url":"https:\/\/secure.gravatar.com\/avatar\/8675186c12a5532dad5f25706eb6019c936983ed4945888898482ec1904338ec?s=96&d=mm&r=g","contentUrl":"https:\/\/secure.gravatar.com\/avatar\/8675186c12a5532dad5f25706eb6019c936983ed4945888898482ec1904338ec?s=96&d=mm&r=g","caption":"LFSL"},"url":"https:\/\/www.lfsl.net\/sv\/author\/lfsladmin\/"}]}},"_links":{"self":[{"href":"https:\/\/www.lfsl.net\/sv\/wp-json\/wp\/v2\/posts\/5321","targetHints":{"allow":["GET"]}}],"collection":[{"href":"https:\/\/www.lfsl.net\/sv\/wp-json\/wp\/v2\/posts"}],"about":[{"href":"https:\/\/www.lfsl.net\/sv\/wp-json\/wp\/v2\/types\/post"}],"author":[{"embeddable":true,"href":"https:\/\/www.lfsl.net\/sv\/wp-json\/wp\/v2\/users\/1"}],"replies":[{"embeddable":true,"href":"https:\/\/www.lfsl.net\/sv\/wp-json\/wp\/v2\/comments?post=5321"}],"version-history":[{"count":5,"href":"https:\/\/www.lfsl.net\/sv\/wp-json\/wp\/v2\/posts\/5321\/revisions"}],"predecessor-version":[{"id":5477,"href":"https:\/\/www.lfsl.net\/sv\/wp-json\/wp\/v2\/posts\/5321\/revisions\/5477"}],"wp:featuredmedia":[{"embeddable":true,"href":"https:\/\/www.lfsl.net\/sv\/wp-json\/wp\/v2\/media\/5318"}],"wp:attachment":[{"href":"https:\/\/www.lfsl.net\/sv\/wp-json\/wp\/v2\/media?parent=5321"}],"wp:term":[{"taxonomy":"category","embeddable":true,"href":"https:\/\/www.lfsl.net\/sv\/wp-json\/wp\/v2\/categories?post=5321"},{"taxonomy":"post_tag","embeddable":true,"href":"https:\/\/www.lfsl.net\/sv\/wp-json\/wp\/v2\/tags?post=5321"}],"curies":[{"name":"wp","href":"https:\/\/api.w.org\/{rel}","templated":true}]}}