{"id":5707,"date":"2019-10-11T10:39:02","date_gmt":"2019-10-11T10:39:02","guid":{"rendered":"https:\/\/www.lfsl.net\/?p=5707"},"modified":"2019-10-11T10:39:44","modified_gmt":"2019-10-11T10:39:44","slug":"medvetenhetsatgard-mot-mobbning-i-skolan","status":"publish","type":"post","link":"https:\/\/www.lfsl.net\/sv\/medvetenhetsatgard-mot-mobbning-i-skolan\/","title":{"rendered":"Medvetenhet mot mobbning i skolan"},"content":{"rendered":"\n<p>Som en del av utbildningsplanerna f\u00f6r h\u00e4lsa och civilkurage \u00e4gnade LFSL tv\u00e5 dagar, den 25 september och 9 oktober, \u00e5t att \u00f6ka elevernas medvetenhet kring trakasserier, diskriminering och alla former av v\u00e5ld i skolan.<br>Eleverna i klasserna &#8221;4\u00e8me&#8221; till &#8221;Terminale&#8221; tillbringade en halv dag f\u00f6r att se en film om trakasserier, vilket f\u00f6ljdes av en diskussion med skolh\u00e4lsoteamet och l\u00e4rarna.<br><br>Filmen &#8221;Den dagen jag br\u00e4nde mitt hj\u00e4rta&#8221; s\u00e4ndes i november 2018 p\u00e5 TF1 inf\u00f6r nationaldagen mot trakasserier som organiserats av det franska utbildningsministeriet.<br>Filmen ber\u00e4ttar den sanna historien om Jonathan, en gymnasieelev som f\u00f6rs\u00f6ker ta livet av sig genom att s\u00e4tta eld p\u00e5 sig sj\u00e4lv, f\u00f6r att f\u00e5 ett slut p\u00e5 trakasserierna som han har drabbats av i flera \u00e5r. Den unga mannen har \u00f6verlevt och utbildar nu andra unga m\u00e4nniskor om mobbning i skolans konsekvenser.<br><\/p>\n\n\n\n<p>Denna fiktiva verklighet \u00e4r ett bevis p\u00e5 de processer med trakasserier som kan uppst\u00e5 mellan elever. <br>Efter visningen uppmanades eleverna att dela sina k\u00e4nslor:<br> &#8221;Mycket r\u00f6rande, jag hade sv\u00e5rt att tro att filmen \u00e4r baserad p\u00e5 sann historia, att m\u00e4nniskor verkligen kan ha beg\u00e5tt s\u00e5dana handlingar utan att t\u00e4nka p\u00e5 konsekvenserna. &#8221;<br> &#8221;Jag \u00e4r mycket imponerad av den h\u00e4r filmen: den visar verkligen olika m\u00e4nniskors roller men ocks\u00e5 det faktum att det inte \u00e4r bra att bevittna trakasserier&#8221;<br> &#8221;Det som h\u00e4nde med Jonathan \u00e4r hemskt. Vi har sett i filmen att mobbarna ibland inte inser vad de g\u00f6r. &#8221;<br> &#8221;Att bli medveten om sm\u00e4rtan orsakad av trakasserier \u00e4r n\u00f6dv\u00e4ndig, jag \u00e4r l\u00e4ttad \u00f6ver att ha blivit medveten om den. &#8221;<br> &#8221;Mobbare \u00e4r ofta f\u00f6r detta mobboffer, de inser inte sina handlingar f\u00f6rr\u00e4n det v\u00e4rsta h\u00e4nder. &#8221;<br> &#8221;Jag tror inte att det finns trakasserier h\u00e4r, men samtidigt bara f\u00f6r att jag inte ser det, betyder det inte att det inte finns det. &#8221;<br> &#8221;Den h\u00e4r filmen hj\u00e4lper till att inse vad som h\u00e4nder i skolorna och vad man inte k\u00e4nner till om m\u00e4nniskors liv och v\u00e5ra familjer ocks\u00e5. &#8221;<\/p>\n\n\n\n<p>Skolh\u00e4lsoteamet och l\u00e4rarna kunde forts\u00e4tta utbytet med eleverna genom rollspel och diskussioner med dem om v\u00e4rderingar som empati och civilkurage.<br><br>Se videon nedan:<\/p>\n\n\n\n<figure class=\"wp-block-embed-youtube wp-block-embed is-type-video is-provider-youtube wp-embed-aspect-16-9 wp-has-aspect-ratio\"><div class=\"wp-block-embed__wrapper\">\n<iframe loading=\"lazy\" width=\"1200\" height=\"675\" src=\"https:\/\/www.youtube.com\/embed\/xeZEeW2SBDY?feature=oembed\" frameborder=\"0\" allow=\"accelerometer; autoplay; encrypted-media; gyroscope; picture-in-picture\" allowfullscreen><\/iframe>\n<\/div><\/figure>\n","protected":false},"excerpt":{"rendered":"<p>Som en del av utbildningsplanerna f\u00f6r h\u00e4lsa och civilkurage \u00e4gnade LFSL tv\u00e5 dagar, den 25 september och 9 oktober, \u00e5t att \u00f6ka elevernas medvetenhet kring trakasserier, diskriminering och alla former av v\u00e5ld i skolan.Eleverna i klasserna &#8221;4\u00e8me&#8221; till &#8221;Terminale&#8221; tillbringade en halv dag f\u00f6r att se en film om trakasserier, vilket f\u00f6ljdes av en diskussion &#8230; <\/p>\n<p class=\"read-more-container\"><a title=\"Medvetenhet mot mobbning i skolan\" class=\"read-more button\" href=\"https:\/\/www.lfsl.net\/sv\/medvetenhetsatgard-mot-mobbning-i-skolan\/#more-5707\" aria-label=\"L\u00e4s mer om Medvetenhet mot mobbning i skolan\">L\u00e4s mer<\/a><\/p>\n","protected":false},"author":1,"featured_media":5708,"comment_status":"closed","ping_status":"closed","sticky":false,"template":"","format":"standard","meta":{"footnotes":""},"categories":[7],"tags":[],"class_list":["post-5707","post","type-post","status-publish","format-standard","has-post-thumbnail","hentry","category-okategoriserad"],"yoast_head":"<!-- This site is optimized with the Yoast SEO plugin v27.4 - https:\/\/yoast.com\/product\/yoast-seo-wordpress\/ -->\n<title>Medvetenhet mot mobbning i skolan &#8211; Lyc\u00e9e Fran\u00e7ais Saint Louis de Stockholm<\/title>\n<meta name=\"robots\" content=\"index, follow, max-snippet:-1, max-image-preview:large, max-video-preview:-1\" \/>\n<link rel=\"canonical\" href=\"https:\/\/www.lfsl.net\/sv\/medvetenhetsatgard-mot-mobbning-i-skolan\/\" \/>\n<meta property=\"og:locale\" content=\"sv_SE\" \/>\n<meta property=\"og:type\" content=\"article\" \/>\n<meta property=\"og:title\" content=\"Medvetenhet mot mobbning i skolan &#8211; Lyc\u00e9e Fran\u00e7ais Saint Louis de Stockholm\" \/>\n<meta property=\"og:description\" content=\"Som en del av utbildningsplanerna f\u00f6r h\u00e4lsa och civilkurage \u00e4gnade LFSL tv\u00e5 dagar, den 25 september och 9 oktober, \u00e5t att \u00f6ka elevernas medvetenhet kring trakasserier, diskriminering och alla former av v\u00e5ld i skolan.Eleverna i klasserna &#8221;4\u00e8me&#8221; till &#8221;Terminale&#8221; tillbringade en halv dag f\u00f6r att se en film om trakasserier, vilket f\u00f6ljdes av en diskussion ... L\u00e4s mer\" \/>\n<meta property=\"og:url\" content=\"https:\/\/www.lfsl.net\/sv\/medvetenhetsatgard-mot-mobbning-i-skolan\/\" \/>\n<meta property=\"og:site_name\" content=\"Lyc\u00e9e Fran\u00e7ais Saint Louis de Stockholm\" \/>\n<meta property=\"article:publisher\" content=\"https:\/\/www.facebook.com\/Lyc%c3%a9e-Francais-Saint-Louis-182116921840529\/\" \/>\n<meta property=\"article:published_time\" content=\"2019-10-11T10:39:02+00:00\" \/>\n<meta property=\"article:modified_time\" content=\"2019-10-11T10:39:44+00:00\" \/>\n<meta property=\"og:image\" content=\"https:\/\/www.lfsl.net\/wp-content\/uploads\/2019\/10\/film-harcelement_crop.jpg\" \/>\n\t<meta property=\"og:image:width\" content=\"579\" \/>\n\t<meta property=\"og:image:height\" content=\"326\" \/>\n\t<meta property=\"og:image:type\" content=\"image\/jpeg\" \/>\n<meta name=\"author\" content=\"LFSL\" \/>\n<meta name=\"twitter:card\" content=\"summary_large_image\" \/>\n<script type=\"application\/ld+json\" class=\"yoast-schema-graph\">{\"@context\":\"https:\\\/\\\/schema.org\",\"@graph\":[{\"@type\":\"Article\",\"@id\":\"https:\\\/\\\/www.lfsl.net\\\/sv\\\/medvetenhetsatgard-mot-mobbning-i-skolan\\\/#article\",\"isPartOf\":{\"@id\":\"https:\\\/\\\/www.lfsl.net\\\/sv\\\/medvetenhetsatgard-mot-mobbning-i-skolan\\\/\"},\"author\":{\"name\":\"LFSL\",\"@id\":\"https:\\\/\\\/www.lfsl.net\\\/sv\\\/#\\\/schema\\\/person\\\/b844e4fec0b6546045ed48d495805bfc\"},\"headline\":\"Medvetenhet mot mobbning i skolan\",\"datePublished\":\"2019-10-11T10:39:02+00:00\",\"dateModified\":\"2019-10-11T10:39:44+00:00\",\"mainEntityOfPage\":{\"@id\":\"https:\\\/\\\/www.lfsl.net\\\/sv\\\/medvetenhetsatgard-mot-mobbning-i-skolan\\\/\"},\"wordCount\":401,\"publisher\":{\"@id\":\"https:\\\/\\\/www.lfsl.net\\\/sv\\\/#organization\"},\"image\":{\"@id\":\"https:\\\/\\\/www.lfsl.net\\\/sv\\\/medvetenhetsatgard-mot-mobbning-i-skolan\\\/#primaryimage\"},\"thumbnailUrl\":\"https:\\\/\\\/www.lfsl.net\\\/wp-content\\\/uploads\\\/2019\\\/10\\\/film-harcelement_crop.jpg\",\"articleSection\":[\"Okategoriserad\"],\"inLanguage\":\"sv-SE\"},{\"@type\":\"WebPage\",\"@id\":\"https:\\\/\\\/www.lfsl.net\\\/sv\\\/medvetenhetsatgard-mot-mobbning-i-skolan\\\/\",\"url\":\"https:\\\/\\\/www.lfsl.net\\\/sv\\\/medvetenhetsatgard-mot-mobbning-i-skolan\\\/\",\"name\":\"Medvetenhet mot mobbning i skolan &#8211; Lyc\u00e9e Fran\u00e7ais Saint Louis de Stockholm\",\"isPartOf\":{\"@id\":\"https:\\\/\\\/www.lfsl.net\\\/sv\\\/#website\"},\"primaryImageOfPage\":{\"@id\":\"https:\\\/\\\/www.lfsl.net\\\/sv\\\/medvetenhetsatgard-mot-mobbning-i-skolan\\\/#primaryimage\"},\"image\":{\"@id\":\"https:\\\/\\\/www.lfsl.net\\\/sv\\\/medvetenhetsatgard-mot-mobbning-i-skolan\\\/#primaryimage\"},\"thumbnailUrl\":\"https:\\\/\\\/www.lfsl.net\\\/wp-content\\\/uploads\\\/2019\\\/10\\\/film-harcelement_crop.jpg\",\"datePublished\":\"2019-10-11T10:39:02+00:00\",\"dateModified\":\"2019-10-11T10:39:44+00:00\",\"breadcrumb\":{\"@id\":\"https:\\\/\\\/www.lfsl.net\\\/sv\\\/medvetenhetsatgard-mot-mobbning-i-skolan\\\/#breadcrumb\"},\"inLanguage\":\"sv-SE\",\"potentialAction\":[{\"@type\":\"ReadAction\",\"target\":[\"https:\\\/\\\/www.lfsl.net\\\/sv\\\/medvetenhetsatgard-mot-mobbning-i-skolan\\\/\"]}]},{\"@type\":\"ImageObject\",\"inLanguage\":\"sv-SE\",\"@id\":\"https:\\\/\\\/www.lfsl.net\\\/sv\\\/medvetenhetsatgard-mot-mobbning-i-skolan\\\/#primaryimage\",\"url\":\"https:\\\/\\\/www.lfsl.net\\\/wp-content\\\/uploads\\\/2019\\\/10\\\/film-harcelement_crop.jpg\",\"contentUrl\":\"https:\\\/\\\/www.lfsl.net\\\/wp-content\\\/uploads\\\/2019\\\/10\\\/film-harcelement_crop.jpg\",\"width\":579,\"height\":326},{\"@type\":\"BreadcrumbList\",\"@id\":\"https:\\\/\\\/www.lfsl.net\\\/sv\\\/medvetenhetsatgard-mot-mobbning-i-skolan\\\/#breadcrumb\",\"itemListElement\":[{\"@type\":\"ListItem\",\"position\":1,\"name\":\"Home\",\"item\":\"https:\\\/\\\/www.lfsl.net\\\/sv\\\/\"},{\"@type\":\"ListItem\",\"position\":2,\"name\":\"Medvetenhet mot mobbning i skolan\"}]},{\"@type\":\"WebSite\",\"@id\":\"https:\\\/\\\/www.lfsl.net\\\/sv\\\/#website\",\"url\":\"https:\\\/\\\/www.lfsl.net\\\/sv\\\/\",\"name\":\"Lyc\u00e9e Fran\u00e7ais Saint Louis de Stockholm\",\"description\":\"\u00c9tablissement membre du r\u00e9seau AEFE\",\"publisher\":{\"@id\":\"https:\\\/\\\/www.lfsl.net\\\/sv\\\/#organization\"},\"potentialAction\":[{\"@type\":\"SearchAction\",\"target\":{\"@type\":\"EntryPoint\",\"urlTemplate\":\"https:\\\/\\\/www.lfsl.net\\\/sv\\\/?s={search_term_string}\"},\"query-input\":{\"@type\":\"PropertyValueSpecification\",\"valueRequired\":true,\"valueName\":\"search_term_string\"}}],\"inLanguage\":\"sv-SE\"},{\"@type\":\"Organization\",\"@id\":\"https:\\\/\\\/www.lfsl.net\\\/sv\\\/#organization\",\"name\":\"Lyc\u00e9e Fran\u00e7ais Saint Louis\",\"url\":\"https:\\\/\\\/www.lfsl.net\\\/sv\\\/\",\"logo\":{\"@type\":\"ImageObject\",\"inLanguage\":\"sv-SE\",\"@id\":\"https:\\\/\\\/www.lfsl.net\\\/sv\\\/#\\\/schema\\\/logo\\\/image\\\/\",\"url\":\"https:\\\/\\\/www.lfsl.net\\\/wp-content\\\/uploads\\\/2021\\\/03\\\/LFSL-logo.jpg\",\"contentUrl\":\"https:\\\/\\\/www.lfsl.net\\\/wp-content\\\/uploads\\\/2021\\\/03\\\/LFSL-logo.jpg\",\"width\":330,\"height\":473,\"caption\":\"Lyc\u00e9e Fran\u00e7ais Saint Louis\"},\"image\":{\"@id\":\"https:\\\/\\\/www.lfsl.net\\\/sv\\\/#\\\/schema\\\/logo\\\/image\\\/\"},\"sameAs\":[\"https:\\\/\\\/www.facebook.com\\\/Lyc\u00e9e-Francais-Saint-Louis-182116921840529\\\/\",\"https:\\\/\\\/www.instagram.com\\\/lyceefrancaisstockholm\\\/\",\"https:\\\/\\\/www.linkedin.com\\\/school\\\/lfsl\\\/\",\"https:\\\/\\\/www.youtube.com\\\/channel\\\/UCchS4IO4jE_YY0ILwn5NgGQ\"]},{\"@type\":\"Person\",\"@id\":\"https:\\\/\\\/www.lfsl.net\\\/sv\\\/#\\\/schema\\\/person\\\/b844e4fec0b6546045ed48d495805bfc\",\"name\":\"LFSL\",\"image\":{\"@type\":\"ImageObject\",\"inLanguage\":\"sv-SE\",\"@id\":\"https:\\\/\\\/secure.gravatar.com\\\/avatar\\\/8675186c12a5532dad5f25706eb6019c936983ed4945888898482ec1904338ec?s=96&d=mm&r=g\",\"url\":\"https:\\\/\\\/secure.gravatar.com\\\/avatar\\\/8675186c12a5532dad5f25706eb6019c936983ed4945888898482ec1904338ec?s=96&d=mm&r=g\",\"contentUrl\":\"https:\\\/\\\/secure.gravatar.com\\\/avatar\\\/8675186c12a5532dad5f25706eb6019c936983ed4945888898482ec1904338ec?s=96&d=mm&r=g\",\"caption\":\"LFSL\"},\"url\":\"https:\\\/\\\/www.lfsl.net\\\/sv\\\/author\\\/lfsladmin\\\/\"}]}<\/script>\n<!-- \/ Yoast SEO plugin. -->","yoast_head_json":{"title":"Medvetenhet mot mobbning i skolan &#8211; Lyc\u00e9e Fran\u00e7ais Saint Louis de Stockholm","robots":{"index":"index","follow":"follow","max-snippet":"max-snippet:-1","max-image-preview":"max-image-preview:large","max-video-preview":"max-video-preview:-1"},"canonical":"https:\/\/www.lfsl.net\/sv\/medvetenhetsatgard-mot-mobbning-i-skolan\/","og_locale":"sv_SE","og_type":"article","og_title":"Medvetenhet mot mobbning i skolan &#8211; Lyc\u00e9e Fran\u00e7ais Saint Louis de Stockholm","og_description":"Som en del av utbildningsplanerna f\u00f6r h\u00e4lsa och civilkurage \u00e4gnade LFSL tv\u00e5 dagar, den 25 september och 9 oktober, \u00e5t att \u00f6ka elevernas medvetenhet kring trakasserier, diskriminering och alla former av v\u00e5ld i skolan.Eleverna i klasserna &#8221;4\u00e8me&#8221; till &#8221;Terminale&#8221; tillbringade en halv dag f\u00f6r att se en film om trakasserier, vilket f\u00f6ljdes av en diskussion ... L\u00e4s mer","og_url":"https:\/\/www.lfsl.net\/sv\/medvetenhetsatgard-mot-mobbning-i-skolan\/","og_site_name":"Lyc\u00e9e Fran\u00e7ais Saint Louis de Stockholm","article_publisher":"https:\/\/www.facebook.com\/Lyc%c3%a9e-Francais-Saint-Louis-182116921840529\/","article_published_time":"2019-10-11T10:39:02+00:00","article_modified_time":"2019-10-11T10:39:44+00:00","og_image":[{"width":579,"height":326,"url":"https:\/\/www.lfsl.net\/wp-content\/uploads\/2019\/10\/film-harcelement_crop.jpg","type":"image\/jpeg"}],"author":"LFSL","twitter_card":"summary_large_image","schema":{"@context":"https:\/\/schema.org","@graph":[{"@type":"Article","@id":"https:\/\/www.lfsl.net\/sv\/medvetenhetsatgard-mot-mobbning-i-skolan\/#article","isPartOf":{"@id":"https:\/\/www.lfsl.net\/sv\/medvetenhetsatgard-mot-mobbning-i-skolan\/"},"author":{"name":"LFSL","@id":"https:\/\/www.lfsl.net\/sv\/#\/schema\/person\/b844e4fec0b6546045ed48d495805bfc"},"headline":"Medvetenhet mot mobbning i skolan","datePublished":"2019-10-11T10:39:02+00:00","dateModified":"2019-10-11T10:39:44+00:00","mainEntityOfPage":{"@id":"https:\/\/www.lfsl.net\/sv\/medvetenhetsatgard-mot-mobbning-i-skolan\/"},"wordCount":401,"publisher":{"@id":"https:\/\/www.lfsl.net\/sv\/#organization"},"image":{"@id":"https:\/\/www.lfsl.net\/sv\/medvetenhetsatgard-mot-mobbning-i-skolan\/#primaryimage"},"thumbnailUrl":"https:\/\/www.lfsl.net\/wp-content\/uploads\/2019\/10\/film-harcelement_crop.jpg","articleSection":["Okategoriserad"],"inLanguage":"sv-SE"},{"@type":"WebPage","@id":"https:\/\/www.lfsl.net\/sv\/medvetenhetsatgard-mot-mobbning-i-skolan\/","url":"https:\/\/www.lfsl.net\/sv\/medvetenhetsatgard-mot-mobbning-i-skolan\/","name":"Medvetenhet mot mobbning i skolan &#8211; Lyc\u00e9e Fran\u00e7ais Saint Louis de Stockholm","isPartOf":{"@id":"https:\/\/www.lfsl.net\/sv\/#website"},"primaryImageOfPage":{"@id":"https:\/\/www.lfsl.net\/sv\/medvetenhetsatgard-mot-mobbning-i-skolan\/#primaryimage"},"image":{"@id":"https:\/\/www.lfsl.net\/sv\/medvetenhetsatgard-mot-mobbning-i-skolan\/#primaryimage"},"thumbnailUrl":"https:\/\/www.lfsl.net\/wp-content\/uploads\/2019\/10\/film-harcelement_crop.jpg","datePublished":"2019-10-11T10:39:02+00:00","dateModified":"2019-10-11T10:39:44+00:00","breadcrumb":{"@id":"https:\/\/www.lfsl.net\/sv\/medvetenhetsatgard-mot-mobbning-i-skolan\/#breadcrumb"},"inLanguage":"sv-SE","potentialAction":[{"@type":"ReadAction","target":["https:\/\/www.lfsl.net\/sv\/medvetenhetsatgard-mot-mobbning-i-skolan\/"]}]},{"@type":"ImageObject","inLanguage":"sv-SE","@id":"https:\/\/www.lfsl.net\/sv\/medvetenhetsatgard-mot-mobbning-i-skolan\/#primaryimage","url":"https:\/\/www.lfsl.net\/wp-content\/uploads\/2019\/10\/film-harcelement_crop.jpg","contentUrl":"https:\/\/www.lfsl.net\/wp-content\/uploads\/2019\/10\/film-harcelement_crop.jpg","width":579,"height":326},{"@type":"BreadcrumbList","@id":"https:\/\/www.lfsl.net\/sv\/medvetenhetsatgard-mot-mobbning-i-skolan\/#breadcrumb","itemListElement":[{"@type":"ListItem","position":1,"name":"Home","item":"https:\/\/www.lfsl.net\/sv\/"},{"@type":"ListItem","position":2,"name":"Medvetenhet mot mobbning i skolan"}]},{"@type":"WebSite","@id":"https:\/\/www.lfsl.net\/sv\/#website","url":"https:\/\/www.lfsl.net\/sv\/","name":"Lyc\u00e9e Fran\u00e7ais Saint Louis de Stockholm","description":"\u00c9tablissement membre du r\u00e9seau AEFE","publisher":{"@id":"https:\/\/www.lfsl.net\/sv\/#organization"},"potentialAction":[{"@type":"SearchAction","target":{"@type":"EntryPoint","urlTemplate":"https:\/\/www.lfsl.net\/sv\/?s={search_term_string}"},"query-input":{"@type":"PropertyValueSpecification","valueRequired":true,"valueName":"search_term_string"}}],"inLanguage":"sv-SE"},{"@type":"Organization","@id":"https:\/\/www.lfsl.net\/sv\/#organization","name":"Lyc\u00e9e Fran\u00e7ais Saint Louis","url":"https:\/\/www.lfsl.net\/sv\/","logo":{"@type":"ImageObject","inLanguage":"sv-SE","@id":"https:\/\/www.lfsl.net\/sv\/#\/schema\/logo\/image\/","url":"https:\/\/www.lfsl.net\/wp-content\/uploads\/2021\/03\/LFSL-logo.jpg","contentUrl":"https:\/\/www.lfsl.net\/wp-content\/uploads\/2021\/03\/LFSL-logo.jpg","width":330,"height":473,"caption":"Lyc\u00e9e Fran\u00e7ais Saint Louis"},"image":{"@id":"https:\/\/www.lfsl.net\/sv\/#\/schema\/logo\/image\/"},"sameAs":["https:\/\/www.facebook.com\/Lyc\u00e9e-Francais-Saint-Louis-182116921840529\/","https:\/\/www.instagram.com\/lyceefrancaisstockholm\/","https:\/\/www.linkedin.com\/school\/lfsl\/","https:\/\/www.youtube.com\/channel\/UCchS4IO4jE_YY0ILwn5NgGQ"]},{"@type":"Person","@id":"https:\/\/www.lfsl.net\/sv\/#\/schema\/person\/b844e4fec0b6546045ed48d495805bfc","name":"LFSL","image":{"@type":"ImageObject","inLanguage":"sv-SE","@id":"https:\/\/secure.gravatar.com\/avatar\/8675186c12a5532dad5f25706eb6019c936983ed4945888898482ec1904338ec?s=96&d=mm&r=g","url":"https:\/\/secure.gravatar.com\/avatar\/8675186c12a5532dad5f25706eb6019c936983ed4945888898482ec1904338ec?s=96&d=mm&r=g","contentUrl":"https:\/\/secure.gravatar.com\/avatar\/8675186c12a5532dad5f25706eb6019c936983ed4945888898482ec1904338ec?s=96&d=mm&r=g","caption":"LFSL"},"url":"https:\/\/www.lfsl.net\/sv\/author\/lfsladmin\/"}]}},"_links":{"self":[{"href":"https:\/\/www.lfsl.net\/sv\/wp-json\/wp\/v2\/posts\/5707","targetHints":{"allow":["GET"]}}],"collection":[{"href":"https:\/\/www.lfsl.net\/sv\/wp-json\/wp\/v2\/posts"}],"about":[{"href":"https:\/\/www.lfsl.net\/sv\/wp-json\/wp\/v2\/types\/post"}],"author":[{"embeddable":true,"href":"https:\/\/www.lfsl.net\/sv\/wp-json\/wp\/v2\/users\/1"}],"replies":[{"embeddable":true,"href":"https:\/\/www.lfsl.net\/sv\/wp-json\/wp\/v2\/comments?post=5707"}],"version-history":[{"count":12,"href":"https:\/\/www.lfsl.net\/sv\/wp-json\/wp\/v2\/posts\/5707\/revisions"}],"predecessor-version":[{"id":5729,"href":"https:\/\/www.lfsl.net\/sv\/wp-json\/wp\/v2\/posts\/5707\/revisions\/5729"}],"wp:featuredmedia":[{"embeddable":true,"href":"https:\/\/www.lfsl.net\/sv\/wp-json\/wp\/v2\/media\/5708"}],"wp:attachment":[{"href":"https:\/\/www.lfsl.net\/sv\/wp-json\/wp\/v2\/media?parent=5707"}],"wp:term":[{"taxonomy":"category","embeddable":true,"href":"https:\/\/www.lfsl.net\/sv\/wp-json\/wp\/v2\/categories?post=5707"},{"taxonomy":"post_tag","embeddable":true,"href":"https:\/\/www.lfsl.net\/sv\/wp-json\/wp\/v2\/tags?post=5707"}],"curies":[{"name":"wp","href":"https:\/\/api.w.org\/{rel}","templated":true}]}}