{"id":5941,"date":"2019-11-22T08:41:19","date_gmt":"2019-11-22T08:41:19","guid":{"rendered":"https:\/\/www.lfsl.net\/?p=5941"},"modified":"2019-12-05T14:16:56","modified_gmt":"2019-12-05T14:16:56","slug":"utbildningsdag-for-delegater","status":"publish","type":"post","link":"https:\/\/www.lfsl.net\/sv\/utbildningsdag-for-delegater\/","title":{"rendered":"Utbildningsdag f\u00f6r delegater"},"content":{"rendered":"\n<p><strong>Som en del av utbildningen i medborgarskap, organiserade Lyc\u00e9e Fran\u00e7ais Saint Louis i Stockholm en utbildningsdag den 12 november f\u00f6r alla delegerade elever fr\u00e5n \u201d6\u00e8me\u201d till \u201dTerminale\u201d.<\/strong><\/p>\n\n\n\n<p>F\u00f6r att f\u00f6rdjupa sin kunskap om de olika delarna som representeras, \u00e4r det viktigt att eleverna f\u00f6rst\u00e5r sin roll och principerna f\u00f6r hur allt fungerar. <br>F\u00f6r att bli de ska bli fullm\u00e4ktiga medlemmar i utbildningsgemenskapen, och inte bara ses som samtalspartner, \u00e4r det viktigt att utbilda och st\u00f6tta elevdelegaterna.<\/p>\n\n\n\n<p>Delegaterna fr\u00e5n &#8221;college&#8221; och &#8221;lyc\u00e9e&#8221; \u00e5tnj\u00f6t under denna speciella dag presentationen av LFSL: s olika tj\u00e4nster f\u00f6r att b\u00e4ttre f\u00f6rst\u00e5 skolans funktion. De diskuterade sedan delegatens roll och sk\u00e4len till att de beslutade att vara delegater. Utbildningen avslutades med en simulering av ett klassr\u00e5d d\u00e4r varje elev kunde ta en roll och f\u00f6rdjupa honom (henne) sj\u00e4lv i detta universum.<\/p>\n\n\n\n<p>Allt detta \u00e4gde rum i en v\u00e4nlig atmosf\u00e4r d\u00e4r delegaterna fr\u00e5n &#8221;coll\u00e8ge&#8221; och &#8221;lyc\u00e9e&#8221; kunde utbyta tillsammans och l\u00e4ra k\u00e4nna varandra b\u00e4ttre.<\/p>\n","protected":false},"excerpt":{"rendered":"<p>Som en del av utbildningen i medborgarskap, organiserade Lyc\u00e9e Fran\u00e7ais Saint Louis i Stockholm en utbildningsdag den 12 november f\u00f6r alla delegerade elever fr\u00e5n \u201d6\u00e8me\u201d till \u201dTerminale\u201d. F\u00f6r att f\u00f6rdjupa sin kunskap om de olika delarna som representeras, \u00e4r det viktigt att eleverna f\u00f6rst\u00e5r sin roll och principerna f\u00f6r hur allt fungerar. F\u00f6r att bli &#8230; <\/p>\n<p class=\"read-more-container\"><a title=\"Utbildningsdag f\u00f6r delegater\" class=\"read-more button\" href=\"https:\/\/www.lfsl.net\/sv\/utbildningsdag-for-delegater\/#more-5941\" aria-label=\"L\u00e4s mer om Utbildningsdag f\u00f6r delegater\">L\u00e4s mer<\/a><\/p>\n","protected":false},"author":1,"featured_media":5943,"comment_status":"closed","ping_status":"closed","sticky":false,"template":"","format":"standard","meta":{"footnotes":""},"categories":[7],"tags":[],"class_list":["post-5941","post","type-post","status-publish","format-standard","has-post-thumbnail","hentry","category-okategoriserad"],"yoast_head":"<!-- This site is optimized with the Yoast SEO plugin v27.4 - https:\/\/yoast.com\/product\/yoast-seo-wordpress\/ -->\n<title>Utbildningsdag f\u00f6r delegater &#8211; Lyc\u00e9e Fran\u00e7ais Saint Louis de Stockholm<\/title>\n<meta name=\"robots\" content=\"index, follow, max-snippet:-1, max-image-preview:large, max-video-preview:-1\" \/>\n<link rel=\"canonical\" href=\"https:\/\/www.lfsl.net\/sv\/utbildningsdag-for-delegater\/\" \/>\n<meta property=\"og:locale\" content=\"sv_SE\" \/>\n<meta property=\"og:type\" content=\"article\" \/>\n<meta property=\"og:title\" content=\"Utbildningsdag f\u00f6r delegater &#8211; Lyc\u00e9e Fran\u00e7ais Saint Louis de Stockholm\" \/>\n<meta property=\"og:description\" content=\"Som en del av utbildningen i medborgarskap, organiserade Lyc\u00e9e Fran\u00e7ais Saint Louis i Stockholm en utbildningsdag den 12 november f\u00f6r alla delegerade elever fr\u00e5n \u201d6\u00e8me\u201d till \u201dTerminale\u201d. F\u00f6r att f\u00f6rdjupa sin kunskap om de olika delarna som representeras, \u00e4r det viktigt att eleverna f\u00f6rst\u00e5r sin roll och principerna f\u00f6r hur allt fungerar. F\u00f6r att bli ... L\u00e4s mer\" \/>\n<meta property=\"og:url\" content=\"https:\/\/www.lfsl.net\/sv\/utbildningsdag-for-delegater\/\" \/>\n<meta property=\"og:site_name\" content=\"Lyc\u00e9e Fran\u00e7ais Saint Louis de Stockholm\" \/>\n<meta property=\"article:publisher\" content=\"https:\/\/www.facebook.com\/Lyc%c3%a9e-Francais-Saint-Louis-182116921840529\/\" \/>\n<meta property=\"article:published_time\" content=\"2019-11-22T08:41:19+00:00\" \/>\n<meta property=\"article:modified_time\" content=\"2019-12-05T14:16:56+00:00\" \/>\n<meta property=\"og:image\" content=\"https:\/\/www.lfsl.net\/wp-content\/uploads\/2019\/11\/D\u00e9l\u00e9gu\u00e9s_bild_se.jpg\" \/>\n\t<meta property=\"og:image:width\" content=\"860\" \/>\n\t<meta property=\"og:image:height\" content=\"484\" \/>\n\t<meta property=\"og:image:type\" content=\"image\/jpeg\" \/>\n<meta name=\"author\" content=\"LFSL\" \/>\n<meta name=\"twitter:card\" content=\"summary_large_image\" \/>\n<script type=\"application\/ld+json\" class=\"yoast-schema-graph\">{\"@context\":\"https:\\\/\\\/schema.org\",\"@graph\":[{\"@type\":\"Article\",\"@id\":\"https:\\\/\\\/www.lfsl.net\\\/sv\\\/utbildningsdag-for-delegater\\\/#article\",\"isPartOf\":{\"@id\":\"https:\\\/\\\/www.lfsl.net\\\/sv\\\/utbildningsdag-for-delegater\\\/\"},\"author\":{\"name\":\"LFSL\",\"@id\":\"https:\\\/\\\/www.lfsl.net\\\/sv\\\/#\\\/schema\\\/person\\\/b844e4fec0b6546045ed48d495805bfc\"},\"headline\":\"Utbildningsdag f\u00f6r delegater\",\"datePublished\":\"2019-11-22T08:41:19+00:00\",\"dateModified\":\"2019-12-05T14:16:56+00:00\",\"mainEntityOfPage\":{\"@id\":\"https:\\\/\\\/www.lfsl.net\\\/sv\\\/utbildningsdag-for-delegater\\\/\"},\"wordCount\":193,\"publisher\":{\"@id\":\"https:\\\/\\\/www.lfsl.net\\\/sv\\\/#organization\"},\"image\":{\"@id\":\"https:\\\/\\\/www.lfsl.net\\\/sv\\\/utbildningsdag-for-delegater\\\/#primaryimage\"},\"thumbnailUrl\":\"https:\\\/\\\/www.lfsl.net\\\/wp-content\\\/uploads\\\/2019\\\/11\\\/D\u00e9l\u00e9gu\u00e9s_bild_se.jpg\",\"articleSection\":[\"Okategoriserad\"],\"inLanguage\":\"sv-SE\"},{\"@type\":\"WebPage\",\"@id\":\"https:\\\/\\\/www.lfsl.net\\\/sv\\\/utbildningsdag-for-delegater\\\/\",\"url\":\"https:\\\/\\\/www.lfsl.net\\\/sv\\\/utbildningsdag-for-delegater\\\/\",\"name\":\"Utbildningsdag f\u00f6r delegater &#8211; Lyc\u00e9e Fran\u00e7ais Saint Louis de Stockholm\",\"isPartOf\":{\"@id\":\"https:\\\/\\\/www.lfsl.net\\\/sv\\\/#website\"},\"primaryImageOfPage\":{\"@id\":\"https:\\\/\\\/www.lfsl.net\\\/sv\\\/utbildningsdag-for-delegater\\\/#primaryimage\"},\"image\":{\"@id\":\"https:\\\/\\\/www.lfsl.net\\\/sv\\\/utbildningsdag-for-delegater\\\/#primaryimage\"},\"thumbnailUrl\":\"https:\\\/\\\/www.lfsl.net\\\/wp-content\\\/uploads\\\/2019\\\/11\\\/D\u00e9l\u00e9gu\u00e9s_bild_se.jpg\",\"datePublished\":\"2019-11-22T08:41:19+00:00\",\"dateModified\":\"2019-12-05T14:16:56+00:00\",\"breadcrumb\":{\"@id\":\"https:\\\/\\\/www.lfsl.net\\\/sv\\\/utbildningsdag-for-delegater\\\/#breadcrumb\"},\"inLanguage\":\"sv-SE\",\"potentialAction\":[{\"@type\":\"ReadAction\",\"target\":[\"https:\\\/\\\/www.lfsl.net\\\/sv\\\/utbildningsdag-for-delegater\\\/\"]}]},{\"@type\":\"ImageObject\",\"inLanguage\":\"sv-SE\",\"@id\":\"https:\\\/\\\/www.lfsl.net\\\/sv\\\/utbildningsdag-for-delegater\\\/#primaryimage\",\"url\":\"https:\\\/\\\/www.lfsl.net\\\/wp-content\\\/uploads\\\/2019\\\/11\\\/D\u00e9l\u00e9gu\u00e9s_bild_se.jpg\",\"contentUrl\":\"https:\\\/\\\/www.lfsl.net\\\/wp-content\\\/uploads\\\/2019\\\/11\\\/D\u00e9l\u00e9gu\u00e9s_bild_se.jpg\",\"width\":860,\"height\":484},{\"@type\":\"BreadcrumbList\",\"@id\":\"https:\\\/\\\/www.lfsl.net\\\/sv\\\/utbildningsdag-for-delegater\\\/#breadcrumb\",\"itemListElement\":[{\"@type\":\"ListItem\",\"position\":1,\"name\":\"Home\",\"item\":\"https:\\\/\\\/www.lfsl.net\\\/sv\\\/\"},{\"@type\":\"ListItem\",\"position\":2,\"name\":\"Utbildningsdag f\u00f6r delegater\"}]},{\"@type\":\"WebSite\",\"@id\":\"https:\\\/\\\/www.lfsl.net\\\/sv\\\/#website\",\"url\":\"https:\\\/\\\/www.lfsl.net\\\/sv\\\/\",\"name\":\"Lyc\u00e9e Fran\u00e7ais Saint Louis de Stockholm\",\"description\":\"\u00c9tablissement membre du r\u00e9seau AEFE\",\"publisher\":{\"@id\":\"https:\\\/\\\/www.lfsl.net\\\/sv\\\/#organization\"},\"potentialAction\":[{\"@type\":\"SearchAction\",\"target\":{\"@type\":\"EntryPoint\",\"urlTemplate\":\"https:\\\/\\\/www.lfsl.net\\\/sv\\\/?s={search_term_string}\"},\"query-input\":{\"@type\":\"PropertyValueSpecification\",\"valueRequired\":true,\"valueName\":\"search_term_string\"}}],\"inLanguage\":\"sv-SE\"},{\"@type\":\"Organization\",\"@id\":\"https:\\\/\\\/www.lfsl.net\\\/sv\\\/#organization\",\"name\":\"Lyc\u00e9e Fran\u00e7ais Saint Louis\",\"url\":\"https:\\\/\\\/www.lfsl.net\\\/sv\\\/\",\"logo\":{\"@type\":\"ImageObject\",\"inLanguage\":\"sv-SE\",\"@id\":\"https:\\\/\\\/www.lfsl.net\\\/sv\\\/#\\\/schema\\\/logo\\\/image\\\/\",\"url\":\"https:\\\/\\\/www.lfsl.net\\\/wp-content\\\/uploads\\\/2021\\\/03\\\/LFSL-logo.jpg\",\"contentUrl\":\"https:\\\/\\\/www.lfsl.net\\\/wp-content\\\/uploads\\\/2021\\\/03\\\/LFSL-logo.jpg\",\"width\":330,\"height\":473,\"caption\":\"Lyc\u00e9e Fran\u00e7ais Saint Louis\"},\"image\":{\"@id\":\"https:\\\/\\\/www.lfsl.net\\\/sv\\\/#\\\/schema\\\/logo\\\/image\\\/\"},\"sameAs\":[\"https:\\\/\\\/www.facebook.com\\\/Lyc\u00e9e-Francais-Saint-Louis-182116921840529\\\/\",\"https:\\\/\\\/www.instagram.com\\\/lyceefrancaisstockholm\\\/\",\"https:\\\/\\\/www.linkedin.com\\\/school\\\/lfsl\\\/\",\"https:\\\/\\\/www.youtube.com\\\/channel\\\/UCchS4IO4jE_YY0ILwn5NgGQ\"]},{\"@type\":\"Person\",\"@id\":\"https:\\\/\\\/www.lfsl.net\\\/sv\\\/#\\\/schema\\\/person\\\/b844e4fec0b6546045ed48d495805bfc\",\"name\":\"LFSL\",\"image\":{\"@type\":\"ImageObject\",\"inLanguage\":\"sv-SE\",\"@id\":\"https:\\\/\\\/secure.gravatar.com\\\/avatar\\\/8675186c12a5532dad5f25706eb6019c936983ed4945888898482ec1904338ec?s=96&d=mm&r=g\",\"url\":\"https:\\\/\\\/secure.gravatar.com\\\/avatar\\\/8675186c12a5532dad5f25706eb6019c936983ed4945888898482ec1904338ec?s=96&d=mm&r=g\",\"contentUrl\":\"https:\\\/\\\/secure.gravatar.com\\\/avatar\\\/8675186c12a5532dad5f25706eb6019c936983ed4945888898482ec1904338ec?s=96&d=mm&r=g\",\"caption\":\"LFSL\"},\"url\":\"https:\\\/\\\/www.lfsl.net\\\/sv\\\/author\\\/lfsladmin\\\/\"}]}<\/script>\n<!-- \/ Yoast SEO plugin. -->","yoast_head_json":{"title":"Utbildningsdag f\u00f6r delegater &#8211; Lyc\u00e9e Fran\u00e7ais Saint Louis de Stockholm","robots":{"index":"index","follow":"follow","max-snippet":"max-snippet:-1","max-image-preview":"max-image-preview:large","max-video-preview":"max-video-preview:-1"},"canonical":"https:\/\/www.lfsl.net\/sv\/utbildningsdag-for-delegater\/","og_locale":"sv_SE","og_type":"article","og_title":"Utbildningsdag f\u00f6r delegater &#8211; Lyc\u00e9e Fran\u00e7ais Saint Louis de Stockholm","og_description":"Som en del av utbildningen i medborgarskap, organiserade Lyc\u00e9e Fran\u00e7ais Saint Louis i Stockholm en utbildningsdag den 12 november f\u00f6r alla delegerade elever fr\u00e5n \u201d6\u00e8me\u201d till \u201dTerminale\u201d. F\u00f6r att f\u00f6rdjupa sin kunskap om de olika delarna som representeras, \u00e4r det viktigt att eleverna f\u00f6rst\u00e5r sin roll och principerna f\u00f6r hur allt fungerar. F\u00f6r att bli ... L\u00e4s mer","og_url":"https:\/\/www.lfsl.net\/sv\/utbildningsdag-for-delegater\/","og_site_name":"Lyc\u00e9e Fran\u00e7ais Saint Louis de Stockholm","article_publisher":"https:\/\/www.facebook.com\/Lyc%c3%a9e-Francais-Saint-Louis-182116921840529\/","article_published_time":"2019-11-22T08:41:19+00:00","article_modified_time":"2019-12-05T14:16:56+00:00","og_image":[{"width":860,"height":484,"url":"https:\/\/www.lfsl.net\/wp-content\/uploads\/2019\/11\/D\u00e9l\u00e9gu\u00e9s_bild_se.jpg","type":"image\/jpeg"}],"author":"LFSL","twitter_card":"summary_large_image","schema":{"@context":"https:\/\/schema.org","@graph":[{"@type":"Article","@id":"https:\/\/www.lfsl.net\/sv\/utbildningsdag-for-delegater\/#article","isPartOf":{"@id":"https:\/\/www.lfsl.net\/sv\/utbildningsdag-for-delegater\/"},"author":{"name":"LFSL","@id":"https:\/\/www.lfsl.net\/sv\/#\/schema\/person\/b844e4fec0b6546045ed48d495805bfc"},"headline":"Utbildningsdag f\u00f6r delegater","datePublished":"2019-11-22T08:41:19+00:00","dateModified":"2019-12-05T14:16:56+00:00","mainEntityOfPage":{"@id":"https:\/\/www.lfsl.net\/sv\/utbildningsdag-for-delegater\/"},"wordCount":193,"publisher":{"@id":"https:\/\/www.lfsl.net\/sv\/#organization"},"image":{"@id":"https:\/\/www.lfsl.net\/sv\/utbildningsdag-for-delegater\/#primaryimage"},"thumbnailUrl":"https:\/\/www.lfsl.net\/wp-content\/uploads\/2019\/11\/D\u00e9l\u00e9gu\u00e9s_bild_se.jpg","articleSection":["Okategoriserad"],"inLanguage":"sv-SE"},{"@type":"WebPage","@id":"https:\/\/www.lfsl.net\/sv\/utbildningsdag-for-delegater\/","url":"https:\/\/www.lfsl.net\/sv\/utbildningsdag-for-delegater\/","name":"Utbildningsdag f\u00f6r delegater &#8211; Lyc\u00e9e Fran\u00e7ais Saint Louis de Stockholm","isPartOf":{"@id":"https:\/\/www.lfsl.net\/sv\/#website"},"primaryImageOfPage":{"@id":"https:\/\/www.lfsl.net\/sv\/utbildningsdag-for-delegater\/#primaryimage"},"image":{"@id":"https:\/\/www.lfsl.net\/sv\/utbildningsdag-for-delegater\/#primaryimage"},"thumbnailUrl":"https:\/\/www.lfsl.net\/wp-content\/uploads\/2019\/11\/D\u00e9l\u00e9gu\u00e9s_bild_se.jpg","datePublished":"2019-11-22T08:41:19+00:00","dateModified":"2019-12-05T14:16:56+00:00","breadcrumb":{"@id":"https:\/\/www.lfsl.net\/sv\/utbildningsdag-for-delegater\/#breadcrumb"},"inLanguage":"sv-SE","potentialAction":[{"@type":"ReadAction","target":["https:\/\/www.lfsl.net\/sv\/utbildningsdag-for-delegater\/"]}]},{"@type":"ImageObject","inLanguage":"sv-SE","@id":"https:\/\/www.lfsl.net\/sv\/utbildningsdag-for-delegater\/#primaryimage","url":"https:\/\/www.lfsl.net\/wp-content\/uploads\/2019\/11\/D\u00e9l\u00e9gu\u00e9s_bild_se.jpg","contentUrl":"https:\/\/www.lfsl.net\/wp-content\/uploads\/2019\/11\/D\u00e9l\u00e9gu\u00e9s_bild_se.jpg","width":860,"height":484},{"@type":"BreadcrumbList","@id":"https:\/\/www.lfsl.net\/sv\/utbildningsdag-for-delegater\/#breadcrumb","itemListElement":[{"@type":"ListItem","position":1,"name":"Home","item":"https:\/\/www.lfsl.net\/sv\/"},{"@type":"ListItem","position":2,"name":"Utbildningsdag f\u00f6r delegater"}]},{"@type":"WebSite","@id":"https:\/\/www.lfsl.net\/sv\/#website","url":"https:\/\/www.lfsl.net\/sv\/","name":"Lyc\u00e9e Fran\u00e7ais Saint Louis de Stockholm","description":"\u00c9tablissement membre du r\u00e9seau AEFE","publisher":{"@id":"https:\/\/www.lfsl.net\/sv\/#organization"},"potentialAction":[{"@type":"SearchAction","target":{"@type":"EntryPoint","urlTemplate":"https:\/\/www.lfsl.net\/sv\/?s={search_term_string}"},"query-input":{"@type":"PropertyValueSpecification","valueRequired":true,"valueName":"search_term_string"}}],"inLanguage":"sv-SE"},{"@type":"Organization","@id":"https:\/\/www.lfsl.net\/sv\/#organization","name":"Lyc\u00e9e Fran\u00e7ais Saint Louis","url":"https:\/\/www.lfsl.net\/sv\/","logo":{"@type":"ImageObject","inLanguage":"sv-SE","@id":"https:\/\/www.lfsl.net\/sv\/#\/schema\/logo\/image\/","url":"https:\/\/www.lfsl.net\/wp-content\/uploads\/2021\/03\/LFSL-logo.jpg","contentUrl":"https:\/\/www.lfsl.net\/wp-content\/uploads\/2021\/03\/LFSL-logo.jpg","width":330,"height":473,"caption":"Lyc\u00e9e Fran\u00e7ais Saint Louis"},"image":{"@id":"https:\/\/www.lfsl.net\/sv\/#\/schema\/logo\/image\/"},"sameAs":["https:\/\/www.facebook.com\/Lyc\u00e9e-Francais-Saint-Louis-182116921840529\/","https:\/\/www.instagram.com\/lyceefrancaisstockholm\/","https:\/\/www.linkedin.com\/school\/lfsl\/","https:\/\/www.youtube.com\/channel\/UCchS4IO4jE_YY0ILwn5NgGQ"]},{"@type":"Person","@id":"https:\/\/www.lfsl.net\/sv\/#\/schema\/person\/b844e4fec0b6546045ed48d495805bfc","name":"LFSL","image":{"@type":"ImageObject","inLanguage":"sv-SE","@id":"https:\/\/secure.gravatar.com\/avatar\/8675186c12a5532dad5f25706eb6019c936983ed4945888898482ec1904338ec?s=96&d=mm&r=g","url":"https:\/\/secure.gravatar.com\/avatar\/8675186c12a5532dad5f25706eb6019c936983ed4945888898482ec1904338ec?s=96&d=mm&r=g","contentUrl":"https:\/\/secure.gravatar.com\/avatar\/8675186c12a5532dad5f25706eb6019c936983ed4945888898482ec1904338ec?s=96&d=mm&r=g","caption":"LFSL"},"url":"https:\/\/www.lfsl.net\/sv\/author\/lfsladmin\/"}]}},"_links":{"self":[{"href":"https:\/\/www.lfsl.net\/sv\/wp-json\/wp\/v2\/posts\/5941","targetHints":{"allow":["GET"]}}],"collection":[{"href":"https:\/\/www.lfsl.net\/sv\/wp-json\/wp\/v2\/posts"}],"about":[{"href":"https:\/\/www.lfsl.net\/sv\/wp-json\/wp\/v2\/types\/post"}],"author":[{"embeddable":true,"href":"https:\/\/www.lfsl.net\/sv\/wp-json\/wp\/v2\/users\/1"}],"replies":[{"embeddable":true,"href":"https:\/\/www.lfsl.net\/sv\/wp-json\/wp\/v2\/comments?post=5941"}],"version-history":[{"count":2,"href":"https:\/\/www.lfsl.net\/sv\/wp-json\/wp\/v2\/posts\/5941\/revisions"}],"predecessor-version":[{"id":6011,"href":"https:\/\/www.lfsl.net\/sv\/wp-json\/wp\/v2\/posts\/5941\/revisions\/6011"}],"wp:featuredmedia":[{"embeddable":true,"href":"https:\/\/www.lfsl.net\/sv\/wp-json\/wp\/v2\/media\/5943"}],"wp:attachment":[{"href":"https:\/\/www.lfsl.net\/sv\/wp-json\/wp\/v2\/media?parent=5941"}],"wp:term":[{"taxonomy":"category","embeddable":true,"href":"https:\/\/www.lfsl.net\/sv\/wp-json\/wp\/v2\/categories?post=5941"},{"taxonomy":"post_tag","embeddable":true,"href":"https:\/\/www.lfsl.net\/sv\/wp-json\/wp\/v2\/tags?post=5941"}],"curies":[{"name":"wp","href":"https:\/\/api.w.org\/{rel}","templated":true}]}}