{"id":6049,"date":"2019-12-12T14:02:38","date_gmt":"2019-12-12T14:02:38","guid":{"rendered":"https:\/\/www.lfsl.net\/?p=6049"},"modified":"2019-12-13T08:27:15","modified_gmt":"2019-12-13T08:27:15","slug":"luciakonserter-med-eleverna-i-5eme","status":"publish","type":"post","link":"https:\/\/www.lfsl.net\/sv\/luciakonserter-med-eleverna-i-5eme\/","title":{"rendered":"Luciakonserter med eleverna i 5\u00e8me"},"content":{"rendered":"\n<p>I \u00e5r gav eleverna i 5\u00e8me Lucia-upptr\u00e4danden tv\u00e5 kv\u00e4llar i rad, f\u00f6rst f\u00f6r LFSL:s anst\u00e4llda och sedan f\u00f6r sina f\u00f6r\u00e4ldrar.<br>Fantastiska konserter med m\u00e5nga vackra Lucia-s\u00e5nger p\u00e5 fem olika spr\u00e5k, alla sjungna utantill och med fina solistframtr\u00e4danden!<\/p>\n\n\n\n<figure class=\"wp-block-image\"><img loading=\"lazy\" decoding=\"async\" width=\"1200\" height=\"675\" src=\"https:\/\/www.lfsl.net\/wp-content\/uploads\/2019\/12\/Lucia_claire_crop-1200x675.jpg\" alt=\"\" class=\"wp-image-6124\" srcset=\"https:\/\/www.lfsl.net\/wp-content\/uploads\/2019\/12\/Lucia_claire_crop-1200x675.jpg 1200w, https:\/\/www.lfsl.net\/wp-content\/uploads\/2019\/12\/Lucia_claire_crop-600x338.jpg 600w, https:\/\/www.lfsl.net\/wp-content\/uploads\/2019\/12\/Lucia_claire_crop-768x432.jpg 768w, https:\/\/www.lfsl.net\/wp-content\/uploads\/2019\/12\/Lucia_claire_crop.jpg 1920w\" sizes=\"auto, (max-width: 1200px) 100vw, 1200px\" \/><figcaption>Innan upptr\u00e4dandet f\u00f6r personalen<\/figcaption><\/figure>\n\n\n\n<p><br>Hela dagen den 12 december \u00e4gnades \u00e5t upptr\u00e4danden f\u00f6r eleverna p\u00e5 LFSL.<br><br>Gratulationer och ett stort tack till alla elever i 5\u00e8me, solisterna och deras musikl\u00e4rare!<br><br>F\u00f6r er som inte kunna n\u00e4rvara vid konserten, eller vill \u00e5teruppleva magin, se videon!<\/p>\n\n\n\n<figure class=\"wp-block-embed-youtube wp-block-embed is-type-video is-provider-youtube wp-embed-aspect-16-9 wp-has-aspect-ratio\"><div class=\"wp-block-embed__wrapper\">\n<iframe loading=\"lazy\" title=\"Lucia 2019 LFSL\" width=\"1200\" height=\"675\" src=\"https:\/\/www.youtube.com\/embed\/sM3fiyzjalU?feature=oembed\" frameborder=\"0\" allow=\"accelerometer; autoplay; encrypted-media; gyroscope; picture-in-picture\" allowfullscreen><\/iframe>\n<\/div><\/figure>\n","protected":false},"excerpt":{"rendered":"<p>I \u00e5r gav eleverna i 5\u00e8me Lucia-upptr\u00e4danden tv\u00e5 kv\u00e4llar i rad, f\u00f6rst f\u00f6r LFSL:s anst\u00e4llda och sedan f\u00f6r sina f\u00f6r\u00e4ldrar.Fantastiska konserter med m\u00e5nga vackra Lucia-s\u00e5nger p\u00e5 fem olika spr\u00e5k, alla sjungna utantill och med fina solistframtr\u00e4danden! Hela dagen den 12 december \u00e4gnades \u00e5t upptr\u00e4danden f\u00f6r eleverna p\u00e5 LFSL. Gratulationer och ett stort tack till alla &#8230; <\/p>\n<p class=\"read-more-container\"><a title=\"Luciakonserter med eleverna i 5\u00e8me\" class=\"read-more button\" href=\"https:\/\/www.lfsl.net\/sv\/luciakonserter-med-eleverna-i-5eme\/#more-6049\" aria-label=\"L\u00e4s mer om Luciakonserter med eleverna i 5\u00e8me\">L\u00e4s mer<\/a><\/p>\n","protected":false},"author":1,"featured_media":6043,"comment_status":"closed","ping_status":"closed","sticky":false,"template":"","format":"standard","meta":{"footnotes":""},"categories":[7],"tags":[],"class_list":["post-6049","post","type-post","status-publish","format-standard","has-post-thumbnail","hentry","category-okategoriserad"],"yoast_head":"<!-- This site is optimized with the Yoast SEO plugin v27.4 - https:\/\/yoast.com\/product\/yoast-seo-wordpress\/ -->\n<title>Luciakonserter med eleverna i 5\u00e8me &#8211; Lyc\u00e9e Fran\u00e7ais Saint Louis de Stockholm<\/title>\n<meta name=\"robots\" content=\"index, follow, max-snippet:-1, max-image-preview:large, max-video-preview:-1\" \/>\n<link rel=\"canonical\" href=\"https:\/\/www.lfsl.net\/sv\/luciakonserter-med-eleverna-i-5eme\/\" \/>\n<meta property=\"og:locale\" content=\"sv_SE\" \/>\n<meta property=\"og:type\" content=\"article\" \/>\n<meta property=\"og:title\" content=\"Luciakonserter med eleverna i 5\u00e8me &#8211; Lyc\u00e9e Fran\u00e7ais Saint Louis de Stockholm\" \/>\n<meta property=\"og:description\" content=\"I \u00e5r gav eleverna i 5\u00e8me Lucia-upptr\u00e4danden tv\u00e5 kv\u00e4llar i rad, f\u00f6rst f\u00f6r LFSL:s anst\u00e4llda och sedan f\u00f6r sina f\u00f6r\u00e4ldrar.Fantastiska konserter med m\u00e5nga vackra Lucia-s\u00e5nger p\u00e5 fem olika spr\u00e5k, alla sjungna utantill och med fina solistframtr\u00e4danden! Hela dagen den 12 december \u00e4gnades \u00e5t upptr\u00e4danden f\u00f6r eleverna p\u00e5 LFSL. Gratulationer och ett stort tack till alla ... L\u00e4s mer\" \/>\n<meta property=\"og:url\" content=\"https:\/\/www.lfsl.net\/sv\/luciakonserter-med-eleverna-i-5eme\/\" \/>\n<meta property=\"og:site_name\" content=\"Lyc\u00e9e Fran\u00e7ais Saint Louis de Stockholm\" \/>\n<meta property=\"article:publisher\" content=\"https:\/\/www.facebook.com\/Lyc%c3%a9e-Francais-Saint-Louis-182116921840529\/\" \/>\n<meta property=\"article:published_time\" content=\"2019-12-12T14:02:38+00:00\" \/>\n<meta property=\"article:modified_time\" content=\"2019-12-13T08:27:15+00:00\" \/>\n<meta property=\"og:image\" content=\"https:\/\/www.lfsl.net\/wp-content\/uploads\/2019\/12\/Lucia_4_crop.jpg\" \/>\n\t<meta property=\"og:image:width\" content=\"1310\" \/>\n\t<meta property=\"og:image:height\" content=\"737\" \/>\n\t<meta property=\"og:image:type\" content=\"image\/jpeg\" \/>\n<meta name=\"author\" content=\"LFSL\" \/>\n<meta name=\"twitter:card\" content=\"summary_large_image\" \/>\n<script type=\"application\/ld+json\" class=\"yoast-schema-graph\">{\"@context\":\"https:\\\/\\\/schema.org\",\"@graph\":[{\"@type\":\"Article\",\"@id\":\"https:\\\/\\\/www.lfsl.net\\\/sv\\\/luciakonserter-med-eleverna-i-5eme\\\/#article\",\"isPartOf\":{\"@id\":\"https:\\\/\\\/www.lfsl.net\\\/sv\\\/luciakonserter-med-eleverna-i-5eme\\\/\"},\"author\":{\"name\":\"LFSL\",\"@id\":\"https:\\\/\\\/www.lfsl.net\\\/sv\\\/#\\\/schema\\\/person\\\/b844e4fec0b6546045ed48d495805bfc\"},\"headline\":\"Luciakonserter med eleverna i 5\u00e8me\",\"datePublished\":\"2019-12-12T14:02:38+00:00\",\"dateModified\":\"2019-12-13T08:27:15+00:00\",\"mainEntityOfPage\":{\"@id\":\"https:\\\/\\\/www.lfsl.net\\\/sv\\\/luciakonserter-med-eleverna-i-5eme\\\/\"},\"wordCount\":110,\"publisher\":{\"@id\":\"https:\\\/\\\/www.lfsl.net\\\/sv\\\/#organization\"},\"image\":{\"@id\":\"https:\\\/\\\/www.lfsl.net\\\/sv\\\/luciakonserter-med-eleverna-i-5eme\\\/#primaryimage\"},\"thumbnailUrl\":\"https:\\\/\\\/www.lfsl.net\\\/wp-content\\\/uploads\\\/2019\\\/12\\\/Lucia_4_crop.jpg\",\"articleSection\":[\"Okategoriserad\"],\"inLanguage\":\"sv-SE\"},{\"@type\":\"WebPage\",\"@id\":\"https:\\\/\\\/www.lfsl.net\\\/sv\\\/luciakonserter-med-eleverna-i-5eme\\\/\",\"url\":\"https:\\\/\\\/www.lfsl.net\\\/sv\\\/luciakonserter-med-eleverna-i-5eme\\\/\",\"name\":\"Luciakonserter med eleverna i 5\u00e8me &#8211; Lyc\u00e9e Fran\u00e7ais Saint Louis de Stockholm\",\"isPartOf\":{\"@id\":\"https:\\\/\\\/www.lfsl.net\\\/sv\\\/#website\"},\"primaryImageOfPage\":{\"@id\":\"https:\\\/\\\/www.lfsl.net\\\/sv\\\/luciakonserter-med-eleverna-i-5eme\\\/#primaryimage\"},\"image\":{\"@id\":\"https:\\\/\\\/www.lfsl.net\\\/sv\\\/luciakonserter-med-eleverna-i-5eme\\\/#primaryimage\"},\"thumbnailUrl\":\"https:\\\/\\\/www.lfsl.net\\\/wp-content\\\/uploads\\\/2019\\\/12\\\/Lucia_4_crop.jpg\",\"datePublished\":\"2019-12-12T14:02:38+00:00\",\"dateModified\":\"2019-12-13T08:27:15+00:00\",\"breadcrumb\":{\"@id\":\"https:\\\/\\\/www.lfsl.net\\\/sv\\\/luciakonserter-med-eleverna-i-5eme\\\/#breadcrumb\"},\"inLanguage\":\"sv-SE\",\"potentialAction\":[{\"@type\":\"ReadAction\",\"target\":[\"https:\\\/\\\/www.lfsl.net\\\/sv\\\/luciakonserter-med-eleverna-i-5eme\\\/\"]}]},{\"@type\":\"ImageObject\",\"inLanguage\":\"sv-SE\",\"@id\":\"https:\\\/\\\/www.lfsl.net\\\/sv\\\/luciakonserter-med-eleverna-i-5eme\\\/#primaryimage\",\"url\":\"https:\\\/\\\/www.lfsl.net\\\/wp-content\\\/uploads\\\/2019\\\/12\\\/Lucia_4_crop.jpg\",\"contentUrl\":\"https:\\\/\\\/www.lfsl.net\\\/wp-content\\\/uploads\\\/2019\\\/12\\\/Lucia_4_crop.jpg\",\"width\":1310,\"height\":737},{\"@type\":\"BreadcrumbList\",\"@id\":\"https:\\\/\\\/www.lfsl.net\\\/sv\\\/luciakonserter-med-eleverna-i-5eme\\\/#breadcrumb\",\"itemListElement\":[{\"@type\":\"ListItem\",\"position\":1,\"name\":\"Home\",\"item\":\"https:\\\/\\\/www.lfsl.net\\\/sv\\\/\"},{\"@type\":\"ListItem\",\"position\":2,\"name\":\"Luciakonserter med eleverna i 5\u00e8me\"}]},{\"@type\":\"WebSite\",\"@id\":\"https:\\\/\\\/www.lfsl.net\\\/sv\\\/#website\",\"url\":\"https:\\\/\\\/www.lfsl.net\\\/sv\\\/\",\"name\":\"Lyc\u00e9e Fran\u00e7ais Saint Louis de Stockholm\",\"description\":\"\u00c9tablissement membre du r\u00e9seau AEFE\",\"publisher\":{\"@id\":\"https:\\\/\\\/www.lfsl.net\\\/sv\\\/#organization\"},\"potentialAction\":[{\"@type\":\"SearchAction\",\"target\":{\"@type\":\"EntryPoint\",\"urlTemplate\":\"https:\\\/\\\/www.lfsl.net\\\/sv\\\/?s={search_term_string}\"},\"query-input\":{\"@type\":\"PropertyValueSpecification\",\"valueRequired\":true,\"valueName\":\"search_term_string\"}}],\"inLanguage\":\"sv-SE\"},{\"@type\":\"Organization\",\"@id\":\"https:\\\/\\\/www.lfsl.net\\\/sv\\\/#organization\",\"name\":\"Lyc\u00e9e Fran\u00e7ais Saint Louis\",\"url\":\"https:\\\/\\\/www.lfsl.net\\\/sv\\\/\",\"logo\":{\"@type\":\"ImageObject\",\"inLanguage\":\"sv-SE\",\"@id\":\"https:\\\/\\\/www.lfsl.net\\\/sv\\\/#\\\/schema\\\/logo\\\/image\\\/\",\"url\":\"https:\\\/\\\/www.lfsl.net\\\/wp-content\\\/uploads\\\/2021\\\/03\\\/LFSL-logo.jpg\",\"contentUrl\":\"https:\\\/\\\/www.lfsl.net\\\/wp-content\\\/uploads\\\/2021\\\/03\\\/LFSL-logo.jpg\",\"width\":330,\"height\":473,\"caption\":\"Lyc\u00e9e Fran\u00e7ais Saint Louis\"},\"image\":{\"@id\":\"https:\\\/\\\/www.lfsl.net\\\/sv\\\/#\\\/schema\\\/logo\\\/image\\\/\"},\"sameAs\":[\"https:\\\/\\\/www.facebook.com\\\/Lyc\u00e9e-Francais-Saint-Louis-182116921840529\\\/\",\"https:\\\/\\\/www.instagram.com\\\/lyceefrancaisstockholm\\\/\",\"https:\\\/\\\/www.linkedin.com\\\/school\\\/lfsl\\\/\",\"https:\\\/\\\/www.youtube.com\\\/channel\\\/UCchS4IO4jE_YY0ILwn5NgGQ\"]},{\"@type\":\"Person\",\"@id\":\"https:\\\/\\\/www.lfsl.net\\\/sv\\\/#\\\/schema\\\/person\\\/b844e4fec0b6546045ed48d495805bfc\",\"name\":\"LFSL\",\"image\":{\"@type\":\"ImageObject\",\"inLanguage\":\"sv-SE\",\"@id\":\"https:\\\/\\\/secure.gravatar.com\\\/avatar\\\/8675186c12a5532dad5f25706eb6019c936983ed4945888898482ec1904338ec?s=96&d=mm&r=g\",\"url\":\"https:\\\/\\\/secure.gravatar.com\\\/avatar\\\/8675186c12a5532dad5f25706eb6019c936983ed4945888898482ec1904338ec?s=96&d=mm&r=g\",\"contentUrl\":\"https:\\\/\\\/secure.gravatar.com\\\/avatar\\\/8675186c12a5532dad5f25706eb6019c936983ed4945888898482ec1904338ec?s=96&d=mm&r=g\",\"caption\":\"LFSL\"},\"url\":\"https:\\\/\\\/www.lfsl.net\\\/sv\\\/author\\\/lfsladmin\\\/\"}]}<\/script>\n<!-- \/ Yoast SEO plugin. -->","yoast_head_json":{"title":"Luciakonserter med eleverna i 5\u00e8me &#8211; Lyc\u00e9e Fran\u00e7ais Saint Louis de Stockholm","robots":{"index":"index","follow":"follow","max-snippet":"max-snippet:-1","max-image-preview":"max-image-preview:large","max-video-preview":"max-video-preview:-1"},"canonical":"https:\/\/www.lfsl.net\/sv\/luciakonserter-med-eleverna-i-5eme\/","og_locale":"sv_SE","og_type":"article","og_title":"Luciakonserter med eleverna i 5\u00e8me &#8211; Lyc\u00e9e Fran\u00e7ais Saint Louis de Stockholm","og_description":"I \u00e5r gav eleverna i 5\u00e8me Lucia-upptr\u00e4danden tv\u00e5 kv\u00e4llar i rad, f\u00f6rst f\u00f6r LFSL:s anst\u00e4llda och sedan f\u00f6r sina f\u00f6r\u00e4ldrar.Fantastiska konserter med m\u00e5nga vackra Lucia-s\u00e5nger p\u00e5 fem olika spr\u00e5k, alla sjungna utantill och med fina solistframtr\u00e4danden! Hela dagen den 12 december \u00e4gnades \u00e5t upptr\u00e4danden f\u00f6r eleverna p\u00e5 LFSL. Gratulationer och ett stort tack till alla ... L\u00e4s mer","og_url":"https:\/\/www.lfsl.net\/sv\/luciakonserter-med-eleverna-i-5eme\/","og_site_name":"Lyc\u00e9e Fran\u00e7ais Saint Louis de Stockholm","article_publisher":"https:\/\/www.facebook.com\/Lyc%c3%a9e-Francais-Saint-Louis-182116921840529\/","article_published_time":"2019-12-12T14:02:38+00:00","article_modified_time":"2019-12-13T08:27:15+00:00","og_image":[{"width":1310,"height":737,"url":"https:\/\/www.lfsl.net\/wp-content\/uploads\/2019\/12\/Lucia_4_crop.jpg","type":"image\/jpeg"}],"author":"LFSL","twitter_card":"summary_large_image","schema":{"@context":"https:\/\/schema.org","@graph":[{"@type":"Article","@id":"https:\/\/www.lfsl.net\/sv\/luciakonserter-med-eleverna-i-5eme\/#article","isPartOf":{"@id":"https:\/\/www.lfsl.net\/sv\/luciakonserter-med-eleverna-i-5eme\/"},"author":{"name":"LFSL","@id":"https:\/\/www.lfsl.net\/sv\/#\/schema\/person\/b844e4fec0b6546045ed48d495805bfc"},"headline":"Luciakonserter med eleverna i 5\u00e8me","datePublished":"2019-12-12T14:02:38+00:00","dateModified":"2019-12-13T08:27:15+00:00","mainEntityOfPage":{"@id":"https:\/\/www.lfsl.net\/sv\/luciakonserter-med-eleverna-i-5eme\/"},"wordCount":110,"publisher":{"@id":"https:\/\/www.lfsl.net\/sv\/#organization"},"image":{"@id":"https:\/\/www.lfsl.net\/sv\/luciakonserter-med-eleverna-i-5eme\/#primaryimage"},"thumbnailUrl":"https:\/\/www.lfsl.net\/wp-content\/uploads\/2019\/12\/Lucia_4_crop.jpg","articleSection":["Okategoriserad"],"inLanguage":"sv-SE"},{"@type":"WebPage","@id":"https:\/\/www.lfsl.net\/sv\/luciakonserter-med-eleverna-i-5eme\/","url":"https:\/\/www.lfsl.net\/sv\/luciakonserter-med-eleverna-i-5eme\/","name":"Luciakonserter med eleverna i 5\u00e8me &#8211; Lyc\u00e9e Fran\u00e7ais Saint Louis de Stockholm","isPartOf":{"@id":"https:\/\/www.lfsl.net\/sv\/#website"},"primaryImageOfPage":{"@id":"https:\/\/www.lfsl.net\/sv\/luciakonserter-med-eleverna-i-5eme\/#primaryimage"},"image":{"@id":"https:\/\/www.lfsl.net\/sv\/luciakonserter-med-eleverna-i-5eme\/#primaryimage"},"thumbnailUrl":"https:\/\/www.lfsl.net\/wp-content\/uploads\/2019\/12\/Lucia_4_crop.jpg","datePublished":"2019-12-12T14:02:38+00:00","dateModified":"2019-12-13T08:27:15+00:00","breadcrumb":{"@id":"https:\/\/www.lfsl.net\/sv\/luciakonserter-med-eleverna-i-5eme\/#breadcrumb"},"inLanguage":"sv-SE","potentialAction":[{"@type":"ReadAction","target":["https:\/\/www.lfsl.net\/sv\/luciakonserter-med-eleverna-i-5eme\/"]}]},{"@type":"ImageObject","inLanguage":"sv-SE","@id":"https:\/\/www.lfsl.net\/sv\/luciakonserter-med-eleverna-i-5eme\/#primaryimage","url":"https:\/\/www.lfsl.net\/wp-content\/uploads\/2019\/12\/Lucia_4_crop.jpg","contentUrl":"https:\/\/www.lfsl.net\/wp-content\/uploads\/2019\/12\/Lucia_4_crop.jpg","width":1310,"height":737},{"@type":"BreadcrumbList","@id":"https:\/\/www.lfsl.net\/sv\/luciakonserter-med-eleverna-i-5eme\/#breadcrumb","itemListElement":[{"@type":"ListItem","position":1,"name":"Home","item":"https:\/\/www.lfsl.net\/sv\/"},{"@type":"ListItem","position":2,"name":"Luciakonserter med eleverna i 5\u00e8me"}]},{"@type":"WebSite","@id":"https:\/\/www.lfsl.net\/sv\/#website","url":"https:\/\/www.lfsl.net\/sv\/","name":"Lyc\u00e9e Fran\u00e7ais Saint Louis de Stockholm","description":"\u00c9tablissement membre du r\u00e9seau AEFE","publisher":{"@id":"https:\/\/www.lfsl.net\/sv\/#organization"},"potentialAction":[{"@type":"SearchAction","target":{"@type":"EntryPoint","urlTemplate":"https:\/\/www.lfsl.net\/sv\/?s={search_term_string}"},"query-input":{"@type":"PropertyValueSpecification","valueRequired":true,"valueName":"search_term_string"}}],"inLanguage":"sv-SE"},{"@type":"Organization","@id":"https:\/\/www.lfsl.net\/sv\/#organization","name":"Lyc\u00e9e Fran\u00e7ais Saint Louis","url":"https:\/\/www.lfsl.net\/sv\/","logo":{"@type":"ImageObject","inLanguage":"sv-SE","@id":"https:\/\/www.lfsl.net\/sv\/#\/schema\/logo\/image\/","url":"https:\/\/www.lfsl.net\/wp-content\/uploads\/2021\/03\/LFSL-logo.jpg","contentUrl":"https:\/\/www.lfsl.net\/wp-content\/uploads\/2021\/03\/LFSL-logo.jpg","width":330,"height":473,"caption":"Lyc\u00e9e Fran\u00e7ais Saint Louis"},"image":{"@id":"https:\/\/www.lfsl.net\/sv\/#\/schema\/logo\/image\/"},"sameAs":["https:\/\/www.facebook.com\/Lyc\u00e9e-Francais-Saint-Louis-182116921840529\/","https:\/\/www.instagram.com\/lyceefrancaisstockholm\/","https:\/\/www.linkedin.com\/school\/lfsl\/","https:\/\/www.youtube.com\/channel\/UCchS4IO4jE_YY0ILwn5NgGQ"]},{"@type":"Person","@id":"https:\/\/www.lfsl.net\/sv\/#\/schema\/person\/b844e4fec0b6546045ed48d495805bfc","name":"LFSL","image":{"@type":"ImageObject","inLanguage":"sv-SE","@id":"https:\/\/secure.gravatar.com\/avatar\/8675186c12a5532dad5f25706eb6019c936983ed4945888898482ec1904338ec?s=96&d=mm&r=g","url":"https:\/\/secure.gravatar.com\/avatar\/8675186c12a5532dad5f25706eb6019c936983ed4945888898482ec1904338ec?s=96&d=mm&r=g","contentUrl":"https:\/\/secure.gravatar.com\/avatar\/8675186c12a5532dad5f25706eb6019c936983ed4945888898482ec1904338ec?s=96&d=mm&r=g","caption":"LFSL"},"url":"https:\/\/www.lfsl.net\/sv\/author\/lfsladmin\/"}]}},"_links":{"self":[{"href":"https:\/\/www.lfsl.net\/sv\/wp-json\/wp\/v2\/posts\/6049","targetHints":{"allow":["GET"]}}],"collection":[{"href":"https:\/\/www.lfsl.net\/sv\/wp-json\/wp\/v2\/posts"}],"about":[{"href":"https:\/\/www.lfsl.net\/sv\/wp-json\/wp\/v2\/types\/post"}],"author":[{"embeddable":true,"href":"https:\/\/www.lfsl.net\/sv\/wp-json\/wp\/v2\/users\/1"}],"replies":[{"embeddable":true,"href":"https:\/\/www.lfsl.net\/sv\/wp-json\/wp\/v2\/comments?post=6049"}],"version-history":[{"count":6,"href":"https:\/\/www.lfsl.net\/sv\/wp-json\/wp\/v2\/posts\/6049\/revisions"}],"predecessor-version":[{"id":6127,"href":"https:\/\/www.lfsl.net\/sv\/wp-json\/wp\/v2\/posts\/6049\/revisions\/6127"}],"wp:featuredmedia":[{"embeddable":true,"href":"https:\/\/www.lfsl.net\/sv\/wp-json\/wp\/v2\/media\/6043"}],"wp:attachment":[{"href":"https:\/\/www.lfsl.net\/sv\/wp-json\/wp\/v2\/media?parent=6049"}],"wp:term":[{"taxonomy":"category","embeddable":true,"href":"https:\/\/www.lfsl.net\/sv\/wp-json\/wp\/v2\/categories?post=6049"},{"taxonomy":"post_tag","embeddable":true,"href":"https:\/\/www.lfsl.net\/sv\/wp-json\/wp\/v2\/tags?post=6049"}],"curies":[{"name":"wp","href":"https:\/\/api.w.org\/{rel}","templated":true}]}}