{"id":6077,"date":"2019-12-11T14:28:39","date_gmt":"2019-12-11T14:28:39","guid":{"rendered":"https:\/\/www.lfsl.net\/?p=6077"},"modified":"2019-12-12T14:30:08","modified_gmt":"2019-12-12T14:30:08","slug":"webbradio-intervju-med-esther-duflo-nobelpris-i-ekonomi-2019","status":"publish","type":"post","link":"https:\/\/www.lfsl.net\/sv\/webbradio-intervju-med-esther-duflo-nobelpris-i-ekonomi-2019\/","title":{"rendered":"Webbradio: Intervju med Esther Duflo, Nobelpris i Ekonomi 2019"},"content":{"rendered":"\n<p>Nobelpristagerskan i Ekonomi 2019 Esther Duflo kom till Lyc\u00e9e Fran\u00e7ais Saint Louis  fredagen den 6 december f\u00f6r ett givande m\u00f6te med eleverna.<br><br>Esther Duflo \u00e4r den andra kvinna n\u00e5gonsin som f\u00e5r Ekonomipriset, ett pris som hon delar med tv\u00e5 amerikanska kollegor, Abhijit Banerjee et Michael Kremer, f\u00f6r sin forskning kring fattigdom. <br><br>Efter att ha presenterat sitt arbete f\u00f6r gymnasieeleverna blev hon intervjuad av tre CM2-elever fr\u00e5n webradion.<br><br>Klicka p\u00e5 l\u00e4nken f\u00f6r att lyssna p\u00e5 intervjun: <\/p>\n\n\n\n<figure class=\"wp-block-embed-soundcloud wp-block-embed is-type-rich is-provider-soundcloud wp-embed-aspect-4-3 wp-has-aspect-ratio\"><div class=\"wp-block-embed__wrapper\">\n<iframe loading=\"lazy\" title=\"CLUB WEBRADIO- Interview Prix Nobel Economie 2019 Esther DUFLO by WebRadio du Lyc\u00e9e Fran\u00e7ais de Stockholm\" width=\"1200\" height=\"400\" scrolling=\"no\" frameborder=\"no\" src=\"https:\/\/w.soundcloud.com\/player\/?visual=true&#038;url=https%3A%2F%2Fapi.soundcloud.com%2Ftracks%2F725308831&#038;show_artwork=true&#038;maxwidth=1200&#038;maxheight=1000&#038;dnt=1\"><\/iframe>\n<\/div><\/figure>\n","protected":false},"excerpt":{"rendered":"<p>Nobelpristagerskan i Ekonomi 2019 Esther Duflo kom till Lyc\u00e9e Fran\u00e7ais Saint Louis fredagen den 6 december f\u00f6r ett givande m\u00f6te med eleverna. Esther Duflo \u00e4r den andra kvinna n\u00e5gonsin som f\u00e5r Ekonomipriset, ett pris som hon delar med tv\u00e5 amerikanska kollegor, Abhijit Banerjee et Michael Kremer, f\u00f6r sin forskning kring fattigdom. Efter att ha presenterat &#8230; <\/p>\n<p class=\"read-more-container\"><a title=\"Webbradio: Intervju med Esther Duflo, Nobelpris i Ekonomi 2019\" class=\"read-more button\" href=\"https:\/\/www.lfsl.net\/sv\/webbradio-intervju-med-esther-duflo-nobelpris-i-ekonomi-2019\/#more-6077\" aria-label=\"L\u00e4s mer om Webbradio: Intervju med Esther Duflo, Nobelpris i Ekonomi 2019\">L\u00e4s mer<\/a><\/p>\n","protected":false},"author":1,"featured_media":6074,"comment_status":"closed","ping_status":"closed","sticky":false,"template":"","format":"standard","meta":{"footnotes":""},"categories":[7],"tags":[],"class_list":["post-6077","post","type-post","status-publish","format-standard","has-post-thumbnail","hentry","category-okategoriserad"],"yoast_head":"<!-- This site is optimized with the Yoast SEO plugin v27.4 - https:\/\/yoast.com\/product\/yoast-seo-wordpress\/ -->\n<title>Webbradio: Intervju med Esther Duflo, Nobelpris i Ekonomi 2019 &#8211; Lyc\u00e9e Fran\u00e7ais Saint Louis de Stockholm<\/title>\n<meta name=\"robots\" content=\"index, follow, max-snippet:-1, max-image-preview:large, max-video-preview:-1\" \/>\n<link rel=\"canonical\" href=\"https:\/\/www.lfsl.net\/sv\/webbradio-intervju-med-esther-duflo-nobelpris-i-ekonomi-2019\/\" \/>\n<meta property=\"og:locale\" content=\"sv_SE\" \/>\n<meta property=\"og:type\" content=\"article\" \/>\n<meta property=\"og:title\" content=\"Webbradio: Intervju med Esther Duflo, Nobelpris i Ekonomi 2019 &#8211; Lyc\u00e9e Fran\u00e7ais Saint Louis de Stockholm\" \/>\n<meta property=\"og:description\" content=\"Nobelpristagerskan i Ekonomi 2019 Esther Duflo kom till Lyc\u00e9e Fran\u00e7ais Saint Louis fredagen den 6 december f\u00f6r ett givande m\u00f6te med eleverna. Esther Duflo \u00e4r den andra kvinna n\u00e5gonsin som f\u00e5r Ekonomipriset, ett pris som hon delar med tv\u00e5 amerikanska kollegor, Abhijit Banerjee et Michael Kremer, f\u00f6r sin forskning kring fattigdom. Efter att ha presenterat ... L\u00e4s mer\" \/>\n<meta property=\"og:url\" content=\"https:\/\/www.lfsl.net\/sv\/webbradio-intervju-med-esther-duflo-nobelpris-i-ekonomi-2019\/\" \/>\n<meta property=\"og:site_name\" content=\"Lyc\u00e9e Fran\u00e7ais Saint Louis de Stockholm\" \/>\n<meta property=\"article:publisher\" content=\"https:\/\/www.facebook.com\/Lyc%c3%a9e-Francais-Saint-Louis-182116921840529\/\" \/>\n<meta property=\"article:published_time\" content=\"2019-12-11T14:28:39+00:00\" \/>\n<meta property=\"article:modified_time\" content=\"2019-12-12T14:30:08+00:00\" \/>\n<meta property=\"og:image\" content=\"https:\/\/www.lfsl.net\/wp-content\/uploads\/2019\/12\/Webradio_Duflo_crop-1.jpg\" \/>\n\t<meta property=\"og:image:width\" content=\"1198\" \/>\n\t<meta property=\"og:image:height\" content=\"674\" \/>\n\t<meta property=\"og:image:type\" content=\"image\/jpeg\" \/>\n<meta name=\"author\" content=\"LFSL\" \/>\n<meta name=\"twitter:card\" content=\"summary_large_image\" \/>\n<script type=\"application\/ld+json\" class=\"yoast-schema-graph\">{\"@context\":\"https:\\\/\\\/schema.org\",\"@graph\":[{\"@type\":\"Article\",\"@id\":\"https:\\\/\\\/www.lfsl.net\\\/sv\\\/webbradio-intervju-med-esther-duflo-nobelpris-i-ekonomi-2019\\\/#article\",\"isPartOf\":{\"@id\":\"https:\\\/\\\/www.lfsl.net\\\/sv\\\/webbradio-intervju-med-esther-duflo-nobelpris-i-ekonomi-2019\\\/\"},\"author\":{\"name\":\"LFSL\",\"@id\":\"https:\\\/\\\/www.lfsl.net\\\/sv\\\/#\\\/schema\\\/person\\\/b844e4fec0b6546045ed48d495805bfc\"},\"headline\":\"Webbradio: Intervju med Esther Duflo, Nobelpris i Ekonomi 2019\",\"datePublished\":\"2019-12-11T14:28:39+00:00\",\"dateModified\":\"2019-12-12T14:30:08+00:00\",\"mainEntityOfPage\":{\"@id\":\"https:\\\/\\\/www.lfsl.net\\\/sv\\\/webbradio-intervju-med-esther-duflo-nobelpris-i-ekonomi-2019\\\/\"},\"wordCount\":99,\"publisher\":{\"@id\":\"https:\\\/\\\/www.lfsl.net\\\/sv\\\/#organization\"},\"image\":{\"@id\":\"https:\\\/\\\/www.lfsl.net\\\/sv\\\/webbradio-intervju-med-esther-duflo-nobelpris-i-ekonomi-2019\\\/#primaryimage\"},\"thumbnailUrl\":\"https:\\\/\\\/www.lfsl.net\\\/wp-content\\\/uploads\\\/2019\\\/12\\\/Webradio_Duflo_crop-1.jpg\",\"articleSection\":[\"Okategoriserad\"],\"inLanguage\":\"sv-SE\"},{\"@type\":\"WebPage\",\"@id\":\"https:\\\/\\\/www.lfsl.net\\\/sv\\\/webbradio-intervju-med-esther-duflo-nobelpris-i-ekonomi-2019\\\/\",\"url\":\"https:\\\/\\\/www.lfsl.net\\\/sv\\\/webbradio-intervju-med-esther-duflo-nobelpris-i-ekonomi-2019\\\/\",\"name\":\"Webbradio: Intervju med Esther Duflo, Nobelpris i Ekonomi 2019 &#8211; Lyc\u00e9e Fran\u00e7ais Saint Louis de Stockholm\",\"isPartOf\":{\"@id\":\"https:\\\/\\\/www.lfsl.net\\\/sv\\\/#website\"},\"primaryImageOfPage\":{\"@id\":\"https:\\\/\\\/www.lfsl.net\\\/sv\\\/webbradio-intervju-med-esther-duflo-nobelpris-i-ekonomi-2019\\\/#primaryimage\"},\"image\":{\"@id\":\"https:\\\/\\\/www.lfsl.net\\\/sv\\\/webbradio-intervju-med-esther-duflo-nobelpris-i-ekonomi-2019\\\/#primaryimage\"},\"thumbnailUrl\":\"https:\\\/\\\/www.lfsl.net\\\/wp-content\\\/uploads\\\/2019\\\/12\\\/Webradio_Duflo_crop-1.jpg\",\"datePublished\":\"2019-12-11T14:28:39+00:00\",\"dateModified\":\"2019-12-12T14:30:08+00:00\",\"breadcrumb\":{\"@id\":\"https:\\\/\\\/www.lfsl.net\\\/sv\\\/webbradio-intervju-med-esther-duflo-nobelpris-i-ekonomi-2019\\\/#breadcrumb\"},\"inLanguage\":\"sv-SE\",\"potentialAction\":[{\"@type\":\"ReadAction\",\"target\":[\"https:\\\/\\\/www.lfsl.net\\\/sv\\\/webbradio-intervju-med-esther-duflo-nobelpris-i-ekonomi-2019\\\/\"]}]},{\"@type\":\"ImageObject\",\"inLanguage\":\"sv-SE\",\"@id\":\"https:\\\/\\\/www.lfsl.net\\\/sv\\\/webbradio-intervju-med-esther-duflo-nobelpris-i-ekonomi-2019\\\/#primaryimage\",\"url\":\"https:\\\/\\\/www.lfsl.net\\\/wp-content\\\/uploads\\\/2019\\\/12\\\/Webradio_Duflo_crop-1.jpg\",\"contentUrl\":\"https:\\\/\\\/www.lfsl.net\\\/wp-content\\\/uploads\\\/2019\\\/12\\\/Webradio_Duflo_crop-1.jpg\",\"width\":1198,\"height\":674},{\"@type\":\"BreadcrumbList\",\"@id\":\"https:\\\/\\\/www.lfsl.net\\\/sv\\\/webbradio-intervju-med-esther-duflo-nobelpris-i-ekonomi-2019\\\/#breadcrumb\",\"itemListElement\":[{\"@type\":\"ListItem\",\"position\":1,\"name\":\"Home\",\"item\":\"https:\\\/\\\/www.lfsl.net\\\/sv\\\/\"},{\"@type\":\"ListItem\",\"position\":2,\"name\":\"Webbradio: Intervju med Esther Duflo, Nobelpris i Ekonomi 2019\"}]},{\"@type\":\"WebSite\",\"@id\":\"https:\\\/\\\/www.lfsl.net\\\/sv\\\/#website\",\"url\":\"https:\\\/\\\/www.lfsl.net\\\/sv\\\/\",\"name\":\"Lyc\u00e9e Fran\u00e7ais Saint Louis de Stockholm\",\"description\":\"\u00c9tablissement membre du r\u00e9seau AEFE\",\"publisher\":{\"@id\":\"https:\\\/\\\/www.lfsl.net\\\/sv\\\/#organization\"},\"potentialAction\":[{\"@type\":\"SearchAction\",\"target\":{\"@type\":\"EntryPoint\",\"urlTemplate\":\"https:\\\/\\\/www.lfsl.net\\\/sv\\\/?s={search_term_string}\"},\"query-input\":{\"@type\":\"PropertyValueSpecification\",\"valueRequired\":true,\"valueName\":\"search_term_string\"}}],\"inLanguage\":\"sv-SE\"},{\"@type\":\"Organization\",\"@id\":\"https:\\\/\\\/www.lfsl.net\\\/sv\\\/#organization\",\"name\":\"Lyc\u00e9e Fran\u00e7ais Saint Louis\",\"url\":\"https:\\\/\\\/www.lfsl.net\\\/sv\\\/\",\"logo\":{\"@type\":\"ImageObject\",\"inLanguage\":\"sv-SE\",\"@id\":\"https:\\\/\\\/www.lfsl.net\\\/sv\\\/#\\\/schema\\\/logo\\\/image\\\/\",\"url\":\"https:\\\/\\\/www.lfsl.net\\\/wp-content\\\/uploads\\\/2021\\\/03\\\/LFSL-logo.jpg\",\"contentUrl\":\"https:\\\/\\\/www.lfsl.net\\\/wp-content\\\/uploads\\\/2021\\\/03\\\/LFSL-logo.jpg\",\"width\":330,\"height\":473,\"caption\":\"Lyc\u00e9e Fran\u00e7ais Saint Louis\"},\"image\":{\"@id\":\"https:\\\/\\\/www.lfsl.net\\\/sv\\\/#\\\/schema\\\/logo\\\/image\\\/\"},\"sameAs\":[\"https:\\\/\\\/www.facebook.com\\\/Lyc\u00e9e-Francais-Saint-Louis-182116921840529\\\/\",\"https:\\\/\\\/www.instagram.com\\\/lyceefrancaisstockholm\\\/\",\"https:\\\/\\\/www.linkedin.com\\\/school\\\/lfsl\\\/\",\"https:\\\/\\\/www.youtube.com\\\/channel\\\/UCchS4IO4jE_YY0ILwn5NgGQ\"]},{\"@type\":\"Person\",\"@id\":\"https:\\\/\\\/www.lfsl.net\\\/sv\\\/#\\\/schema\\\/person\\\/b844e4fec0b6546045ed48d495805bfc\",\"name\":\"LFSL\",\"image\":{\"@type\":\"ImageObject\",\"inLanguage\":\"sv-SE\",\"@id\":\"https:\\\/\\\/secure.gravatar.com\\\/avatar\\\/8675186c12a5532dad5f25706eb6019c936983ed4945888898482ec1904338ec?s=96&d=mm&r=g\",\"url\":\"https:\\\/\\\/secure.gravatar.com\\\/avatar\\\/8675186c12a5532dad5f25706eb6019c936983ed4945888898482ec1904338ec?s=96&d=mm&r=g\",\"contentUrl\":\"https:\\\/\\\/secure.gravatar.com\\\/avatar\\\/8675186c12a5532dad5f25706eb6019c936983ed4945888898482ec1904338ec?s=96&d=mm&r=g\",\"caption\":\"LFSL\"},\"url\":\"https:\\\/\\\/www.lfsl.net\\\/sv\\\/author\\\/lfsladmin\\\/\"}]}<\/script>\n<!-- \/ Yoast SEO plugin. -->","yoast_head_json":{"title":"Webbradio: Intervju med Esther Duflo, Nobelpris i Ekonomi 2019 &#8211; Lyc\u00e9e Fran\u00e7ais Saint Louis de Stockholm","robots":{"index":"index","follow":"follow","max-snippet":"max-snippet:-1","max-image-preview":"max-image-preview:large","max-video-preview":"max-video-preview:-1"},"canonical":"https:\/\/www.lfsl.net\/sv\/webbradio-intervju-med-esther-duflo-nobelpris-i-ekonomi-2019\/","og_locale":"sv_SE","og_type":"article","og_title":"Webbradio: Intervju med Esther Duflo, Nobelpris i Ekonomi 2019 &#8211; Lyc\u00e9e Fran\u00e7ais Saint Louis de Stockholm","og_description":"Nobelpristagerskan i Ekonomi 2019 Esther Duflo kom till Lyc\u00e9e Fran\u00e7ais Saint Louis fredagen den 6 december f\u00f6r ett givande m\u00f6te med eleverna. Esther Duflo \u00e4r den andra kvinna n\u00e5gonsin som f\u00e5r Ekonomipriset, ett pris som hon delar med tv\u00e5 amerikanska kollegor, Abhijit Banerjee et Michael Kremer, f\u00f6r sin forskning kring fattigdom. Efter att ha presenterat ... L\u00e4s mer","og_url":"https:\/\/www.lfsl.net\/sv\/webbradio-intervju-med-esther-duflo-nobelpris-i-ekonomi-2019\/","og_site_name":"Lyc\u00e9e Fran\u00e7ais Saint Louis de Stockholm","article_publisher":"https:\/\/www.facebook.com\/Lyc%c3%a9e-Francais-Saint-Louis-182116921840529\/","article_published_time":"2019-12-11T14:28:39+00:00","article_modified_time":"2019-12-12T14:30:08+00:00","og_image":[{"width":1198,"height":674,"url":"https:\/\/www.lfsl.net\/wp-content\/uploads\/2019\/12\/Webradio_Duflo_crop-1.jpg","type":"image\/jpeg"}],"author":"LFSL","twitter_card":"summary_large_image","schema":{"@context":"https:\/\/schema.org","@graph":[{"@type":"Article","@id":"https:\/\/www.lfsl.net\/sv\/webbradio-intervju-med-esther-duflo-nobelpris-i-ekonomi-2019\/#article","isPartOf":{"@id":"https:\/\/www.lfsl.net\/sv\/webbradio-intervju-med-esther-duflo-nobelpris-i-ekonomi-2019\/"},"author":{"name":"LFSL","@id":"https:\/\/www.lfsl.net\/sv\/#\/schema\/person\/b844e4fec0b6546045ed48d495805bfc"},"headline":"Webbradio: Intervju med Esther Duflo, Nobelpris i Ekonomi 2019","datePublished":"2019-12-11T14:28:39+00:00","dateModified":"2019-12-12T14:30:08+00:00","mainEntityOfPage":{"@id":"https:\/\/www.lfsl.net\/sv\/webbradio-intervju-med-esther-duflo-nobelpris-i-ekonomi-2019\/"},"wordCount":99,"publisher":{"@id":"https:\/\/www.lfsl.net\/sv\/#organization"},"image":{"@id":"https:\/\/www.lfsl.net\/sv\/webbradio-intervju-med-esther-duflo-nobelpris-i-ekonomi-2019\/#primaryimage"},"thumbnailUrl":"https:\/\/www.lfsl.net\/wp-content\/uploads\/2019\/12\/Webradio_Duflo_crop-1.jpg","articleSection":["Okategoriserad"],"inLanguage":"sv-SE"},{"@type":"WebPage","@id":"https:\/\/www.lfsl.net\/sv\/webbradio-intervju-med-esther-duflo-nobelpris-i-ekonomi-2019\/","url":"https:\/\/www.lfsl.net\/sv\/webbradio-intervju-med-esther-duflo-nobelpris-i-ekonomi-2019\/","name":"Webbradio: Intervju med Esther Duflo, Nobelpris i Ekonomi 2019 &#8211; Lyc\u00e9e Fran\u00e7ais Saint Louis de Stockholm","isPartOf":{"@id":"https:\/\/www.lfsl.net\/sv\/#website"},"primaryImageOfPage":{"@id":"https:\/\/www.lfsl.net\/sv\/webbradio-intervju-med-esther-duflo-nobelpris-i-ekonomi-2019\/#primaryimage"},"image":{"@id":"https:\/\/www.lfsl.net\/sv\/webbradio-intervju-med-esther-duflo-nobelpris-i-ekonomi-2019\/#primaryimage"},"thumbnailUrl":"https:\/\/www.lfsl.net\/wp-content\/uploads\/2019\/12\/Webradio_Duflo_crop-1.jpg","datePublished":"2019-12-11T14:28:39+00:00","dateModified":"2019-12-12T14:30:08+00:00","breadcrumb":{"@id":"https:\/\/www.lfsl.net\/sv\/webbradio-intervju-med-esther-duflo-nobelpris-i-ekonomi-2019\/#breadcrumb"},"inLanguage":"sv-SE","potentialAction":[{"@type":"ReadAction","target":["https:\/\/www.lfsl.net\/sv\/webbradio-intervju-med-esther-duflo-nobelpris-i-ekonomi-2019\/"]}]},{"@type":"ImageObject","inLanguage":"sv-SE","@id":"https:\/\/www.lfsl.net\/sv\/webbradio-intervju-med-esther-duflo-nobelpris-i-ekonomi-2019\/#primaryimage","url":"https:\/\/www.lfsl.net\/wp-content\/uploads\/2019\/12\/Webradio_Duflo_crop-1.jpg","contentUrl":"https:\/\/www.lfsl.net\/wp-content\/uploads\/2019\/12\/Webradio_Duflo_crop-1.jpg","width":1198,"height":674},{"@type":"BreadcrumbList","@id":"https:\/\/www.lfsl.net\/sv\/webbradio-intervju-med-esther-duflo-nobelpris-i-ekonomi-2019\/#breadcrumb","itemListElement":[{"@type":"ListItem","position":1,"name":"Home","item":"https:\/\/www.lfsl.net\/sv\/"},{"@type":"ListItem","position":2,"name":"Webbradio: Intervju med Esther Duflo, Nobelpris i Ekonomi 2019"}]},{"@type":"WebSite","@id":"https:\/\/www.lfsl.net\/sv\/#website","url":"https:\/\/www.lfsl.net\/sv\/","name":"Lyc\u00e9e Fran\u00e7ais Saint Louis de Stockholm","description":"\u00c9tablissement membre du r\u00e9seau AEFE","publisher":{"@id":"https:\/\/www.lfsl.net\/sv\/#organization"},"potentialAction":[{"@type":"SearchAction","target":{"@type":"EntryPoint","urlTemplate":"https:\/\/www.lfsl.net\/sv\/?s={search_term_string}"},"query-input":{"@type":"PropertyValueSpecification","valueRequired":true,"valueName":"search_term_string"}}],"inLanguage":"sv-SE"},{"@type":"Organization","@id":"https:\/\/www.lfsl.net\/sv\/#organization","name":"Lyc\u00e9e Fran\u00e7ais Saint Louis","url":"https:\/\/www.lfsl.net\/sv\/","logo":{"@type":"ImageObject","inLanguage":"sv-SE","@id":"https:\/\/www.lfsl.net\/sv\/#\/schema\/logo\/image\/","url":"https:\/\/www.lfsl.net\/wp-content\/uploads\/2021\/03\/LFSL-logo.jpg","contentUrl":"https:\/\/www.lfsl.net\/wp-content\/uploads\/2021\/03\/LFSL-logo.jpg","width":330,"height":473,"caption":"Lyc\u00e9e Fran\u00e7ais Saint Louis"},"image":{"@id":"https:\/\/www.lfsl.net\/sv\/#\/schema\/logo\/image\/"},"sameAs":["https:\/\/www.facebook.com\/Lyc\u00e9e-Francais-Saint-Louis-182116921840529\/","https:\/\/www.instagram.com\/lyceefrancaisstockholm\/","https:\/\/www.linkedin.com\/school\/lfsl\/","https:\/\/www.youtube.com\/channel\/UCchS4IO4jE_YY0ILwn5NgGQ"]},{"@type":"Person","@id":"https:\/\/www.lfsl.net\/sv\/#\/schema\/person\/b844e4fec0b6546045ed48d495805bfc","name":"LFSL","image":{"@type":"ImageObject","inLanguage":"sv-SE","@id":"https:\/\/secure.gravatar.com\/avatar\/8675186c12a5532dad5f25706eb6019c936983ed4945888898482ec1904338ec?s=96&d=mm&r=g","url":"https:\/\/secure.gravatar.com\/avatar\/8675186c12a5532dad5f25706eb6019c936983ed4945888898482ec1904338ec?s=96&d=mm&r=g","contentUrl":"https:\/\/secure.gravatar.com\/avatar\/8675186c12a5532dad5f25706eb6019c936983ed4945888898482ec1904338ec?s=96&d=mm&r=g","caption":"LFSL"},"url":"https:\/\/www.lfsl.net\/sv\/author\/lfsladmin\/"}]}},"_links":{"self":[{"href":"https:\/\/www.lfsl.net\/sv\/wp-json\/wp\/v2\/posts\/6077","targetHints":{"allow":["GET"]}}],"collection":[{"href":"https:\/\/www.lfsl.net\/sv\/wp-json\/wp\/v2\/posts"}],"about":[{"href":"https:\/\/www.lfsl.net\/sv\/wp-json\/wp\/v2\/types\/post"}],"author":[{"embeddable":true,"href":"https:\/\/www.lfsl.net\/sv\/wp-json\/wp\/v2\/users\/1"}],"replies":[{"embeddable":true,"href":"https:\/\/www.lfsl.net\/sv\/wp-json\/wp\/v2\/comments?post=6077"}],"version-history":[{"count":2,"href":"https:\/\/www.lfsl.net\/sv\/wp-json\/wp\/v2\/posts\/6077\/revisions"}],"predecessor-version":[{"id":6079,"href":"https:\/\/www.lfsl.net\/sv\/wp-json\/wp\/v2\/posts\/6077\/revisions\/6079"}],"wp:featuredmedia":[{"embeddable":true,"href":"https:\/\/www.lfsl.net\/sv\/wp-json\/wp\/v2\/media\/6074"}],"wp:attachment":[{"href":"https:\/\/www.lfsl.net\/sv\/wp-json\/wp\/v2\/media?parent=6077"}],"wp:term":[{"taxonomy":"category","embeddable":true,"href":"https:\/\/www.lfsl.net\/sv\/wp-json\/wp\/v2\/categories?post=6077"},{"taxonomy":"post_tag","embeddable":true,"href":"https:\/\/www.lfsl.net\/sv\/wp-json\/wp\/v2\/tags?post=6077"}],"curies":[{"name":"wp","href":"https:\/\/api.w.org\/{rel}","templated":true}]}}