{"id":6952,"date":"2020-03-16T17:09:24","date_gmt":"2020-03-16T17:09:24","guid":{"rendered":"https:\/\/www.lfsl.net\/?p=6952"},"modified":"2020-03-16T17:09:25","modified_gmt":"2020-03-16T17:09:25","slug":"modaliteter-for-pedagogisk-kontinuitet","status":"publish","type":"post","link":"https:\/\/www.lfsl.net\/sv\/modaliteter-for-pedagogisk-kontinuitet\/","title":{"rendered":"Modaliteter f\u00f6r pedagogisk kontinuitet"},"content":{"rendered":"\n<p>B\u00e4sta f\u00f6r\u00e4ldrar, b\u00e4sta elever, <\/p>\n\n\n\n<p>Under denna period, d\u00e5 LFSL inte l\u00e4ngre tar emot n\u00e5gra elever i sina lokalerna, m\u00e5ste l\u00e4rarna h\u00e5lla kontakten med sina elever fr\u00e5n 6\u00e8me till Terminale och s\u00e4kerst\u00e4lla en kontinuitet i undervisningen fr\u00e5n skolan eller fr\u00e5n sitt hem.<br><br>Flera l\u00e4rare tr\u00e4ffades idag f\u00f6r att diskutera pedagogisk kontinuitet och definiera n\u00e5gra huvudprinciper.<br><br>Varje l\u00e4rare kommer dock att ta den tid som kr\u00e4vs f\u00f6r att s\u00e4tta upp denna nya undervisningsmetod och beh\u00e5ller sin undervisningsfrihet i valet av de metoder \/ verktyg som anv\u00e4nds.<br><br>Arbetstid<br>Det kommer inte att vara m\u00f6jligt att f\u00f6lja schemat i Pronote timme f\u00f6r timme. Vissa l\u00e4rare kan vara sjuka eller inte tillg\u00e4ngliga vid vissa tidpunkter.<br>Eleverna m\u00e5ste d\u00e4rf\u00f6r organisera sitt arbete varje vecka, h\u00e4r \u00e4r en indikation p\u00e5 schemat enligt niv\u00e5erna:<\/p>\n\n\n\n<ul class=\"wp-block-list\"><li>3 till 4 timmars arbete \/ dag f\u00f6r elever i Coll\u00e8ge<\/li><li>5 till 6 timmar arbete \/ dag f\u00f6r elever i Lyc\u00e9e<\/li><\/ul>\n\n\n\n<p>Kommunikation<\/p>\n\n\n\n<ul class=\"wp-block-list\"><li>Pronote och LFSL-e-mailen kommer att vara de viktigaste verktygen att anv\u00e4nda f\u00f6r kommunikation. I Pronote anges det arbete som ska g\u00f6ras; lektioner och korrigeringar av \u00f6vningar kommer \u00e4ven att delas via detta verktyg.<\/li><li>Vissa l\u00e4rare kan erbjuda eleverna m\u00f6jlighet att kommunicera via meddelanden \/ chatt vid behov (Team, skype \u2026) och andra kommer att anv\u00e4nda videokonferensverktyg som Discord, Zoom, Adobe Connect, Google Hangout eller Skype.<\/li><li>Varje l\u00e4rare skickar ett meddelande till sin klass om sitt tillv\u00e4gag\u00e5ngss\u00e4tt.<\/li><\/ul>\n\n\n\n<p>Utv\u00e4rdering<\/p>\n\n\n\n<ul class=\"wp-block-list\"><li>Under de f\u00f6rsta veckorna kan en enkel kunskapskontroll g\u00f6ras i slutet av veckan via fr\u00e5geverktyget i Pronote.<\/li><li>Om distansutbildning skulle vara en l\u00e4ngre tid, kommer l\u00e4rarna att arbeta p\u00e5 sin respektive bed\u00f6mningsprocess.<\/li><\/ul>\n\n\n\n<p>Klassf\u00f6rest\u00e5ndarna kommer att vara fortsatt tillg\u00e4ngliga f\u00f6r sina elever, s\u00e5 att dessa kan st\u00e4lla fr\u00e5gor eller dela problem kring denna situation.<br><br>Vi litar p\u00e5 att v\u00e5ra elever ska anv\u00e4nda den h\u00e4r aldrig tidigare sk\u00e5dade perioden, som en m\u00f6jlighet att uppt\u00e4cka nya arbetsmetoder och visa autonomi och sj\u00e4lvdisciplin.<br><br>H\u00e4lsningar,<br>Laurent Cantuel, rektor<br>och l\u00e4rarteamet.<\/p>\n\n\n\n<p>Modaliteter f\u00f6r pedagogisk kontinuite<\/p>\n","protected":false},"excerpt":{"rendered":"<p>B\u00e4sta f\u00f6r\u00e4ldrar, b\u00e4sta elever, Under denna period, d\u00e5 LFSL inte l\u00e4ngre tar emot n\u00e5gra elever i sina lokalerna, m\u00e5ste l\u00e4rarna h\u00e5lla kontakten med sina elever fr\u00e5n 6\u00e8me till Terminale och s\u00e4kerst\u00e4lla en kontinuitet i undervisningen fr\u00e5n skolan eller fr\u00e5n sitt hem. Flera l\u00e4rare tr\u00e4ffades idag f\u00f6r att diskutera pedagogisk kontinuitet och definiera n\u00e5gra huvudprinciper. Varje &#8230; <\/p>\n<p class=\"read-more-container\"><a title=\"Modaliteter f\u00f6r pedagogisk kontinuitet\" class=\"read-more button\" href=\"https:\/\/www.lfsl.net\/sv\/modaliteter-for-pedagogisk-kontinuitet\/#more-6952\" aria-label=\"L\u00e4s mer om Modaliteter f\u00f6r pedagogisk kontinuitet\">L\u00e4s mer<\/a><\/p>\n","protected":false},"author":1,"featured_media":6942,"comment_status":"closed","ping_status":"closed","sticky":false,"template":"","format":"standard","meta":{"footnotes":""},"categories":[7],"tags":[],"class_list":["post-6952","post","type-post","status-publish","format-standard","has-post-thumbnail","hentry","category-okategoriserad"],"yoast_head":"<!-- This site is optimized with the Yoast SEO plugin v27.4 - https:\/\/yoast.com\/product\/yoast-seo-wordpress\/ -->\n<title>Modaliteter f\u00f6r pedagogisk kontinuitet &#8211; Lyc\u00e9e Fran\u00e7ais Saint Louis de Stockholm<\/title>\n<meta name=\"robots\" content=\"index, follow, max-snippet:-1, max-image-preview:large, max-video-preview:-1\" \/>\n<link rel=\"canonical\" href=\"https:\/\/www.lfsl.net\/sv\/modaliteter-for-pedagogisk-kontinuitet\/\" \/>\n<meta property=\"og:locale\" content=\"sv_SE\" \/>\n<meta property=\"og:type\" content=\"article\" \/>\n<meta property=\"og:title\" content=\"Modaliteter f\u00f6r pedagogisk kontinuitet &#8211; Lyc\u00e9e Fran\u00e7ais Saint Louis de Stockholm\" \/>\n<meta property=\"og:description\" content=\"B\u00e4sta f\u00f6r\u00e4ldrar, b\u00e4sta elever, Under denna period, d\u00e5 LFSL inte l\u00e4ngre tar emot n\u00e5gra elever i sina lokalerna, m\u00e5ste l\u00e4rarna h\u00e5lla kontakten med sina elever fr\u00e5n 6\u00e8me till Terminale och s\u00e4kerst\u00e4lla en kontinuitet i undervisningen fr\u00e5n skolan eller fr\u00e5n sitt hem. Flera l\u00e4rare tr\u00e4ffades idag f\u00f6r att diskutera pedagogisk kontinuitet och definiera n\u00e5gra huvudprinciper. Varje ... L\u00e4s mer\" \/>\n<meta property=\"og:url\" content=\"https:\/\/www.lfsl.net\/sv\/modaliteter-for-pedagogisk-kontinuitet\/\" \/>\n<meta property=\"og:site_name\" content=\"Lyc\u00e9e Fran\u00e7ais Saint Louis de Stockholm\" \/>\n<meta property=\"article:publisher\" content=\"https:\/\/www.facebook.com\/Lyc%c3%a9e-Francais-Saint-Louis-182116921840529\/\" \/>\n<meta property=\"article:published_time\" content=\"2020-03-16T17:09:24+00:00\" \/>\n<meta property=\"article:modified_time\" content=\"2020-03-16T17:09:25+00:00\" \/>\n<meta property=\"og:image\" content=\"https:\/\/www.lfsl.net\/wp-content\/uploads\/2020\/03\/studying-at-home_crop.jpg\" \/>\n\t<meta property=\"og:image:width\" content=\"1880\" \/>\n\t<meta property=\"og:image:height\" content=\"1058\" \/>\n\t<meta property=\"og:image:type\" content=\"image\/jpeg\" \/>\n<meta name=\"author\" content=\"LFSL\" \/>\n<meta name=\"twitter:card\" content=\"summary_large_image\" \/>\n<script type=\"application\/ld+json\" class=\"yoast-schema-graph\">{\"@context\":\"https:\\\/\\\/schema.org\",\"@graph\":[{\"@type\":\"Article\",\"@id\":\"https:\\\/\\\/www.lfsl.net\\\/sv\\\/modaliteter-for-pedagogisk-kontinuitet\\\/#article\",\"isPartOf\":{\"@id\":\"https:\\\/\\\/www.lfsl.net\\\/sv\\\/modaliteter-for-pedagogisk-kontinuitet\\\/\"},\"author\":{\"name\":\"LFSL\",\"@id\":\"https:\\\/\\\/www.lfsl.net\\\/sv\\\/#\\\/schema\\\/person\\\/b844e4fec0b6546045ed48d495805bfc\"},\"headline\":\"Modaliteter f\u00f6r pedagogisk kontinuitet\",\"datePublished\":\"2020-03-16T17:09:24+00:00\",\"dateModified\":\"2020-03-16T17:09:25+00:00\",\"mainEntityOfPage\":{\"@id\":\"https:\\\/\\\/www.lfsl.net\\\/sv\\\/modaliteter-for-pedagogisk-kontinuitet\\\/\"},\"wordCount\":380,\"publisher\":{\"@id\":\"https:\\\/\\\/www.lfsl.net\\\/sv\\\/#organization\"},\"image\":{\"@id\":\"https:\\\/\\\/www.lfsl.net\\\/sv\\\/modaliteter-for-pedagogisk-kontinuitet\\\/#primaryimage\"},\"thumbnailUrl\":\"https:\\\/\\\/www.lfsl.net\\\/wp-content\\\/uploads\\\/2020\\\/03\\\/studying-at-home_crop.jpg\",\"articleSection\":[\"Okategoriserad\"],\"inLanguage\":\"sv-SE\"},{\"@type\":\"WebPage\",\"@id\":\"https:\\\/\\\/www.lfsl.net\\\/sv\\\/modaliteter-for-pedagogisk-kontinuitet\\\/\",\"url\":\"https:\\\/\\\/www.lfsl.net\\\/sv\\\/modaliteter-for-pedagogisk-kontinuitet\\\/\",\"name\":\"Modaliteter f\u00f6r pedagogisk kontinuitet &#8211; Lyc\u00e9e Fran\u00e7ais Saint Louis de Stockholm\",\"isPartOf\":{\"@id\":\"https:\\\/\\\/www.lfsl.net\\\/sv\\\/#website\"},\"primaryImageOfPage\":{\"@id\":\"https:\\\/\\\/www.lfsl.net\\\/sv\\\/modaliteter-for-pedagogisk-kontinuitet\\\/#primaryimage\"},\"image\":{\"@id\":\"https:\\\/\\\/www.lfsl.net\\\/sv\\\/modaliteter-for-pedagogisk-kontinuitet\\\/#primaryimage\"},\"thumbnailUrl\":\"https:\\\/\\\/www.lfsl.net\\\/wp-content\\\/uploads\\\/2020\\\/03\\\/studying-at-home_crop.jpg\",\"datePublished\":\"2020-03-16T17:09:24+00:00\",\"dateModified\":\"2020-03-16T17:09:25+00:00\",\"breadcrumb\":{\"@id\":\"https:\\\/\\\/www.lfsl.net\\\/sv\\\/modaliteter-for-pedagogisk-kontinuitet\\\/#breadcrumb\"},\"inLanguage\":\"sv-SE\",\"potentialAction\":[{\"@type\":\"ReadAction\",\"target\":[\"https:\\\/\\\/www.lfsl.net\\\/sv\\\/modaliteter-for-pedagogisk-kontinuitet\\\/\"]}]},{\"@type\":\"ImageObject\",\"inLanguage\":\"sv-SE\",\"@id\":\"https:\\\/\\\/www.lfsl.net\\\/sv\\\/modaliteter-for-pedagogisk-kontinuitet\\\/#primaryimage\",\"url\":\"https:\\\/\\\/www.lfsl.net\\\/wp-content\\\/uploads\\\/2020\\\/03\\\/studying-at-home_crop.jpg\",\"contentUrl\":\"https:\\\/\\\/www.lfsl.net\\\/wp-content\\\/uploads\\\/2020\\\/03\\\/studying-at-home_crop.jpg\",\"width\":1880,\"height\":1058},{\"@type\":\"BreadcrumbList\",\"@id\":\"https:\\\/\\\/www.lfsl.net\\\/sv\\\/modaliteter-for-pedagogisk-kontinuitet\\\/#breadcrumb\",\"itemListElement\":[{\"@type\":\"ListItem\",\"position\":1,\"name\":\"Home\",\"item\":\"https:\\\/\\\/www.lfsl.net\\\/sv\\\/\"},{\"@type\":\"ListItem\",\"position\":2,\"name\":\"Modaliteter f\u00f6r pedagogisk kontinuitet\"}]},{\"@type\":\"WebSite\",\"@id\":\"https:\\\/\\\/www.lfsl.net\\\/sv\\\/#website\",\"url\":\"https:\\\/\\\/www.lfsl.net\\\/sv\\\/\",\"name\":\"Lyc\u00e9e Fran\u00e7ais Saint Louis de Stockholm\",\"description\":\"\u00c9tablissement membre du r\u00e9seau AEFE\",\"publisher\":{\"@id\":\"https:\\\/\\\/www.lfsl.net\\\/sv\\\/#organization\"},\"potentialAction\":[{\"@type\":\"SearchAction\",\"target\":{\"@type\":\"EntryPoint\",\"urlTemplate\":\"https:\\\/\\\/www.lfsl.net\\\/sv\\\/?s={search_term_string}\"},\"query-input\":{\"@type\":\"PropertyValueSpecification\",\"valueRequired\":true,\"valueName\":\"search_term_string\"}}],\"inLanguage\":\"sv-SE\"},{\"@type\":\"Organization\",\"@id\":\"https:\\\/\\\/www.lfsl.net\\\/sv\\\/#organization\",\"name\":\"Lyc\u00e9e Fran\u00e7ais Saint Louis\",\"url\":\"https:\\\/\\\/www.lfsl.net\\\/sv\\\/\",\"logo\":{\"@type\":\"ImageObject\",\"inLanguage\":\"sv-SE\",\"@id\":\"https:\\\/\\\/www.lfsl.net\\\/sv\\\/#\\\/schema\\\/logo\\\/image\\\/\",\"url\":\"https:\\\/\\\/www.lfsl.net\\\/wp-content\\\/uploads\\\/2021\\\/03\\\/LFSL-logo.jpg\",\"contentUrl\":\"https:\\\/\\\/www.lfsl.net\\\/wp-content\\\/uploads\\\/2021\\\/03\\\/LFSL-logo.jpg\",\"width\":330,\"height\":473,\"caption\":\"Lyc\u00e9e Fran\u00e7ais Saint Louis\"},\"image\":{\"@id\":\"https:\\\/\\\/www.lfsl.net\\\/sv\\\/#\\\/schema\\\/logo\\\/image\\\/\"},\"sameAs\":[\"https:\\\/\\\/www.facebook.com\\\/Lyc\u00e9e-Francais-Saint-Louis-182116921840529\\\/\",\"https:\\\/\\\/www.instagram.com\\\/lyceefrancaisstockholm\\\/\",\"https:\\\/\\\/www.linkedin.com\\\/school\\\/lfsl\\\/\",\"https:\\\/\\\/www.youtube.com\\\/channel\\\/UCchS4IO4jE_YY0ILwn5NgGQ\"]},{\"@type\":\"Person\",\"@id\":\"https:\\\/\\\/www.lfsl.net\\\/sv\\\/#\\\/schema\\\/person\\\/b844e4fec0b6546045ed48d495805bfc\",\"name\":\"LFSL\",\"image\":{\"@type\":\"ImageObject\",\"inLanguage\":\"sv-SE\",\"@id\":\"https:\\\/\\\/secure.gravatar.com\\\/avatar\\\/8675186c12a5532dad5f25706eb6019c936983ed4945888898482ec1904338ec?s=96&d=mm&r=g\",\"url\":\"https:\\\/\\\/secure.gravatar.com\\\/avatar\\\/8675186c12a5532dad5f25706eb6019c936983ed4945888898482ec1904338ec?s=96&d=mm&r=g\",\"contentUrl\":\"https:\\\/\\\/secure.gravatar.com\\\/avatar\\\/8675186c12a5532dad5f25706eb6019c936983ed4945888898482ec1904338ec?s=96&d=mm&r=g\",\"caption\":\"LFSL\"},\"url\":\"https:\\\/\\\/www.lfsl.net\\\/sv\\\/author\\\/lfsladmin\\\/\"}]}<\/script>\n<!-- \/ Yoast SEO plugin. -->","yoast_head_json":{"title":"Modaliteter f\u00f6r pedagogisk kontinuitet &#8211; Lyc\u00e9e Fran\u00e7ais Saint Louis de Stockholm","robots":{"index":"index","follow":"follow","max-snippet":"max-snippet:-1","max-image-preview":"max-image-preview:large","max-video-preview":"max-video-preview:-1"},"canonical":"https:\/\/www.lfsl.net\/sv\/modaliteter-for-pedagogisk-kontinuitet\/","og_locale":"sv_SE","og_type":"article","og_title":"Modaliteter f\u00f6r pedagogisk kontinuitet &#8211; Lyc\u00e9e Fran\u00e7ais Saint Louis de Stockholm","og_description":"B\u00e4sta f\u00f6r\u00e4ldrar, b\u00e4sta elever, Under denna period, d\u00e5 LFSL inte l\u00e4ngre tar emot n\u00e5gra elever i sina lokalerna, m\u00e5ste l\u00e4rarna h\u00e5lla kontakten med sina elever fr\u00e5n 6\u00e8me till Terminale och s\u00e4kerst\u00e4lla en kontinuitet i undervisningen fr\u00e5n skolan eller fr\u00e5n sitt hem. Flera l\u00e4rare tr\u00e4ffades idag f\u00f6r att diskutera pedagogisk kontinuitet och definiera n\u00e5gra huvudprinciper. Varje ... L\u00e4s mer","og_url":"https:\/\/www.lfsl.net\/sv\/modaliteter-for-pedagogisk-kontinuitet\/","og_site_name":"Lyc\u00e9e Fran\u00e7ais Saint Louis de Stockholm","article_publisher":"https:\/\/www.facebook.com\/Lyc%c3%a9e-Francais-Saint-Louis-182116921840529\/","article_published_time":"2020-03-16T17:09:24+00:00","article_modified_time":"2020-03-16T17:09:25+00:00","og_image":[{"width":1880,"height":1058,"url":"https:\/\/www.lfsl.net\/wp-content\/uploads\/2020\/03\/studying-at-home_crop.jpg","type":"image\/jpeg"}],"author":"LFSL","twitter_card":"summary_large_image","schema":{"@context":"https:\/\/schema.org","@graph":[{"@type":"Article","@id":"https:\/\/www.lfsl.net\/sv\/modaliteter-for-pedagogisk-kontinuitet\/#article","isPartOf":{"@id":"https:\/\/www.lfsl.net\/sv\/modaliteter-for-pedagogisk-kontinuitet\/"},"author":{"name":"LFSL","@id":"https:\/\/www.lfsl.net\/sv\/#\/schema\/person\/b844e4fec0b6546045ed48d495805bfc"},"headline":"Modaliteter f\u00f6r pedagogisk kontinuitet","datePublished":"2020-03-16T17:09:24+00:00","dateModified":"2020-03-16T17:09:25+00:00","mainEntityOfPage":{"@id":"https:\/\/www.lfsl.net\/sv\/modaliteter-for-pedagogisk-kontinuitet\/"},"wordCount":380,"publisher":{"@id":"https:\/\/www.lfsl.net\/sv\/#organization"},"image":{"@id":"https:\/\/www.lfsl.net\/sv\/modaliteter-for-pedagogisk-kontinuitet\/#primaryimage"},"thumbnailUrl":"https:\/\/www.lfsl.net\/wp-content\/uploads\/2020\/03\/studying-at-home_crop.jpg","articleSection":["Okategoriserad"],"inLanguage":"sv-SE"},{"@type":"WebPage","@id":"https:\/\/www.lfsl.net\/sv\/modaliteter-for-pedagogisk-kontinuitet\/","url":"https:\/\/www.lfsl.net\/sv\/modaliteter-for-pedagogisk-kontinuitet\/","name":"Modaliteter f\u00f6r pedagogisk kontinuitet &#8211; Lyc\u00e9e Fran\u00e7ais Saint Louis de Stockholm","isPartOf":{"@id":"https:\/\/www.lfsl.net\/sv\/#website"},"primaryImageOfPage":{"@id":"https:\/\/www.lfsl.net\/sv\/modaliteter-for-pedagogisk-kontinuitet\/#primaryimage"},"image":{"@id":"https:\/\/www.lfsl.net\/sv\/modaliteter-for-pedagogisk-kontinuitet\/#primaryimage"},"thumbnailUrl":"https:\/\/www.lfsl.net\/wp-content\/uploads\/2020\/03\/studying-at-home_crop.jpg","datePublished":"2020-03-16T17:09:24+00:00","dateModified":"2020-03-16T17:09:25+00:00","breadcrumb":{"@id":"https:\/\/www.lfsl.net\/sv\/modaliteter-for-pedagogisk-kontinuitet\/#breadcrumb"},"inLanguage":"sv-SE","potentialAction":[{"@type":"ReadAction","target":["https:\/\/www.lfsl.net\/sv\/modaliteter-for-pedagogisk-kontinuitet\/"]}]},{"@type":"ImageObject","inLanguage":"sv-SE","@id":"https:\/\/www.lfsl.net\/sv\/modaliteter-for-pedagogisk-kontinuitet\/#primaryimage","url":"https:\/\/www.lfsl.net\/wp-content\/uploads\/2020\/03\/studying-at-home_crop.jpg","contentUrl":"https:\/\/www.lfsl.net\/wp-content\/uploads\/2020\/03\/studying-at-home_crop.jpg","width":1880,"height":1058},{"@type":"BreadcrumbList","@id":"https:\/\/www.lfsl.net\/sv\/modaliteter-for-pedagogisk-kontinuitet\/#breadcrumb","itemListElement":[{"@type":"ListItem","position":1,"name":"Home","item":"https:\/\/www.lfsl.net\/sv\/"},{"@type":"ListItem","position":2,"name":"Modaliteter f\u00f6r pedagogisk kontinuitet"}]},{"@type":"WebSite","@id":"https:\/\/www.lfsl.net\/sv\/#website","url":"https:\/\/www.lfsl.net\/sv\/","name":"Lyc\u00e9e Fran\u00e7ais Saint Louis de Stockholm","description":"\u00c9tablissement membre du r\u00e9seau AEFE","publisher":{"@id":"https:\/\/www.lfsl.net\/sv\/#organization"},"potentialAction":[{"@type":"SearchAction","target":{"@type":"EntryPoint","urlTemplate":"https:\/\/www.lfsl.net\/sv\/?s={search_term_string}"},"query-input":{"@type":"PropertyValueSpecification","valueRequired":true,"valueName":"search_term_string"}}],"inLanguage":"sv-SE"},{"@type":"Organization","@id":"https:\/\/www.lfsl.net\/sv\/#organization","name":"Lyc\u00e9e Fran\u00e7ais Saint Louis","url":"https:\/\/www.lfsl.net\/sv\/","logo":{"@type":"ImageObject","inLanguage":"sv-SE","@id":"https:\/\/www.lfsl.net\/sv\/#\/schema\/logo\/image\/","url":"https:\/\/www.lfsl.net\/wp-content\/uploads\/2021\/03\/LFSL-logo.jpg","contentUrl":"https:\/\/www.lfsl.net\/wp-content\/uploads\/2021\/03\/LFSL-logo.jpg","width":330,"height":473,"caption":"Lyc\u00e9e Fran\u00e7ais Saint Louis"},"image":{"@id":"https:\/\/www.lfsl.net\/sv\/#\/schema\/logo\/image\/"},"sameAs":["https:\/\/www.facebook.com\/Lyc\u00e9e-Francais-Saint-Louis-182116921840529\/","https:\/\/www.instagram.com\/lyceefrancaisstockholm\/","https:\/\/www.linkedin.com\/school\/lfsl\/","https:\/\/www.youtube.com\/channel\/UCchS4IO4jE_YY0ILwn5NgGQ"]},{"@type":"Person","@id":"https:\/\/www.lfsl.net\/sv\/#\/schema\/person\/b844e4fec0b6546045ed48d495805bfc","name":"LFSL","image":{"@type":"ImageObject","inLanguage":"sv-SE","@id":"https:\/\/secure.gravatar.com\/avatar\/8675186c12a5532dad5f25706eb6019c936983ed4945888898482ec1904338ec?s=96&d=mm&r=g","url":"https:\/\/secure.gravatar.com\/avatar\/8675186c12a5532dad5f25706eb6019c936983ed4945888898482ec1904338ec?s=96&d=mm&r=g","contentUrl":"https:\/\/secure.gravatar.com\/avatar\/8675186c12a5532dad5f25706eb6019c936983ed4945888898482ec1904338ec?s=96&d=mm&r=g","caption":"LFSL"},"url":"https:\/\/www.lfsl.net\/sv\/author\/lfsladmin\/"}]}},"_links":{"self":[{"href":"https:\/\/www.lfsl.net\/sv\/wp-json\/wp\/v2\/posts\/6952","targetHints":{"allow":["GET"]}}],"collection":[{"href":"https:\/\/www.lfsl.net\/sv\/wp-json\/wp\/v2\/posts"}],"about":[{"href":"https:\/\/www.lfsl.net\/sv\/wp-json\/wp\/v2\/types\/post"}],"author":[{"embeddable":true,"href":"https:\/\/www.lfsl.net\/sv\/wp-json\/wp\/v2\/users\/1"}],"replies":[{"embeddable":true,"href":"https:\/\/www.lfsl.net\/sv\/wp-json\/wp\/v2\/comments?post=6952"}],"version-history":[{"count":1,"href":"https:\/\/www.lfsl.net\/sv\/wp-json\/wp\/v2\/posts\/6952\/revisions"}],"predecessor-version":[{"id":6953,"href":"https:\/\/www.lfsl.net\/sv\/wp-json\/wp\/v2\/posts\/6952\/revisions\/6953"}],"wp:featuredmedia":[{"embeddable":true,"href":"https:\/\/www.lfsl.net\/sv\/wp-json\/wp\/v2\/media\/6942"}],"wp:attachment":[{"href":"https:\/\/www.lfsl.net\/sv\/wp-json\/wp\/v2\/media?parent=6952"}],"wp:term":[{"taxonomy":"category","embeddable":true,"href":"https:\/\/www.lfsl.net\/sv\/wp-json\/wp\/v2\/categories?post=6952"},{"taxonomy":"post_tag","embeddable":true,"href":"https:\/\/www.lfsl.net\/sv\/wp-json\/wp\/v2\/tags?post=6952"}],"curies":[{"name":"wp","href":"https:\/\/api.w.org\/{rel}","templated":true}]}}