{"id":7144,"date":"2020-04-10T14:39:29","date_gmt":"2020-04-10T14:39:29","guid":{"rendered":"https:\/\/www.lfsl.net\/?p=7144"},"modified":"2020-04-10T14:48:00","modified_gmt":"2020-04-10T14:48:00","slug":"covid-19-information-innan-lovet","status":"publish","type":"post","link":"https:\/\/www.lfsl.net\/sv\/covid-19-information-innan-lovet\/","title":{"rendered":"Covid-19 information innan lovet"},"content":{"rendered":"\n<p>K\u00e4ra l\u00e4rare, k\u00e4ra f\u00f6r\u00e4ldrar, k\u00e4ra elever,<\/p>\n\n\n\n<p>Den fj\u00e4rde veckan med distansutbildning har g\u00e5tt och jag noterar det arbete som uppn\u00e5tts av var och en f\u00f6r att s\u00e4kerst\u00e4lla dess framg\u00e5ng: l\u00e4rarnas engagemang, elevernas uth\u00e5llighet och f\u00f6r\u00e4ldrarnas st\u00f6d. Jag vill uppriktigt tacka er alla f\u00f6r ert engagemang och ert st\u00f6d.<\/p>\n\n\n\n<p>Skolkalendern ger oss tv\u00e5 veckors paus i distansundervisningen fr\u00e5n och med sk\u00e4rtorsdag kv\u00e4ll.<br>Fr\u00e5gor st\u00e4lls redan betr\u00e4ffande 27 april. Situationen utvecklas varje dag, vilket inneb\u00e4r att det \u00e4r sv\u00e5rt att planera i 15 dagar fram\u00e5t.<br>Styrelsen kommer att tr\u00e4ffas under den andra veckan p\u00e5 lovet f\u00f6r att fatta l\u00e4mpliga beslut. Vi delar nedan, f\u00f6r transparens, de olika alternativen.<\/p>\n\n\n\n<p><strong>Hypotes 1: Skolorna i Sverige st\u00e4ngs<\/strong><br>Regeringen inf\u00f6rde en ny lag i parlamentet f\u00f6r att kunna vidta n\u00f6dv\u00e4ndiga \u00e5tg\u00e4rder baserade p\u00e5 h\u00e4lsosituationen i Sverige. Vi har f\u00f6r n\u00e4rvarande ingen insyn betr\u00e4ffande regeringens beslut under de kommande tv\u00e5 veckorna. Om ett beslut att st\u00e4nga skolor fattas kommer distansutbildningen vid LFSL att forts\u00e4tta fr\u00e5n 27 april.<\/p>\n\n\n\n<p><strong>Hypotes 2: Svenska skolor f\u00f6rblir \u00f6ppna men h\u00e4lsosituationen \u00e4r fortfarande kritisk<\/strong><br>Om h\u00e4lsosituationen fortfarande \u00e4r kritisk eller f\u00f6rv\u00e4rras, kommer sk\u00e4len f\u00f6r att inr\u00e4tta distansutbildning p\u00e5 LFSL fortfarande vara giltiga.<br>Som en Internationell skola \u00e4r eleverna och personalen spridda \u00f6ver hela Stockholm (och i n\u00e4rliggande st\u00e4der), och att f\u00e5 dem att resa varje dag f\u00f6r att \u00e5ka till skolan skulle det strida mot h\u00e4lsomyndigheternas rekommendationer om att begr\u00e4nsa resor och anv\u00e4ndning av kollektivtrafik.<br>Men vi \u00e4r medvetna om sv\u00e5righeterna som distansundervisning inneb\u00e4r f\u00f6r vissa familjer. Efter lovet kommer personalrepresentanter att tr\u00e4ffas f\u00f6r att diskutera med ledningen de s\u00e4kerhets\u00e5tg\u00e4rder som kr\u00e4vs f\u00f6r att kunna ta emot vissa elever p\u00e5 skolan. Vi m\u00e5ste innan dess genomf\u00f6ra ett CHSCT-m\u00f6te (en kommitt\u00e9 f\u00f6r h\u00e4lsa och s\u00e4kerhet och arbetsvillkor). Vi \u00e5terkommer till er n\u00e4r detta m\u00f6tet har slutf\u00f6rts.<br>F\u00f6r er information s\u00e5 har LFSL inte den n\u00f6dv\u00e4ndiga utrustningen f\u00f6r att kunna tillhandah\u00e5lla distansutbildning f\u00f6r en del av eleverna och undervisning i klassrummen f\u00f6r en annan del. F\u00f6ljaktligen, om det skulle g\u00e5 att ta emot vissa elever, skulle det bara vara f\u00f6r att h\u00e5lla dem under uppsikt och undervisningen skulle forts\u00e4tta p\u00e5 distans.<\/p>\n\n\n\n<p><strong>Hypotes 3: H\u00e4lsosituationen f\u00f6rb\u00e4ttras<\/strong><br>Om h\u00e4lsosituationen f\u00f6rb\u00e4ttras kommer vi ocks\u00e5 att tillsammans med personalens representanter utv\u00e4rdera hur man ska g\u00e5 tillv\u00e4ga f\u00f6r att \u00f6ppna byggnaden igen. Det kommer att vara n\u00f6dv\u00e4ndigt att se till att alla s\u00e4kerhets\u00e5tg\u00e4rderna respekteras och vi kommer ta den tid som kr\u00e4vs f\u00f6r att organisera ett mottagande av eleverna under de b\u00e4sta f\u00f6rh\u00e5llandena och f\u00f6r att s\u00e4kerst\u00e4lla s\u00e4kerhet f\u00f6r dem och personalen.<\/p>\n\n\n\n<p>Vi \u00e5terkommer till er under lovet f\u00f6r att informera er om de beslut som fattas.<\/p>\n\n\n\n<p>Vi vill ocks\u00e5 informera er om att det kommer att finnas en jour under lovet: <\/p>\n\n\n\n<ul class=\"wp-block-list\"><li>Psykologiskt st\u00f6d kommer att erbjudas av Kajsa Niklasson den f\u00f6rsta veckan och av alla i elevh\u00e4lsan och Vie Scolaire under den andra veckan, tveka inte att kontakta dem.<\/li><li>Gruppen som hanterar av Covid19 kommer alltid att vara aktiv och ni kan skicka era fr\u00e5gor till <a aria-label=\"covid19@lfsl.net (opens in a new tab)\" rel=\"noreferrer noopener\" href=\"mailto:covid19@lfsl.net\" target=\"_blank\">covid19@lfsl.net<\/a>, vi besvarar alla fr\u00e5gor s\u00e5 l\u00e5ngt det \u00e4r m\u00f6jligt.<\/li><\/ul>\n\n\n\n<p>Jag \u00f6nskar er alla en glad p\u00e5sk, ta hand om er och era n\u00e4ra och k\u00e4ra.<br>Jag \u00f6nskar eleverna ett fint lov, ta en paus och njut av de f\u00f6rsta v\u00e5rdagarna!<\/p>\n\n\n\n<p>H\u00e4lsningar,<br>Laurent Cantuel<br>Rektor<\/p>\n","protected":false},"excerpt":{"rendered":"<p>K\u00e4ra l\u00e4rare, k\u00e4ra f\u00f6r\u00e4ldrar, k\u00e4ra elever, Den fj\u00e4rde veckan med distansutbildning har g\u00e5tt och jag noterar det arbete som uppn\u00e5tts av var och en f\u00f6r att s\u00e4kerst\u00e4lla dess framg\u00e5ng: l\u00e4rarnas engagemang, elevernas uth\u00e5llighet och f\u00f6r\u00e4ldrarnas st\u00f6d. Jag vill uppriktigt tacka er alla f\u00f6r ert engagemang och ert st\u00f6d. Skolkalendern ger oss tv\u00e5 veckors paus i &#8230; <\/p>\n<p class=\"read-more-container\"><a title=\"Covid-19 information innan lovet\" class=\"read-more button\" href=\"https:\/\/www.lfsl.net\/sv\/covid-19-information-innan-lovet\/#more-7144\" aria-label=\"L\u00e4s mer om Covid-19 information innan lovet\">L\u00e4s mer<\/a><\/p>\n","protected":false},"author":1,"featured_media":6905,"comment_status":"closed","ping_status":"closed","sticky":false,"template":"","format":"standard","meta":{"footnotes":""},"categories":[7],"tags":[],"class_list":["post-7144","post","type-post","status-publish","format-standard","has-post-thumbnail","hentry","category-okategoriserad"],"yoast_head":"<!-- This site is optimized with the Yoast SEO plugin v27.4 - https:\/\/yoast.com\/product\/yoast-seo-wordpress\/ -->\n<title>Covid-19 information innan lovet &#8211; Lyc\u00e9e Fran\u00e7ais Saint Louis de Stockholm<\/title>\n<meta name=\"robots\" content=\"index, follow, max-snippet:-1, max-image-preview:large, max-video-preview:-1\" \/>\n<link rel=\"canonical\" href=\"https:\/\/www.lfsl.net\/sv\/covid-19-information-innan-lovet\/\" \/>\n<meta property=\"og:locale\" content=\"sv_SE\" \/>\n<meta property=\"og:type\" content=\"article\" \/>\n<meta property=\"og:title\" content=\"Covid-19 information innan lovet &#8211; Lyc\u00e9e Fran\u00e7ais Saint Louis de Stockholm\" \/>\n<meta property=\"og:description\" content=\"K\u00e4ra l\u00e4rare, k\u00e4ra f\u00f6r\u00e4ldrar, k\u00e4ra elever, Den fj\u00e4rde veckan med distansutbildning har g\u00e5tt och jag noterar det arbete som uppn\u00e5tts av var och en f\u00f6r att s\u00e4kerst\u00e4lla dess framg\u00e5ng: l\u00e4rarnas engagemang, elevernas uth\u00e5llighet och f\u00f6r\u00e4ldrarnas st\u00f6d. Jag vill uppriktigt tacka er alla f\u00f6r ert engagemang och ert st\u00f6d. Skolkalendern ger oss tv\u00e5 veckors paus i ... L\u00e4s mer\" \/>\n<meta property=\"og:url\" content=\"https:\/\/www.lfsl.net\/sv\/covid-19-information-innan-lovet\/\" \/>\n<meta property=\"og:site_name\" content=\"Lyc\u00e9e Fran\u00e7ais Saint Louis de Stockholm\" \/>\n<meta property=\"article:publisher\" content=\"https:\/\/www.facebook.com\/Lyc%c3%a9e-Francais-Saint-Louis-182116921840529\/\" \/>\n<meta property=\"article:published_time\" content=\"2020-04-10T14:39:29+00:00\" \/>\n<meta property=\"article:modified_time\" content=\"2020-04-10T14:48:00+00:00\" \/>\n<meta property=\"og:image\" content=\"https:\/\/www.lfsl.net\/wp-content\/uploads\/2020\/03\/lsfl_logo-minimal_crop.jpg\" \/>\n\t<meta property=\"og:image:width\" content=\"1440\" \/>\n\t<meta property=\"og:image:height\" content=\"810\" \/>\n\t<meta property=\"og:image:type\" content=\"image\/jpeg\" \/>\n<meta name=\"author\" content=\"LFSL\" \/>\n<meta name=\"twitter:card\" content=\"summary_large_image\" \/>\n<script type=\"application\/ld+json\" class=\"yoast-schema-graph\">{\"@context\":\"https:\\\/\\\/schema.org\",\"@graph\":[{\"@type\":\"Article\",\"@id\":\"https:\\\/\\\/www.lfsl.net\\\/sv\\\/covid-19-information-innan-lovet\\\/#article\",\"isPartOf\":{\"@id\":\"https:\\\/\\\/www.lfsl.net\\\/sv\\\/covid-19-information-innan-lovet\\\/\"},\"author\":{\"name\":\"LFSL\",\"@id\":\"https:\\\/\\\/www.lfsl.net\\\/sv\\\/#\\\/schema\\\/person\\\/b844e4fec0b6546045ed48d495805bfc\"},\"headline\":\"Covid-19 information innan lovet\",\"datePublished\":\"2020-04-10T14:39:29+00:00\",\"dateModified\":\"2020-04-10T14:48:00+00:00\",\"mainEntityOfPage\":{\"@id\":\"https:\\\/\\\/www.lfsl.net\\\/sv\\\/covid-19-information-innan-lovet\\\/\"},\"wordCount\":659,\"publisher\":{\"@id\":\"https:\\\/\\\/www.lfsl.net\\\/sv\\\/#organization\"},\"image\":{\"@id\":\"https:\\\/\\\/www.lfsl.net\\\/sv\\\/covid-19-information-innan-lovet\\\/#primaryimage\"},\"thumbnailUrl\":\"https:\\\/\\\/www.lfsl.net\\\/wp-content\\\/uploads\\\/2020\\\/03\\\/lsfl_logo-minimal_crop.jpg\",\"articleSection\":[\"Okategoriserad\"],\"inLanguage\":\"sv-SE\"},{\"@type\":\"WebPage\",\"@id\":\"https:\\\/\\\/www.lfsl.net\\\/sv\\\/covid-19-information-innan-lovet\\\/\",\"url\":\"https:\\\/\\\/www.lfsl.net\\\/sv\\\/covid-19-information-innan-lovet\\\/\",\"name\":\"Covid-19 information innan lovet &#8211; Lyc\u00e9e Fran\u00e7ais Saint Louis de Stockholm\",\"isPartOf\":{\"@id\":\"https:\\\/\\\/www.lfsl.net\\\/sv\\\/#website\"},\"primaryImageOfPage\":{\"@id\":\"https:\\\/\\\/www.lfsl.net\\\/sv\\\/covid-19-information-innan-lovet\\\/#primaryimage\"},\"image\":{\"@id\":\"https:\\\/\\\/www.lfsl.net\\\/sv\\\/covid-19-information-innan-lovet\\\/#primaryimage\"},\"thumbnailUrl\":\"https:\\\/\\\/www.lfsl.net\\\/wp-content\\\/uploads\\\/2020\\\/03\\\/lsfl_logo-minimal_crop.jpg\",\"datePublished\":\"2020-04-10T14:39:29+00:00\",\"dateModified\":\"2020-04-10T14:48:00+00:00\",\"breadcrumb\":{\"@id\":\"https:\\\/\\\/www.lfsl.net\\\/sv\\\/covid-19-information-innan-lovet\\\/#breadcrumb\"},\"inLanguage\":\"sv-SE\",\"potentialAction\":[{\"@type\":\"ReadAction\",\"target\":[\"https:\\\/\\\/www.lfsl.net\\\/sv\\\/covid-19-information-innan-lovet\\\/\"]}]},{\"@type\":\"ImageObject\",\"inLanguage\":\"sv-SE\",\"@id\":\"https:\\\/\\\/www.lfsl.net\\\/sv\\\/covid-19-information-innan-lovet\\\/#primaryimage\",\"url\":\"https:\\\/\\\/www.lfsl.net\\\/wp-content\\\/uploads\\\/2020\\\/03\\\/lsfl_logo-minimal_crop.jpg\",\"contentUrl\":\"https:\\\/\\\/www.lfsl.net\\\/wp-content\\\/uploads\\\/2020\\\/03\\\/lsfl_logo-minimal_crop.jpg\",\"width\":1440,\"height\":810},{\"@type\":\"BreadcrumbList\",\"@id\":\"https:\\\/\\\/www.lfsl.net\\\/sv\\\/covid-19-information-innan-lovet\\\/#breadcrumb\",\"itemListElement\":[{\"@type\":\"ListItem\",\"position\":1,\"name\":\"Home\",\"item\":\"https:\\\/\\\/www.lfsl.net\\\/sv\\\/\"},{\"@type\":\"ListItem\",\"position\":2,\"name\":\"Covid-19 information innan lovet\"}]},{\"@type\":\"WebSite\",\"@id\":\"https:\\\/\\\/www.lfsl.net\\\/sv\\\/#website\",\"url\":\"https:\\\/\\\/www.lfsl.net\\\/sv\\\/\",\"name\":\"Lyc\u00e9e Fran\u00e7ais Saint Louis de Stockholm\",\"description\":\"\u00c9tablissement membre du r\u00e9seau AEFE\",\"publisher\":{\"@id\":\"https:\\\/\\\/www.lfsl.net\\\/sv\\\/#organization\"},\"potentialAction\":[{\"@type\":\"SearchAction\",\"target\":{\"@type\":\"EntryPoint\",\"urlTemplate\":\"https:\\\/\\\/www.lfsl.net\\\/sv\\\/?s={search_term_string}\"},\"query-input\":{\"@type\":\"PropertyValueSpecification\",\"valueRequired\":true,\"valueName\":\"search_term_string\"}}],\"inLanguage\":\"sv-SE\"},{\"@type\":\"Organization\",\"@id\":\"https:\\\/\\\/www.lfsl.net\\\/sv\\\/#organization\",\"name\":\"Lyc\u00e9e Fran\u00e7ais Saint Louis\",\"url\":\"https:\\\/\\\/www.lfsl.net\\\/sv\\\/\",\"logo\":{\"@type\":\"ImageObject\",\"inLanguage\":\"sv-SE\",\"@id\":\"https:\\\/\\\/www.lfsl.net\\\/sv\\\/#\\\/schema\\\/logo\\\/image\\\/\",\"url\":\"https:\\\/\\\/www.lfsl.net\\\/wp-content\\\/uploads\\\/2021\\\/03\\\/LFSL-logo.jpg\",\"contentUrl\":\"https:\\\/\\\/www.lfsl.net\\\/wp-content\\\/uploads\\\/2021\\\/03\\\/LFSL-logo.jpg\",\"width\":330,\"height\":473,\"caption\":\"Lyc\u00e9e Fran\u00e7ais Saint Louis\"},\"image\":{\"@id\":\"https:\\\/\\\/www.lfsl.net\\\/sv\\\/#\\\/schema\\\/logo\\\/image\\\/\"},\"sameAs\":[\"https:\\\/\\\/www.facebook.com\\\/Lyc\u00e9e-Francais-Saint-Louis-182116921840529\\\/\",\"https:\\\/\\\/www.instagram.com\\\/lyceefrancaisstockholm\\\/\",\"https:\\\/\\\/www.linkedin.com\\\/school\\\/lfsl\\\/\",\"https:\\\/\\\/www.youtube.com\\\/channel\\\/UCchS4IO4jE_YY0ILwn5NgGQ\"]},{\"@type\":\"Person\",\"@id\":\"https:\\\/\\\/www.lfsl.net\\\/sv\\\/#\\\/schema\\\/person\\\/b844e4fec0b6546045ed48d495805bfc\",\"name\":\"LFSL\",\"image\":{\"@type\":\"ImageObject\",\"inLanguage\":\"sv-SE\",\"@id\":\"https:\\\/\\\/secure.gravatar.com\\\/avatar\\\/8675186c12a5532dad5f25706eb6019c936983ed4945888898482ec1904338ec?s=96&d=mm&r=g\",\"url\":\"https:\\\/\\\/secure.gravatar.com\\\/avatar\\\/8675186c12a5532dad5f25706eb6019c936983ed4945888898482ec1904338ec?s=96&d=mm&r=g\",\"contentUrl\":\"https:\\\/\\\/secure.gravatar.com\\\/avatar\\\/8675186c12a5532dad5f25706eb6019c936983ed4945888898482ec1904338ec?s=96&d=mm&r=g\",\"caption\":\"LFSL\"},\"url\":\"https:\\\/\\\/www.lfsl.net\\\/sv\\\/author\\\/lfsladmin\\\/\"}]}<\/script>\n<!-- \/ Yoast SEO plugin. -->","yoast_head_json":{"title":"Covid-19 information innan lovet &#8211; Lyc\u00e9e Fran\u00e7ais Saint Louis de Stockholm","robots":{"index":"index","follow":"follow","max-snippet":"max-snippet:-1","max-image-preview":"max-image-preview:large","max-video-preview":"max-video-preview:-1"},"canonical":"https:\/\/www.lfsl.net\/sv\/covid-19-information-innan-lovet\/","og_locale":"sv_SE","og_type":"article","og_title":"Covid-19 information innan lovet &#8211; Lyc\u00e9e Fran\u00e7ais Saint Louis de Stockholm","og_description":"K\u00e4ra l\u00e4rare, k\u00e4ra f\u00f6r\u00e4ldrar, k\u00e4ra elever, Den fj\u00e4rde veckan med distansutbildning har g\u00e5tt och jag noterar det arbete som uppn\u00e5tts av var och en f\u00f6r att s\u00e4kerst\u00e4lla dess framg\u00e5ng: l\u00e4rarnas engagemang, elevernas uth\u00e5llighet och f\u00f6r\u00e4ldrarnas st\u00f6d. Jag vill uppriktigt tacka er alla f\u00f6r ert engagemang och ert st\u00f6d. Skolkalendern ger oss tv\u00e5 veckors paus i ... L\u00e4s mer","og_url":"https:\/\/www.lfsl.net\/sv\/covid-19-information-innan-lovet\/","og_site_name":"Lyc\u00e9e Fran\u00e7ais Saint Louis de Stockholm","article_publisher":"https:\/\/www.facebook.com\/Lyc%c3%a9e-Francais-Saint-Louis-182116921840529\/","article_published_time":"2020-04-10T14:39:29+00:00","article_modified_time":"2020-04-10T14:48:00+00:00","og_image":[{"width":1440,"height":810,"url":"https:\/\/www.lfsl.net\/wp-content\/uploads\/2020\/03\/lsfl_logo-minimal_crop.jpg","type":"image\/jpeg"}],"author":"LFSL","twitter_card":"summary_large_image","schema":{"@context":"https:\/\/schema.org","@graph":[{"@type":"Article","@id":"https:\/\/www.lfsl.net\/sv\/covid-19-information-innan-lovet\/#article","isPartOf":{"@id":"https:\/\/www.lfsl.net\/sv\/covid-19-information-innan-lovet\/"},"author":{"name":"LFSL","@id":"https:\/\/www.lfsl.net\/sv\/#\/schema\/person\/b844e4fec0b6546045ed48d495805bfc"},"headline":"Covid-19 information innan lovet","datePublished":"2020-04-10T14:39:29+00:00","dateModified":"2020-04-10T14:48:00+00:00","mainEntityOfPage":{"@id":"https:\/\/www.lfsl.net\/sv\/covid-19-information-innan-lovet\/"},"wordCount":659,"publisher":{"@id":"https:\/\/www.lfsl.net\/sv\/#organization"},"image":{"@id":"https:\/\/www.lfsl.net\/sv\/covid-19-information-innan-lovet\/#primaryimage"},"thumbnailUrl":"https:\/\/www.lfsl.net\/wp-content\/uploads\/2020\/03\/lsfl_logo-minimal_crop.jpg","articleSection":["Okategoriserad"],"inLanguage":"sv-SE"},{"@type":"WebPage","@id":"https:\/\/www.lfsl.net\/sv\/covid-19-information-innan-lovet\/","url":"https:\/\/www.lfsl.net\/sv\/covid-19-information-innan-lovet\/","name":"Covid-19 information innan lovet &#8211; Lyc\u00e9e Fran\u00e7ais Saint Louis de Stockholm","isPartOf":{"@id":"https:\/\/www.lfsl.net\/sv\/#website"},"primaryImageOfPage":{"@id":"https:\/\/www.lfsl.net\/sv\/covid-19-information-innan-lovet\/#primaryimage"},"image":{"@id":"https:\/\/www.lfsl.net\/sv\/covid-19-information-innan-lovet\/#primaryimage"},"thumbnailUrl":"https:\/\/www.lfsl.net\/wp-content\/uploads\/2020\/03\/lsfl_logo-minimal_crop.jpg","datePublished":"2020-04-10T14:39:29+00:00","dateModified":"2020-04-10T14:48:00+00:00","breadcrumb":{"@id":"https:\/\/www.lfsl.net\/sv\/covid-19-information-innan-lovet\/#breadcrumb"},"inLanguage":"sv-SE","potentialAction":[{"@type":"ReadAction","target":["https:\/\/www.lfsl.net\/sv\/covid-19-information-innan-lovet\/"]}]},{"@type":"ImageObject","inLanguage":"sv-SE","@id":"https:\/\/www.lfsl.net\/sv\/covid-19-information-innan-lovet\/#primaryimage","url":"https:\/\/www.lfsl.net\/wp-content\/uploads\/2020\/03\/lsfl_logo-minimal_crop.jpg","contentUrl":"https:\/\/www.lfsl.net\/wp-content\/uploads\/2020\/03\/lsfl_logo-minimal_crop.jpg","width":1440,"height":810},{"@type":"BreadcrumbList","@id":"https:\/\/www.lfsl.net\/sv\/covid-19-information-innan-lovet\/#breadcrumb","itemListElement":[{"@type":"ListItem","position":1,"name":"Home","item":"https:\/\/www.lfsl.net\/sv\/"},{"@type":"ListItem","position":2,"name":"Covid-19 information innan lovet"}]},{"@type":"WebSite","@id":"https:\/\/www.lfsl.net\/sv\/#website","url":"https:\/\/www.lfsl.net\/sv\/","name":"Lyc\u00e9e Fran\u00e7ais Saint Louis de Stockholm","description":"\u00c9tablissement membre du r\u00e9seau AEFE","publisher":{"@id":"https:\/\/www.lfsl.net\/sv\/#organization"},"potentialAction":[{"@type":"SearchAction","target":{"@type":"EntryPoint","urlTemplate":"https:\/\/www.lfsl.net\/sv\/?s={search_term_string}"},"query-input":{"@type":"PropertyValueSpecification","valueRequired":true,"valueName":"search_term_string"}}],"inLanguage":"sv-SE"},{"@type":"Organization","@id":"https:\/\/www.lfsl.net\/sv\/#organization","name":"Lyc\u00e9e Fran\u00e7ais Saint Louis","url":"https:\/\/www.lfsl.net\/sv\/","logo":{"@type":"ImageObject","inLanguage":"sv-SE","@id":"https:\/\/www.lfsl.net\/sv\/#\/schema\/logo\/image\/","url":"https:\/\/www.lfsl.net\/wp-content\/uploads\/2021\/03\/LFSL-logo.jpg","contentUrl":"https:\/\/www.lfsl.net\/wp-content\/uploads\/2021\/03\/LFSL-logo.jpg","width":330,"height":473,"caption":"Lyc\u00e9e Fran\u00e7ais Saint Louis"},"image":{"@id":"https:\/\/www.lfsl.net\/sv\/#\/schema\/logo\/image\/"},"sameAs":["https:\/\/www.facebook.com\/Lyc\u00e9e-Francais-Saint-Louis-182116921840529\/","https:\/\/www.instagram.com\/lyceefrancaisstockholm\/","https:\/\/www.linkedin.com\/school\/lfsl\/","https:\/\/www.youtube.com\/channel\/UCchS4IO4jE_YY0ILwn5NgGQ"]},{"@type":"Person","@id":"https:\/\/www.lfsl.net\/sv\/#\/schema\/person\/b844e4fec0b6546045ed48d495805bfc","name":"LFSL","image":{"@type":"ImageObject","inLanguage":"sv-SE","@id":"https:\/\/secure.gravatar.com\/avatar\/8675186c12a5532dad5f25706eb6019c936983ed4945888898482ec1904338ec?s=96&d=mm&r=g","url":"https:\/\/secure.gravatar.com\/avatar\/8675186c12a5532dad5f25706eb6019c936983ed4945888898482ec1904338ec?s=96&d=mm&r=g","contentUrl":"https:\/\/secure.gravatar.com\/avatar\/8675186c12a5532dad5f25706eb6019c936983ed4945888898482ec1904338ec?s=96&d=mm&r=g","caption":"LFSL"},"url":"https:\/\/www.lfsl.net\/sv\/author\/lfsladmin\/"}]}},"_links":{"self":[{"href":"https:\/\/www.lfsl.net\/sv\/wp-json\/wp\/v2\/posts\/7144","targetHints":{"allow":["GET"]}}],"collection":[{"href":"https:\/\/www.lfsl.net\/sv\/wp-json\/wp\/v2\/posts"}],"about":[{"href":"https:\/\/www.lfsl.net\/sv\/wp-json\/wp\/v2\/types\/post"}],"author":[{"embeddable":true,"href":"https:\/\/www.lfsl.net\/sv\/wp-json\/wp\/v2\/users\/1"}],"replies":[{"embeddable":true,"href":"https:\/\/www.lfsl.net\/sv\/wp-json\/wp\/v2\/comments?post=7144"}],"version-history":[{"count":2,"href":"https:\/\/www.lfsl.net\/sv\/wp-json\/wp\/v2\/posts\/7144\/revisions"}],"predecessor-version":[{"id":7146,"href":"https:\/\/www.lfsl.net\/sv\/wp-json\/wp\/v2\/posts\/7144\/revisions\/7146"}],"wp:featuredmedia":[{"embeddable":true,"href":"https:\/\/www.lfsl.net\/sv\/wp-json\/wp\/v2\/media\/6905"}],"wp:attachment":[{"href":"https:\/\/www.lfsl.net\/sv\/wp-json\/wp\/v2\/media?parent=7144"}],"wp:term":[{"taxonomy":"category","embeddable":true,"href":"https:\/\/www.lfsl.net\/sv\/wp-json\/wp\/v2\/categories?post=7144"},{"taxonomy":"post_tag","embeddable":true,"href":"https:\/\/www.lfsl.net\/sv\/wp-json\/wp\/v2\/tags?post=7144"}],"curies":[{"name":"wp","href":"https:\/\/api.w.org\/{rel}","templated":true}]}}