{"id":7327,"date":"2020-05-07T13:41:27","date_gmt":"2020-05-07T13:41:27","guid":{"rendered":"https:\/\/www.lfsl.net\/?p=7327"},"modified":"2020-05-18T08:33:52","modified_gmt":"2020-05-18T08:33:52","slug":"elementaire-atergang-till-skolan","status":"publish","type":"post","link":"https:\/\/www.lfsl.net\/sv\/elementaire-atergang-till-skolan\/","title":{"rendered":"\u00c9l\u00e9mentaire &#8211; \u00e5terg\u00e5ng till skolan"},"content":{"rendered":"\n<p>K\u00e4ra familjer,<\/p>\n\n\n\n<p>Sedan vi meddelade f\u00f6rra onsdagen att undervisningen p\u00e5 l\u00e5g- och mellanstadiet \u00e5terupptas i skolans lokaler fr\u00e5n och med torsdag 7 maj, har de pedagogiska och administrativa teamen mobiliserats s\u00e5 att \u00e5terupptagandet sker under de b\u00e4sta f\u00f6rh\u00e5llandena betr\u00e4ffande v\u00e4lkomnande och s\u00e4kerhet f\u00f6r personal och studenter.<\/p>\n\n\n\n<p>Nedan hittar ni en l\u00e4nk till ett dokument som beskriver de nya metoderna och organisationen av denna &#8221;nya&#8221; skolstart, samt ett dokument som r\u00f6r undervisningen i svenska.<br>Mer exakt information kommer ocks\u00e5 att skickas till er av era barns l\u00e4rare, s\u00e4rskilt betr\u00e4ffande hur dagarna organiseras.<br><br>L\u00e4nkar:<br><a aria-label=\"LFSL - \u00c5terg\u00e5ng till skolan (p\u00e5 engelska) (opens in a new tab)\" rel=\"noreferrer noopener\" href=\"https:\/\/www.lfsl.net\/wp-content\/uploads\/2020\/05\/LFSL-Modalit\u00e9s-retour-\u00e9l\u00e9mentaire-EN.pdf\" target=\"_blank\">LFSL &#8211; \u00c5terg\u00e5ng till skolan \u00e9l\u00e9mentaire (p\u00e5 engelska)<\/a><br><a aria-label=\"Svenskundervisning \u00e9l\u00e9mentaire - maj och juni 2020 (opens in a new tab)\" rel=\"noreferrer noopener\" href=\"https:\/\/www.lfsl.net\/wp-content\/uploads\/2020\/05\/Info-organisation-mai_juin-2020-su\u00e9dois-\u00e9l\u00e9mentaire.pdf\" target=\"_blank\">Svenskundervisning \u00e9l\u00e9mentaire &#8211; maj och juni 2020<\/a><br><\/p>\n\n\n\n<p>Tack f\u00f6r att ni l\u00e4ser dessa dokument noggrant, vi vill uppm\u00e4rksamma er p\u00e5 n\u00e5gra punkter:<\/p>\n\n\n\n<ul class=\"wp-block-list\"><li>H\u00e5ll ert barn hemma om ni \u00e4r os\u00e4kra, barnens temperatur kommer att m\u00e4tas varje morgon innan barnet g\u00e5r in i skolan.<\/li><li>L\u00e4s och f\u00f6lj instruktionerna p\u00e5 de platser d\u00e4r ni kan l\u00e4mna och h\u00e4mta ert barn.<\/li><li>G\u00e5 inte in p\u00e5 skolan av n\u00e5gon anledning, om ni m\u00e5ste n\u00e5 skolan kan ni kommunicera via e-post med er kontakt eller via telefon (ni kan n\u00e5 sekretariatet p\u00e5 +46 8 441 3030) .<\/li><\/ul>\n\n\n\n<p>Dessutom vill vi ber er att ta er tid att diskutera med ert barn om villkoren f\u00f6r denna \u00e5terg\u00e5ng och g\u00f6ra dem medvetna om vilka sanit\u00e4ra \u00e5tg\u00e4rder de m\u00e5ste f\u00f6lja:<\/p>\n\n\n\n<ul class=\"wp-block-list\"><li>Tv\u00e4tta h\u00e4nderna ofta med tv\u00e5l och vatten, f\u00f6re m\u00e5ltider, efter rast och efter toalettbes\u00f6k. Anv\u00e4nd hydroalkoholgel vid behov.<\/li><li>Undvik att r\u00f6ra i ansikte och \u00f6gon.<\/li><li>Hosta eller nysa i armvecket eller i en pappersn\u00e4sduk.<\/li><li>Respektera s\u00e5 l\u00e5ngt som m\u00f6jligt avst\u00e5ndet och undvik n\u00e4ra kontakt.<\/li><\/ul>\n\n\n\n<p>Diskussioner och p\u00e5minnelser kommer att ske i klasserna tillsammans med l\u00e4rarna, men det \u00e4r viktigt att dessa instruktioner ocks\u00e5 kommer fr\u00e5n er och att ni delar dem med ert barn.<\/p>\n\n\n\n<p>Vi st\u00e5r till ert f\u00f6rfogande f\u00f6r alla fr\u00e5gor ni kan ha och \u00f6nskar v\u00e5ra l\u00e4rare och elever p\u00e5 l\u00e5g- och mellanstadiet en god \u00e5terv\u00e4ndo till skolan.<\/p>\n\n\n\n<p>H\u00e4lsningar,<\/p>\n\n\n\n<p>Laurent Cantuel &#8211; Rektor<br>Ma\u00ebl Renault &#8211; L\u00e5g- och mellanstadiechef<\/p>\n","protected":false},"excerpt":{"rendered":"<p>K\u00e4ra familjer, Sedan vi meddelade f\u00f6rra onsdagen att undervisningen p\u00e5 l\u00e5g- och mellanstadiet \u00e5terupptas i skolans lokaler fr\u00e5n och med torsdag 7 maj, har de pedagogiska och administrativa teamen mobiliserats s\u00e5 att \u00e5terupptagandet sker under de b\u00e4sta f\u00f6rh\u00e5llandena betr\u00e4ffande v\u00e4lkomnande och s\u00e4kerhet f\u00f6r personal och studenter. Nedan hittar ni en l\u00e4nk till ett dokument som &#8230; <\/p>\n<p class=\"read-more-container\"><a title=\"\u00c9l\u00e9mentaire &#8211; \u00e5terg\u00e5ng till skolan\" class=\"read-more button\" href=\"https:\/\/www.lfsl.net\/sv\/elementaire-atergang-till-skolan\/#more-7327\" aria-label=\"L\u00e4s mer om \u00c9l\u00e9mentaire &#8211; \u00e5terg\u00e5ng till skolan\">L\u00e4s mer<\/a><\/p>\n","protected":false},"author":1,"featured_media":7322,"comment_status":"closed","ping_status":"closed","sticky":false,"template":"","format":"standard","meta":{"footnotes":""},"categories":[7],"tags":[],"class_list":["post-7327","post","type-post","status-publish","format-standard","has-post-thumbnail","hentry","category-okategoriserad"],"yoast_head":"<!-- This site is optimized with the Yoast SEO plugin v27.4 - https:\/\/yoast.com\/product\/yoast-seo-wordpress\/ -->\n<title>\u00c9l\u00e9mentaire - \u00e5terg\u00e5ng till skolan &#8211; Lyc\u00e9e Fran\u00e7ais Saint Louis de Stockholm<\/title>\n<meta name=\"robots\" content=\"index, follow, max-snippet:-1, max-image-preview:large, max-video-preview:-1\" \/>\n<link rel=\"canonical\" href=\"https:\/\/www.lfsl.net\/sv\/elementaire-atergang-till-skolan\/\" \/>\n<meta property=\"og:locale\" content=\"sv_SE\" \/>\n<meta property=\"og:type\" content=\"article\" \/>\n<meta property=\"og:title\" content=\"\u00c9l\u00e9mentaire - \u00e5terg\u00e5ng till skolan &#8211; Lyc\u00e9e Fran\u00e7ais Saint Louis de Stockholm\" \/>\n<meta property=\"og:description\" content=\"K\u00e4ra familjer, Sedan vi meddelade f\u00f6rra onsdagen att undervisningen p\u00e5 l\u00e5g- och mellanstadiet \u00e5terupptas i skolans lokaler fr\u00e5n och med torsdag 7 maj, har de pedagogiska och administrativa teamen mobiliserats s\u00e5 att \u00e5terupptagandet sker under de b\u00e4sta f\u00f6rh\u00e5llandena betr\u00e4ffande v\u00e4lkomnande och s\u00e4kerhet f\u00f6r personal och studenter. Nedan hittar ni en l\u00e4nk till ett dokument som ... L\u00e4s mer\" \/>\n<meta property=\"og:url\" content=\"https:\/\/www.lfsl.net\/sv\/elementaire-atergang-till-skolan\/\" \/>\n<meta property=\"og:site_name\" content=\"Lyc\u00e9e Fran\u00e7ais Saint Louis de Stockholm\" \/>\n<meta property=\"article:publisher\" content=\"https:\/\/www.facebook.com\/Lyc%c3%a9e-Francais-Saint-Louis-182116921840529\/\" \/>\n<meta property=\"article:published_time\" content=\"2020-05-07T13:41:27+00:00\" \/>\n<meta property=\"article:modified_time\" content=\"2020-05-18T08:33:52+00:00\" \/>\n<meta property=\"og:image\" content=\"https:\/\/www.lfsl.net\/wp-content\/uploads\/2020\/05\/Paviljong_crop.jpg\" \/>\n\t<meta property=\"og:image:width\" content=\"951\" \/>\n\t<meta property=\"og:image:height\" content=\"535\" \/>\n\t<meta property=\"og:image:type\" content=\"image\/jpeg\" \/>\n<meta name=\"author\" content=\"LFSL\" \/>\n<meta name=\"twitter:card\" content=\"summary_large_image\" \/>\n<script type=\"application\/ld+json\" class=\"yoast-schema-graph\">{\"@context\":\"https:\\\/\\\/schema.org\",\"@graph\":[{\"@type\":\"Article\",\"@id\":\"https:\\\/\\\/www.lfsl.net\\\/sv\\\/elementaire-atergang-till-skolan\\\/#article\",\"isPartOf\":{\"@id\":\"https:\\\/\\\/www.lfsl.net\\\/sv\\\/elementaire-atergang-till-skolan\\\/\"},\"author\":{\"name\":\"LFSL\",\"@id\":\"https:\\\/\\\/www.lfsl.net\\\/sv\\\/#\\\/schema\\\/person\\\/b844e4fec0b6546045ed48d495805bfc\"},\"headline\":\"\u00c9l\u00e9mentaire &#8211; \u00e5terg\u00e5ng till skolan\",\"datePublished\":\"2020-05-07T13:41:27+00:00\",\"dateModified\":\"2020-05-18T08:33:52+00:00\",\"mainEntityOfPage\":{\"@id\":\"https:\\\/\\\/www.lfsl.net\\\/sv\\\/elementaire-atergang-till-skolan\\\/\"},\"wordCount\":401,\"publisher\":{\"@id\":\"https:\\\/\\\/www.lfsl.net\\\/sv\\\/#organization\"},\"image\":{\"@id\":\"https:\\\/\\\/www.lfsl.net\\\/sv\\\/elementaire-atergang-till-skolan\\\/#primaryimage\"},\"thumbnailUrl\":\"https:\\\/\\\/www.lfsl.net\\\/wp-content\\\/uploads\\\/2020\\\/05\\\/Paviljong_crop.jpg\",\"articleSection\":[\"Okategoriserad\"],\"inLanguage\":\"sv-SE\"},{\"@type\":\"WebPage\",\"@id\":\"https:\\\/\\\/www.lfsl.net\\\/sv\\\/elementaire-atergang-till-skolan\\\/\",\"url\":\"https:\\\/\\\/www.lfsl.net\\\/sv\\\/elementaire-atergang-till-skolan\\\/\",\"name\":\"\u00c9l\u00e9mentaire - \u00e5terg\u00e5ng till skolan &#8211; Lyc\u00e9e Fran\u00e7ais Saint Louis de Stockholm\",\"isPartOf\":{\"@id\":\"https:\\\/\\\/www.lfsl.net\\\/sv\\\/#website\"},\"primaryImageOfPage\":{\"@id\":\"https:\\\/\\\/www.lfsl.net\\\/sv\\\/elementaire-atergang-till-skolan\\\/#primaryimage\"},\"image\":{\"@id\":\"https:\\\/\\\/www.lfsl.net\\\/sv\\\/elementaire-atergang-till-skolan\\\/#primaryimage\"},\"thumbnailUrl\":\"https:\\\/\\\/www.lfsl.net\\\/wp-content\\\/uploads\\\/2020\\\/05\\\/Paviljong_crop.jpg\",\"datePublished\":\"2020-05-07T13:41:27+00:00\",\"dateModified\":\"2020-05-18T08:33:52+00:00\",\"breadcrumb\":{\"@id\":\"https:\\\/\\\/www.lfsl.net\\\/sv\\\/elementaire-atergang-till-skolan\\\/#breadcrumb\"},\"inLanguage\":\"sv-SE\",\"potentialAction\":[{\"@type\":\"ReadAction\",\"target\":[\"https:\\\/\\\/www.lfsl.net\\\/sv\\\/elementaire-atergang-till-skolan\\\/\"]}]},{\"@type\":\"ImageObject\",\"inLanguage\":\"sv-SE\",\"@id\":\"https:\\\/\\\/www.lfsl.net\\\/sv\\\/elementaire-atergang-till-skolan\\\/#primaryimage\",\"url\":\"https:\\\/\\\/www.lfsl.net\\\/wp-content\\\/uploads\\\/2020\\\/05\\\/Paviljong_crop.jpg\",\"contentUrl\":\"https:\\\/\\\/www.lfsl.net\\\/wp-content\\\/uploads\\\/2020\\\/05\\\/Paviljong_crop.jpg\",\"width\":951,\"height\":535},{\"@type\":\"BreadcrumbList\",\"@id\":\"https:\\\/\\\/www.lfsl.net\\\/sv\\\/elementaire-atergang-till-skolan\\\/#breadcrumb\",\"itemListElement\":[{\"@type\":\"ListItem\",\"position\":1,\"name\":\"Home\",\"item\":\"https:\\\/\\\/www.lfsl.net\\\/sv\\\/\"},{\"@type\":\"ListItem\",\"position\":2,\"name\":\"\u00c9l\u00e9mentaire &#8211; \u00e5terg\u00e5ng till skolan\"}]},{\"@type\":\"WebSite\",\"@id\":\"https:\\\/\\\/www.lfsl.net\\\/sv\\\/#website\",\"url\":\"https:\\\/\\\/www.lfsl.net\\\/sv\\\/\",\"name\":\"Lyc\u00e9e Fran\u00e7ais Saint Louis de Stockholm\",\"description\":\"\u00c9tablissement membre du r\u00e9seau AEFE\",\"publisher\":{\"@id\":\"https:\\\/\\\/www.lfsl.net\\\/sv\\\/#organization\"},\"potentialAction\":[{\"@type\":\"SearchAction\",\"target\":{\"@type\":\"EntryPoint\",\"urlTemplate\":\"https:\\\/\\\/www.lfsl.net\\\/sv\\\/?s={search_term_string}\"},\"query-input\":{\"@type\":\"PropertyValueSpecification\",\"valueRequired\":true,\"valueName\":\"search_term_string\"}}],\"inLanguage\":\"sv-SE\"},{\"@type\":\"Organization\",\"@id\":\"https:\\\/\\\/www.lfsl.net\\\/sv\\\/#organization\",\"name\":\"Lyc\u00e9e Fran\u00e7ais Saint Louis\",\"url\":\"https:\\\/\\\/www.lfsl.net\\\/sv\\\/\",\"logo\":{\"@type\":\"ImageObject\",\"inLanguage\":\"sv-SE\",\"@id\":\"https:\\\/\\\/www.lfsl.net\\\/sv\\\/#\\\/schema\\\/logo\\\/image\\\/\",\"url\":\"https:\\\/\\\/www.lfsl.net\\\/wp-content\\\/uploads\\\/2021\\\/03\\\/LFSL-logo.jpg\",\"contentUrl\":\"https:\\\/\\\/www.lfsl.net\\\/wp-content\\\/uploads\\\/2021\\\/03\\\/LFSL-logo.jpg\",\"width\":330,\"height\":473,\"caption\":\"Lyc\u00e9e Fran\u00e7ais Saint Louis\"},\"image\":{\"@id\":\"https:\\\/\\\/www.lfsl.net\\\/sv\\\/#\\\/schema\\\/logo\\\/image\\\/\"},\"sameAs\":[\"https:\\\/\\\/www.facebook.com\\\/Lyc\u00e9e-Francais-Saint-Louis-182116921840529\\\/\",\"https:\\\/\\\/www.instagram.com\\\/lyceefrancaisstockholm\\\/\",\"https:\\\/\\\/www.linkedin.com\\\/school\\\/lfsl\\\/\",\"https:\\\/\\\/www.youtube.com\\\/channel\\\/UCchS4IO4jE_YY0ILwn5NgGQ\"]},{\"@type\":\"Person\",\"@id\":\"https:\\\/\\\/www.lfsl.net\\\/sv\\\/#\\\/schema\\\/person\\\/b844e4fec0b6546045ed48d495805bfc\",\"name\":\"LFSL\",\"image\":{\"@type\":\"ImageObject\",\"inLanguage\":\"sv-SE\",\"@id\":\"https:\\\/\\\/secure.gravatar.com\\\/avatar\\\/8675186c12a5532dad5f25706eb6019c936983ed4945888898482ec1904338ec?s=96&d=mm&r=g\",\"url\":\"https:\\\/\\\/secure.gravatar.com\\\/avatar\\\/8675186c12a5532dad5f25706eb6019c936983ed4945888898482ec1904338ec?s=96&d=mm&r=g\",\"contentUrl\":\"https:\\\/\\\/secure.gravatar.com\\\/avatar\\\/8675186c12a5532dad5f25706eb6019c936983ed4945888898482ec1904338ec?s=96&d=mm&r=g\",\"caption\":\"LFSL\"},\"url\":\"https:\\\/\\\/www.lfsl.net\\\/sv\\\/author\\\/lfsladmin\\\/\"}]}<\/script>\n<!-- \/ Yoast SEO plugin. -->","yoast_head_json":{"title":"\u00c9l\u00e9mentaire - \u00e5terg\u00e5ng till skolan &#8211; Lyc\u00e9e Fran\u00e7ais Saint Louis de Stockholm","robots":{"index":"index","follow":"follow","max-snippet":"max-snippet:-1","max-image-preview":"max-image-preview:large","max-video-preview":"max-video-preview:-1"},"canonical":"https:\/\/www.lfsl.net\/sv\/elementaire-atergang-till-skolan\/","og_locale":"sv_SE","og_type":"article","og_title":"\u00c9l\u00e9mentaire - \u00e5terg\u00e5ng till skolan &#8211; Lyc\u00e9e Fran\u00e7ais Saint Louis de Stockholm","og_description":"K\u00e4ra familjer, Sedan vi meddelade f\u00f6rra onsdagen att undervisningen p\u00e5 l\u00e5g- och mellanstadiet \u00e5terupptas i skolans lokaler fr\u00e5n och med torsdag 7 maj, har de pedagogiska och administrativa teamen mobiliserats s\u00e5 att \u00e5terupptagandet sker under de b\u00e4sta f\u00f6rh\u00e5llandena betr\u00e4ffande v\u00e4lkomnande och s\u00e4kerhet f\u00f6r personal och studenter. Nedan hittar ni en l\u00e4nk till ett dokument som ... L\u00e4s mer","og_url":"https:\/\/www.lfsl.net\/sv\/elementaire-atergang-till-skolan\/","og_site_name":"Lyc\u00e9e Fran\u00e7ais Saint Louis de Stockholm","article_publisher":"https:\/\/www.facebook.com\/Lyc%c3%a9e-Francais-Saint-Louis-182116921840529\/","article_published_time":"2020-05-07T13:41:27+00:00","article_modified_time":"2020-05-18T08:33:52+00:00","og_image":[{"width":951,"height":535,"url":"https:\/\/www.lfsl.net\/wp-content\/uploads\/2020\/05\/Paviljong_crop.jpg","type":"image\/jpeg"}],"author":"LFSL","twitter_card":"summary_large_image","schema":{"@context":"https:\/\/schema.org","@graph":[{"@type":"Article","@id":"https:\/\/www.lfsl.net\/sv\/elementaire-atergang-till-skolan\/#article","isPartOf":{"@id":"https:\/\/www.lfsl.net\/sv\/elementaire-atergang-till-skolan\/"},"author":{"name":"LFSL","@id":"https:\/\/www.lfsl.net\/sv\/#\/schema\/person\/b844e4fec0b6546045ed48d495805bfc"},"headline":"\u00c9l\u00e9mentaire &#8211; \u00e5terg\u00e5ng till skolan","datePublished":"2020-05-07T13:41:27+00:00","dateModified":"2020-05-18T08:33:52+00:00","mainEntityOfPage":{"@id":"https:\/\/www.lfsl.net\/sv\/elementaire-atergang-till-skolan\/"},"wordCount":401,"publisher":{"@id":"https:\/\/www.lfsl.net\/sv\/#organization"},"image":{"@id":"https:\/\/www.lfsl.net\/sv\/elementaire-atergang-till-skolan\/#primaryimage"},"thumbnailUrl":"https:\/\/www.lfsl.net\/wp-content\/uploads\/2020\/05\/Paviljong_crop.jpg","articleSection":["Okategoriserad"],"inLanguage":"sv-SE"},{"@type":"WebPage","@id":"https:\/\/www.lfsl.net\/sv\/elementaire-atergang-till-skolan\/","url":"https:\/\/www.lfsl.net\/sv\/elementaire-atergang-till-skolan\/","name":"\u00c9l\u00e9mentaire - \u00e5terg\u00e5ng till skolan &#8211; Lyc\u00e9e Fran\u00e7ais Saint Louis de Stockholm","isPartOf":{"@id":"https:\/\/www.lfsl.net\/sv\/#website"},"primaryImageOfPage":{"@id":"https:\/\/www.lfsl.net\/sv\/elementaire-atergang-till-skolan\/#primaryimage"},"image":{"@id":"https:\/\/www.lfsl.net\/sv\/elementaire-atergang-till-skolan\/#primaryimage"},"thumbnailUrl":"https:\/\/www.lfsl.net\/wp-content\/uploads\/2020\/05\/Paviljong_crop.jpg","datePublished":"2020-05-07T13:41:27+00:00","dateModified":"2020-05-18T08:33:52+00:00","breadcrumb":{"@id":"https:\/\/www.lfsl.net\/sv\/elementaire-atergang-till-skolan\/#breadcrumb"},"inLanguage":"sv-SE","potentialAction":[{"@type":"ReadAction","target":["https:\/\/www.lfsl.net\/sv\/elementaire-atergang-till-skolan\/"]}]},{"@type":"ImageObject","inLanguage":"sv-SE","@id":"https:\/\/www.lfsl.net\/sv\/elementaire-atergang-till-skolan\/#primaryimage","url":"https:\/\/www.lfsl.net\/wp-content\/uploads\/2020\/05\/Paviljong_crop.jpg","contentUrl":"https:\/\/www.lfsl.net\/wp-content\/uploads\/2020\/05\/Paviljong_crop.jpg","width":951,"height":535},{"@type":"BreadcrumbList","@id":"https:\/\/www.lfsl.net\/sv\/elementaire-atergang-till-skolan\/#breadcrumb","itemListElement":[{"@type":"ListItem","position":1,"name":"Home","item":"https:\/\/www.lfsl.net\/sv\/"},{"@type":"ListItem","position":2,"name":"\u00c9l\u00e9mentaire &#8211; \u00e5terg\u00e5ng till skolan"}]},{"@type":"WebSite","@id":"https:\/\/www.lfsl.net\/sv\/#website","url":"https:\/\/www.lfsl.net\/sv\/","name":"Lyc\u00e9e Fran\u00e7ais Saint Louis de Stockholm","description":"\u00c9tablissement membre du r\u00e9seau AEFE","publisher":{"@id":"https:\/\/www.lfsl.net\/sv\/#organization"},"potentialAction":[{"@type":"SearchAction","target":{"@type":"EntryPoint","urlTemplate":"https:\/\/www.lfsl.net\/sv\/?s={search_term_string}"},"query-input":{"@type":"PropertyValueSpecification","valueRequired":true,"valueName":"search_term_string"}}],"inLanguage":"sv-SE"},{"@type":"Organization","@id":"https:\/\/www.lfsl.net\/sv\/#organization","name":"Lyc\u00e9e Fran\u00e7ais Saint Louis","url":"https:\/\/www.lfsl.net\/sv\/","logo":{"@type":"ImageObject","inLanguage":"sv-SE","@id":"https:\/\/www.lfsl.net\/sv\/#\/schema\/logo\/image\/","url":"https:\/\/www.lfsl.net\/wp-content\/uploads\/2021\/03\/LFSL-logo.jpg","contentUrl":"https:\/\/www.lfsl.net\/wp-content\/uploads\/2021\/03\/LFSL-logo.jpg","width":330,"height":473,"caption":"Lyc\u00e9e Fran\u00e7ais Saint Louis"},"image":{"@id":"https:\/\/www.lfsl.net\/sv\/#\/schema\/logo\/image\/"},"sameAs":["https:\/\/www.facebook.com\/Lyc\u00e9e-Francais-Saint-Louis-182116921840529\/","https:\/\/www.instagram.com\/lyceefrancaisstockholm\/","https:\/\/www.linkedin.com\/school\/lfsl\/","https:\/\/www.youtube.com\/channel\/UCchS4IO4jE_YY0ILwn5NgGQ"]},{"@type":"Person","@id":"https:\/\/www.lfsl.net\/sv\/#\/schema\/person\/b844e4fec0b6546045ed48d495805bfc","name":"LFSL","image":{"@type":"ImageObject","inLanguage":"sv-SE","@id":"https:\/\/secure.gravatar.com\/avatar\/8675186c12a5532dad5f25706eb6019c936983ed4945888898482ec1904338ec?s=96&d=mm&r=g","url":"https:\/\/secure.gravatar.com\/avatar\/8675186c12a5532dad5f25706eb6019c936983ed4945888898482ec1904338ec?s=96&d=mm&r=g","contentUrl":"https:\/\/secure.gravatar.com\/avatar\/8675186c12a5532dad5f25706eb6019c936983ed4945888898482ec1904338ec?s=96&d=mm&r=g","caption":"LFSL"},"url":"https:\/\/www.lfsl.net\/sv\/author\/lfsladmin\/"}]}},"_links":{"self":[{"href":"https:\/\/www.lfsl.net\/sv\/wp-json\/wp\/v2\/posts\/7327","targetHints":{"allow":["GET"]}}],"collection":[{"href":"https:\/\/www.lfsl.net\/sv\/wp-json\/wp\/v2\/posts"}],"about":[{"href":"https:\/\/www.lfsl.net\/sv\/wp-json\/wp\/v2\/types\/post"}],"author":[{"embeddable":true,"href":"https:\/\/www.lfsl.net\/sv\/wp-json\/wp\/v2\/users\/1"}],"replies":[{"embeddable":true,"href":"https:\/\/www.lfsl.net\/sv\/wp-json\/wp\/v2\/comments?post=7327"}],"version-history":[{"count":3,"href":"https:\/\/www.lfsl.net\/sv\/wp-json\/wp\/v2\/posts\/7327\/revisions"}],"predecessor-version":[{"id":7702,"href":"https:\/\/www.lfsl.net\/sv\/wp-json\/wp\/v2\/posts\/7327\/revisions\/7702"}],"wp:featuredmedia":[{"embeddable":true,"href":"https:\/\/www.lfsl.net\/sv\/wp-json\/wp\/v2\/media\/7322"}],"wp:attachment":[{"href":"https:\/\/www.lfsl.net\/sv\/wp-json\/wp\/v2\/media?parent=7327"}],"wp:term":[{"taxonomy":"category","embeddable":true,"href":"https:\/\/www.lfsl.net\/sv\/wp-json\/wp\/v2\/categories?post=7327"},{"taxonomy":"post_tag","embeddable":true,"href":"https:\/\/www.lfsl.net\/sv\/wp-json\/wp\/v2\/tags?post=7327"}],"curies":[{"name":"wp","href":"https:\/\/api.w.org\/{rel}","templated":true}]}}