{"id":7735,"date":"2020-05-14T13:17:55","date_gmt":"2020-05-14T13:17:55","guid":{"rendered":"https:\/\/www.lfsl.net\/?p=7735"},"modified":"2020-05-20T12:32:33","modified_gmt":"2020-05-20T12:32:33","slug":"fran-mitt-fonster-ser-jag","status":"publish","type":"post","link":"https:\/\/www.lfsl.net\/sv\/fran-mitt-fonster-ser-jag\/","title":{"rendered":"&#8221;Fr\u00e5n mitt f\u00f6nster ser jag &#8230;&#8221;"},"content":{"rendered":"\n<p>Se klasserna 6B och 6C&#8217;s projekt.<\/p>\n\n\n\n<p>Detta projekt skapades av AEFE och syftar till att f\u00e5 klasser att arbeta med att bygga tematiska stadsvandringar i st\u00e4derna i Nordv\u00e4steuropa och Skandinavien.<\/p>\n\n\n\n<p>Oavsett om det \u00e4r geografiskt, historiskt, konstn\u00e4rligt, sociologiskt eller vetenskapligt, b\u00f6r dessa promenader vara en m\u00f6jlighet f\u00f6r elever att unders\u00f6ka, st\u00e4lla fr\u00e5gor, formulera hypoteser och samla in data p\u00e5 f\u00e4ltet och naturligtvis att hitta svaren!<\/p>\n\n\n\n<p>Alla promenader \u00e4r tillg\u00e4ngliga digitalt och du kan utforska den digitala geografikartan f\u00f6r eleverna i 6B och 6C i Lyc\u00e9e Fran\u00e7ais Stockholm som skapades under distansutbildningen p\u00e5 historia-geografilektionerna i Sophie Boulengers klasser.<\/p>\n\n\n\n<p><a aria-label=\"Direkt tillg\u00e5ng till kartan (opens in a new tab)\" rel=\"noreferrer noopener\" href=\"https:\/\/www.google.com\/maps\/d\/viewer?mid=1pgEPrJHzttA-OWf4GADmZTkU3zA_K70Y&amp;ll=59.321480300000026%2C17.98850170000003&amp;z=11\" target=\"_blank\">Direkt tillg\u00e5ng till kartan<\/a><\/p>\n\n\n\n<p><font color=\"#000014\"><a href=\"https:\/\/www.aefe-europe.net\/index.php\/projets\/1460-balades-urbaines\" target=\"_blank\" rel=\"noreferrer noopener\" aria-label=\"Tillg\u00e5ng till kartan via hemsidan Balades urbaines (opens in a new tab)\">Tillg\u00e5ng till kartan via hemsidan <\/a><\/font><a href=\"https:\/\/www.aefe-europe.net\/index.php\/projets\/1460-balades-urbaines\" target=\"_blank\" rel=\"noreferrer noopener\" aria-label=\"Tillg\u00e5ng till kartan via hemsidan Balades urbaines (opens in a new tab)\">Balades urbaines<\/a><\/p>\n","protected":false},"excerpt":{"rendered":"<p>Se klasserna 6B och 6C&#8217;s projekt. Detta projekt skapades av AEFE och syftar till att f\u00e5 klasser att arbeta med att bygga tematiska stadsvandringar i st\u00e4derna i Nordv\u00e4steuropa och Skandinavien. Oavsett om det \u00e4r geografiskt, historiskt, konstn\u00e4rligt, sociologiskt eller vetenskapligt, b\u00f6r dessa promenader vara en m\u00f6jlighet f\u00f6r elever att unders\u00f6ka, st\u00e4lla fr\u00e5gor, formulera hypoteser och &#8230; <\/p>\n<p class=\"read-more-container\"><a title=\"&#8221;Fr\u00e5n mitt f\u00f6nster ser jag &#8230;&#8221;\" class=\"read-more button\" href=\"https:\/\/www.lfsl.net\/sv\/fran-mitt-fonster-ser-jag\/#more-7735\" aria-label=\"L\u00e4s mer om &#8221;Fr\u00e5n mitt f\u00f6nster ser jag &#8230;&#8221;\">L\u00e4s mer<\/a><\/p>\n","protected":false},"author":1,"featured_media":7729,"comment_status":"closed","ping_status":"closed","sticky":false,"template":"","format":"standard","meta":{"footnotes":""},"categories":[7],"tags":[],"class_list":["post-7735","post","type-post","status-publish","format-standard","has-post-thumbnail","hentry","category-okategoriserad"],"yoast_head":"<!-- This site is optimized with the Yoast SEO plugin v27.4 - https:\/\/yoast.com\/product\/yoast-seo-wordpress\/ -->\n<title>&quot;Fr\u00e5n mitt f\u00f6nster ser jag ...&quot; &#8211; Lyc\u00e9e Fran\u00e7ais Saint Louis de Stockholm<\/title>\n<meta name=\"robots\" content=\"index, follow, max-snippet:-1, max-image-preview:large, max-video-preview:-1\" \/>\n<link rel=\"canonical\" href=\"https:\/\/www.lfsl.net\/sv\/fran-mitt-fonster-ser-jag\/\" \/>\n<meta property=\"og:locale\" content=\"sv_SE\" \/>\n<meta property=\"og:type\" content=\"article\" \/>\n<meta property=\"og:title\" content=\"&quot;Fr\u00e5n mitt f\u00f6nster ser jag ...&quot; &#8211; Lyc\u00e9e Fran\u00e7ais Saint Louis de Stockholm\" \/>\n<meta property=\"og:description\" content=\"Se klasserna 6B och 6C&#8217;s projekt. Detta projekt skapades av AEFE och syftar till att f\u00e5 klasser att arbeta med att bygga tematiska stadsvandringar i st\u00e4derna i Nordv\u00e4steuropa och Skandinavien. Oavsett om det \u00e4r geografiskt, historiskt, konstn\u00e4rligt, sociologiskt eller vetenskapligt, b\u00f6r dessa promenader vara en m\u00f6jlighet f\u00f6r elever att unders\u00f6ka, st\u00e4lla fr\u00e5gor, formulera hypoteser och ... L\u00e4s mer\" \/>\n<meta property=\"og:url\" content=\"https:\/\/www.lfsl.net\/sv\/fran-mitt-fonster-ser-jag\/\" \/>\n<meta property=\"og:site_name\" content=\"Lyc\u00e9e Fran\u00e7ais Saint Louis de Stockholm\" \/>\n<meta property=\"article:publisher\" content=\"https:\/\/www.facebook.com\/Lyc%c3%a9e-Francais-Saint-Louis-182116921840529\/\" \/>\n<meta property=\"article:published_time\" content=\"2020-05-14T13:17:55+00:00\" \/>\n<meta property=\"article:modified_time\" content=\"2020-05-20T12:32:33+00:00\" \/>\n<meta property=\"og:image\" content=\"https:\/\/www.lfsl.net\/wp-content\/uploads\/2020\/05\/Balades-urbaines_crop.jpg\" \/>\n\t<meta property=\"og:image:width\" content=\"513\" \/>\n\t<meta property=\"og:image:height\" content=\"289\" \/>\n\t<meta property=\"og:image:type\" content=\"image\/jpeg\" \/>\n<meta name=\"author\" content=\"LFSL\" \/>\n<meta name=\"twitter:card\" content=\"summary_large_image\" \/>\n<script type=\"application\/ld+json\" class=\"yoast-schema-graph\">{\"@context\":\"https:\\\/\\\/schema.org\",\"@graph\":[{\"@type\":\"Article\",\"@id\":\"https:\\\/\\\/www.lfsl.net\\\/sv\\\/fran-mitt-fonster-ser-jag\\\/#article\",\"isPartOf\":{\"@id\":\"https:\\\/\\\/www.lfsl.net\\\/sv\\\/fran-mitt-fonster-ser-jag\\\/\"},\"author\":{\"name\":\"LFSL\",\"@id\":\"https:\\\/\\\/www.lfsl.net\\\/sv\\\/#\\\/schema\\\/person\\\/b844e4fec0b6546045ed48d495805bfc\"},\"headline\":\"&#8221;Fr\u00e5n mitt f\u00f6nster ser jag &#8230;&#8221;\",\"datePublished\":\"2020-05-14T13:17:55+00:00\",\"dateModified\":\"2020-05-20T12:32:33+00:00\",\"mainEntityOfPage\":{\"@id\":\"https:\\\/\\\/www.lfsl.net\\\/sv\\\/fran-mitt-fonster-ser-jag\\\/\"},\"wordCount\":132,\"publisher\":{\"@id\":\"https:\\\/\\\/www.lfsl.net\\\/sv\\\/#organization\"},\"image\":{\"@id\":\"https:\\\/\\\/www.lfsl.net\\\/sv\\\/fran-mitt-fonster-ser-jag\\\/#primaryimage\"},\"thumbnailUrl\":\"https:\\\/\\\/www.lfsl.net\\\/wp-content\\\/uploads\\\/2020\\\/05\\\/Balades-urbaines_crop.jpg\",\"articleSection\":[\"Okategoriserad\"],\"inLanguage\":\"sv-SE\"},{\"@type\":\"WebPage\",\"@id\":\"https:\\\/\\\/www.lfsl.net\\\/sv\\\/fran-mitt-fonster-ser-jag\\\/\",\"url\":\"https:\\\/\\\/www.lfsl.net\\\/sv\\\/fran-mitt-fonster-ser-jag\\\/\",\"name\":\"\\\"Fr\u00e5n mitt f\u00f6nster ser jag ...\\\" &#8211; Lyc\u00e9e Fran\u00e7ais Saint Louis de Stockholm\",\"isPartOf\":{\"@id\":\"https:\\\/\\\/www.lfsl.net\\\/sv\\\/#website\"},\"primaryImageOfPage\":{\"@id\":\"https:\\\/\\\/www.lfsl.net\\\/sv\\\/fran-mitt-fonster-ser-jag\\\/#primaryimage\"},\"image\":{\"@id\":\"https:\\\/\\\/www.lfsl.net\\\/sv\\\/fran-mitt-fonster-ser-jag\\\/#primaryimage\"},\"thumbnailUrl\":\"https:\\\/\\\/www.lfsl.net\\\/wp-content\\\/uploads\\\/2020\\\/05\\\/Balades-urbaines_crop.jpg\",\"datePublished\":\"2020-05-14T13:17:55+00:00\",\"dateModified\":\"2020-05-20T12:32:33+00:00\",\"breadcrumb\":{\"@id\":\"https:\\\/\\\/www.lfsl.net\\\/sv\\\/fran-mitt-fonster-ser-jag\\\/#breadcrumb\"},\"inLanguage\":\"sv-SE\",\"potentialAction\":[{\"@type\":\"ReadAction\",\"target\":[\"https:\\\/\\\/www.lfsl.net\\\/sv\\\/fran-mitt-fonster-ser-jag\\\/\"]}]},{\"@type\":\"ImageObject\",\"inLanguage\":\"sv-SE\",\"@id\":\"https:\\\/\\\/www.lfsl.net\\\/sv\\\/fran-mitt-fonster-ser-jag\\\/#primaryimage\",\"url\":\"https:\\\/\\\/www.lfsl.net\\\/wp-content\\\/uploads\\\/2020\\\/05\\\/Balades-urbaines_crop.jpg\",\"contentUrl\":\"https:\\\/\\\/www.lfsl.net\\\/wp-content\\\/uploads\\\/2020\\\/05\\\/Balades-urbaines_crop.jpg\",\"width\":513,\"height\":289},{\"@type\":\"BreadcrumbList\",\"@id\":\"https:\\\/\\\/www.lfsl.net\\\/sv\\\/fran-mitt-fonster-ser-jag\\\/#breadcrumb\",\"itemListElement\":[{\"@type\":\"ListItem\",\"position\":1,\"name\":\"Home\",\"item\":\"https:\\\/\\\/www.lfsl.net\\\/sv\\\/\"},{\"@type\":\"ListItem\",\"position\":2,\"name\":\"&#8220;Fr\u00e5n mitt f\u00f6nster ser jag &#8230;&#8221;\"}]},{\"@type\":\"WebSite\",\"@id\":\"https:\\\/\\\/www.lfsl.net\\\/sv\\\/#website\",\"url\":\"https:\\\/\\\/www.lfsl.net\\\/sv\\\/\",\"name\":\"Lyc\u00e9e Fran\u00e7ais Saint Louis de Stockholm\",\"description\":\"\u00c9tablissement membre du r\u00e9seau AEFE\",\"publisher\":{\"@id\":\"https:\\\/\\\/www.lfsl.net\\\/sv\\\/#organization\"},\"potentialAction\":[{\"@type\":\"SearchAction\",\"target\":{\"@type\":\"EntryPoint\",\"urlTemplate\":\"https:\\\/\\\/www.lfsl.net\\\/sv\\\/?s={search_term_string}\"},\"query-input\":{\"@type\":\"PropertyValueSpecification\",\"valueRequired\":true,\"valueName\":\"search_term_string\"}}],\"inLanguage\":\"sv-SE\"},{\"@type\":\"Organization\",\"@id\":\"https:\\\/\\\/www.lfsl.net\\\/sv\\\/#organization\",\"name\":\"Lyc\u00e9e Fran\u00e7ais Saint Louis\",\"url\":\"https:\\\/\\\/www.lfsl.net\\\/sv\\\/\",\"logo\":{\"@type\":\"ImageObject\",\"inLanguage\":\"sv-SE\",\"@id\":\"https:\\\/\\\/www.lfsl.net\\\/sv\\\/#\\\/schema\\\/logo\\\/image\\\/\",\"url\":\"https:\\\/\\\/www.lfsl.net\\\/wp-content\\\/uploads\\\/2021\\\/03\\\/LFSL-logo.jpg\",\"contentUrl\":\"https:\\\/\\\/www.lfsl.net\\\/wp-content\\\/uploads\\\/2021\\\/03\\\/LFSL-logo.jpg\",\"width\":330,\"height\":473,\"caption\":\"Lyc\u00e9e Fran\u00e7ais Saint Louis\"},\"image\":{\"@id\":\"https:\\\/\\\/www.lfsl.net\\\/sv\\\/#\\\/schema\\\/logo\\\/image\\\/\"},\"sameAs\":[\"https:\\\/\\\/www.facebook.com\\\/Lyc\u00e9e-Francais-Saint-Louis-182116921840529\\\/\",\"https:\\\/\\\/www.instagram.com\\\/lyceefrancaisstockholm\\\/\",\"https:\\\/\\\/www.linkedin.com\\\/school\\\/lfsl\\\/\",\"https:\\\/\\\/www.youtube.com\\\/channel\\\/UCchS4IO4jE_YY0ILwn5NgGQ\"]},{\"@type\":\"Person\",\"@id\":\"https:\\\/\\\/www.lfsl.net\\\/sv\\\/#\\\/schema\\\/person\\\/b844e4fec0b6546045ed48d495805bfc\",\"name\":\"LFSL\",\"image\":{\"@type\":\"ImageObject\",\"inLanguage\":\"sv-SE\",\"@id\":\"https:\\\/\\\/secure.gravatar.com\\\/avatar\\\/8675186c12a5532dad5f25706eb6019c936983ed4945888898482ec1904338ec?s=96&d=mm&r=g\",\"url\":\"https:\\\/\\\/secure.gravatar.com\\\/avatar\\\/8675186c12a5532dad5f25706eb6019c936983ed4945888898482ec1904338ec?s=96&d=mm&r=g\",\"contentUrl\":\"https:\\\/\\\/secure.gravatar.com\\\/avatar\\\/8675186c12a5532dad5f25706eb6019c936983ed4945888898482ec1904338ec?s=96&d=mm&r=g\",\"caption\":\"LFSL\"},\"url\":\"https:\\\/\\\/www.lfsl.net\\\/sv\\\/author\\\/lfsladmin\\\/\"}]}<\/script>\n<!-- \/ Yoast SEO plugin. -->","yoast_head_json":{"title":"\"Fr\u00e5n mitt f\u00f6nster ser jag ...\" &#8211; Lyc\u00e9e Fran\u00e7ais Saint Louis de Stockholm","robots":{"index":"index","follow":"follow","max-snippet":"max-snippet:-1","max-image-preview":"max-image-preview:large","max-video-preview":"max-video-preview:-1"},"canonical":"https:\/\/www.lfsl.net\/sv\/fran-mitt-fonster-ser-jag\/","og_locale":"sv_SE","og_type":"article","og_title":"\"Fr\u00e5n mitt f\u00f6nster ser jag ...\" &#8211; Lyc\u00e9e Fran\u00e7ais Saint Louis de Stockholm","og_description":"Se klasserna 6B och 6C&#8217;s projekt. Detta projekt skapades av AEFE och syftar till att f\u00e5 klasser att arbeta med att bygga tematiska stadsvandringar i st\u00e4derna i Nordv\u00e4steuropa och Skandinavien. Oavsett om det \u00e4r geografiskt, historiskt, konstn\u00e4rligt, sociologiskt eller vetenskapligt, b\u00f6r dessa promenader vara en m\u00f6jlighet f\u00f6r elever att unders\u00f6ka, st\u00e4lla fr\u00e5gor, formulera hypoteser och ... L\u00e4s mer","og_url":"https:\/\/www.lfsl.net\/sv\/fran-mitt-fonster-ser-jag\/","og_site_name":"Lyc\u00e9e Fran\u00e7ais Saint Louis de Stockholm","article_publisher":"https:\/\/www.facebook.com\/Lyc%c3%a9e-Francais-Saint-Louis-182116921840529\/","article_published_time":"2020-05-14T13:17:55+00:00","article_modified_time":"2020-05-20T12:32:33+00:00","og_image":[{"width":513,"height":289,"url":"https:\/\/www.lfsl.net\/wp-content\/uploads\/2020\/05\/Balades-urbaines_crop.jpg","type":"image\/jpeg"}],"author":"LFSL","twitter_card":"summary_large_image","schema":{"@context":"https:\/\/schema.org","@graph":[{"@type":"Article","@id":"https:\/\/www.lfsl.net\/sv\/fran-mitt-fonster-ser-jag\/#article","isPartOf":{"@id":"https:\/\/www.lfsl.net\/sv\/fran-mitt-fonster-ser-jag\/"},"author":{"name":"LFSL","@id":"https:\/\/www.lfsl.net\/sv\/#\/schema\/person\/b844e4fec0b6546045ed48d495805bfc"},"headline":"&#8221;Fr\u00e5n mitt f\u00f6nster ser jag &#8230;&#8221;","datePublished":"2020-05-14T13:17:55+00:00","dateModified":"2020-05-20T12:32:33+00:00","mainEntityOfPage":{"@id":"https:\/\/www.lfsl.net\/sv\/fran-mitt-fonster-ser-jag\/"},"wordCount":132,"publisher":{"@id":"https:\/\/www.lfsl.net\/sv\/#organization"},"image":{"@id":"https:\/\/www.lfsl.net\/sv\/fran-mitt-fonster-ser-jag\/#primaryimage"},"thumbnailUrl":"https:\/\/www.lfsl.net\/wp-content\/uploads\/2020\/05\/Balades-urbaines_crop.jpg","articleSection":["Okategoriserad"],"inLanguage":"sv-SE"},{"@type":"WebPage","@id":"https:\/\/www.lfsl.net\/sv\/fran-mitt-fonster-ser-jag\/","url":"https:\/\/www.lfsl.net\/sv\/fran-mitt-fonster-ser-jag\/","name":"\"Fr\u00e5n mitt f\u00f6nster ser jag ...\" &#8211; Lyc\u00e9e Fran\u00e7ais Saint Louis de Stockholm","isPartOf":{"@id":"https:\/\/www.lfsl.net\/sv\/#website"},"primaryImageOfPage":{"@id":"https:\/\/www.lfsl.net\/sv\/fran-mitt-fonster-ser-jag\/#primaryimage"},"image":{"@id":"https:\/\/www.lfsl.net\/sv\/fran-mitt-fonster-ser-jag\/#primaryimage"},"thumbnailUrl":"https:\/\/www.lfsl.net\/wp-content\/uploads\/2020\/05\/Balades-urbaines_crop.jpg","datePublished":"2020-05-14T13:17:55+00:00","dateModified":"2020-05-20T12:32:33+00:00","breadcrumb":{"@id":"https:\/\/www.lfsl.net\/sv\/fran-mitt-fonster-ser-jag\/#breadcrumb"},"inLanguage":"sv-SE","potentialAction":[{"@type":"ReadAction","target":["https:\/\/www.lfsl.net\/sv\/fran-mitt-fonster-ser-jag\/"]}]},{"@type":"ImageObject","inLanguage":"sv-SE","@id":"https:\/\/www.lfsl.net\/sv\/fran-mitt-fonster-ser-jag\/#primaryimage","url":"https:\/\/www.lfsl.net\/wp-content\/uploads\/2020\/05\/Balades-urbaines_crop.jpg","contentUrl":"https:\/\/www.lfsl.net\/wp-content\/uploads\/2020\/05\/Balades-urbaines_crop.jpg","width":513,"height":289},{"@type":"BreadcrumbList","@id":"https:\/\/www.lfsl.net\/sv\/fran-mitt-fonster-ser-jag\/#breadcrumb","itemListElement":[{"@type":"ListItem","position":1,"name":"Home","item":"https:\/\/www.lfsl.net\/sv\/"},{"@type":"ListItem","position":2,"name":"&#8220;Fr\u00e5n mitt f\u00f6nster ser jag &#8230;&#8221;"}]},{"@type":"WebSite","@id":"https:\/\/www.lfsl.net\/sv\/#website","url":"https:\/\/www.lfsl.net\/sv\/","name":"Lyc\u00e9e Fran\u00e7ais Saint Louis de Stockholm","description":"\u00c9tablissement membre du r\u00e9seau AEFE","publisher":{"@id":"https:\/\/www.lfsl.net\/sv\/#organization"},"potentialAction":[{"@type":"SearchAction","target":{"@type":"EntryPoint","urlTemplate":"https:\/\/www.lfsl.net\/sv\/?s={search_term_string}"},"query-input":{"@type":"PropertyValueSpecification","valueRequired":true,"valueName":"search_term_string"}}],"inLanguage":"sv-SE"},{"@type":"Organization","@id":"https:\/\/www.lfsl.net\/sv\/#organization","name":"Lyc\u00e9e Fran\u00e7ais Saint Louis","url":"https:\/\/www.lfsl.net\/sv\/","logo":{"@type":"ImageObject","inLanguage":"sv-SE","@id":"https:\/\/www.lfsl.net\/sv\/#\/schema\/logo\/image\/","url":"https:\/\/www.lfsl.net\/wp-content\/uploads\/2021\/03\/LFSL-logo.jpg","contentUrl":"https:\/\/www.lfsl.net\/wp-content\/uploads\/2021\/03\/LFSL-logo.jpg","width":330,"height":473,"caption":"Lyc\u00e9e Fran\u00e7ais Saint Louis"},"image":{"@id":"https:\/\/www.lfsl.net\/sv\/#\/schema\/logo\/image\/"},"sameAs":["https:\/\/www.facebook.com\/Lyc\u00e9e-Francais-Saint-Louis-182116921840529\/","https:\/\/www.instagram.com\/lyceefrancaisstockholm\/","https:\/\/www.linkedin.com\/school\/lfsl\/","https:\/\/www.youtube.com\/channel\/UCchS4IO4jE_YY0ILwn5NgGQ"]},{"@type":"Person","@id":"https:\/\/www.lfsl.net\/sv\/#\/schema\/person\/b844e4fec0b6546045ed48d495805bfc","name":"LFSL","image":{"@type":"ImageObject","inLanguage":"sv-SE","@id":"https:\/\/secure.gravatar.com\/avatar\/8675186c12a5532dad5f25706eb6019c936983ed4945888898482ec1904338ec?s=96&d=mm&r=g","url":"https:\/\/secure.gravatar.com\/avatar\/8675186c12a5532dad5f25706eb6019c936983ed4945888898482ec1904338ec?s=96&d=mm&r=g","contentUrl":"https:\/\/secure.gravatar.com\/avatar\/8675186c12a5532dad5f25706eb6019c936983ed4945888898482ec1904338ec?s=96&d=mm&r=g","caption":"LFSL"},"url":"https:\/\/www.lfsl.net\/sv\/author\/lfsladmin\/"}]}},"_links":{"self":[{"href":"https:\/\/www.lfsl.net\/sv\/wp-json\/wp\/v2\/posts\/7735","targetHints":{"allow":["GET"]}}],"collection":[{"href":"https:\/\/www.lfsl.net\/sv\/wp-json\/wp\/v2\/posts"}],"about":[{"href":"https:\/\/www.lfsl.net\/sv\/wp-json\/wp\/v2\/types\/post"}],"author":[{"embeddable":true,"href":"https:\/\/www.lfsl.net\/sv\/wp-json\/wp\/v2\/users\/1"}],"replies":[{"embeddable":true,"href":"https:\/\/www.lfsl.net\/sv\/wp-json\/wp\/v2\/comments?post=7735"}],"version-history":[{"count":2,"href":"https:\/\/www.lfsl.net\/sv\/wp-json\/wp\/v2\/posts\/7735\/revisions"}],"predecessor-version":[{"id":7737,"href":"https:\/\/www.lfsl.net\/sv\/wp-json\/wp\/v2\/posts\/7735\/revisions\/7737"}],"wp:featuredmedia":[{"embeddable":true,"href":"https:\/\/www.lfsl.net\/sv\/wp-json\/wp\/v2\/media\/7729"}],"wp:attachment":[{"href":"https:\/\/www.lfsl.net\/sv\/wp-json\/wp\/v2\/media?parent=7735"}],"wp:term":[{"taxonomy":"category","embeddable":true,"href":"https:\/\/www.lfsl.net\/sv\/wp-json\/wp\/v2\/categories?post=7735"},{"taxonomy":"post_tag","embeddable":true,"href":"https:\/\/www.lfsl.net\/sv\/wp-json\/wp\/v2\/tags?post=7735"}],"curies":[{"name":"wp","href":"https:\/\/api.w.org\/{rel}","templated":true}]}}