{"id":9565,"date":"2020-12-07T12:53:23","date_gmt":"2020-12-07T12:53:23","guid":{"rendered":"https:\/\/www.lfsl.net\/?p=9565"},"modified":"2020-12-07T13:03:00","modified_gmt":"2020-12-07T13:03:00","slug":"styrelsen-2020-2021","status":"publish","type":"post","link":"https:\/\/www.lfsl.net\/sv\/styrelsen-2020-2021\/","title":{"rendered":"Styrelsen 2020-2021"},"content":{"rendered":"\n<p>Den nya styrelsen p\u00e5 LFSL f\u00f6r 2020-2021 konstituerades den 19 november 2020. Styrelsens sammans\u00e4ttning omfattar nu tre nya medlemmar, en ledamot som vald av elevf\u00f6r\u00e4ldrarna och tv\u00e5 nya koopterade ledam\u00f6ter. <br>De tv\u00e5 koopterade ledam\u00f6terna, Guillaume Lefebvre och Eva Kristensson, valdes till Ordf\u00f6rande, respektive Vice-ordf\u00f6rande. Eric Bonnel, ledamot vald av f\u00f6r\u00e4ldrarna, valdes till Kass\u00f6r.<\/p>\n\n\n<p><img loading=\"lazy\" decoding=\"async\" class=\"wp-image-9531 alignleft\" src=\"https:\/\/www.lfsl.net\/wp-content\/uploads\/2020\/12\/Guillaume-Lefebvre.jpg\" alt=\"\" width=\"118\" height=\"177\" srcset=\"https:\/\/www.lfsl.net\/wp-content\/uploads\/2020\/12\/Guillaume-Lefebvre.jpg 2362w, https:\/\/www.lfsl.net\/wp-content\/uploads\/2020\/12\/Guillaume-Lefebvre-400x600.jpg 400w, https:\/\/www.lfsl.net\/wp-content\/uploads\/2020\/12\/Guillaume-Lefebvre-768x1152.jpg 768w, https:\/\/www.lfsl.net\/wp-content\/uploads\/2020\/12\/Guillaume-Lefebvre-683x1024.jpg 683w\" sizes=\"auto, (max-width: 118px) 100vw, 118px\" \/>Guillaume Lefebvre \u00e4r f\u00f6r n\u00e4rvarande chef f\u00f6r Cr\u00e9dit Agricoles aff\u00e4rs- och investeringsbankverksamhet i de nordiska och baltiska l\u00e4nderna. Tidigare hade han olika ledande befattningar inom Cr\u00e9dit Agricole Group, fr\u00e4mst i Frankrike och USA. F\u00f6rutom sin yrkesverksamhet \u00e4r han engagerad i utbildningsomr\u00e5det och undervisar i olika universitetsorganisationer i Frankrike, Storbritannien och Finland. Certifierad administrat\u00f6r, han \u00e4r kass\u00f6r vid Franska Handelskammaren i Sverige. Guillaume har en magisterexamen fr\u00e5n HEC, en magisterexamen fr\u00e5n Paris-Sorbonne och en MBA fr\u00e5n University of Hartford. Han \u00e4r oberoende i f\u00f6rh\u00e5llande till Lyc\u00e9e Fran\u00e7ais Saint Louis.<\/p>\n<p><img loading=\"lazy\" decoding=\"async\" class=\" wp-image-9534 alignleft\" src=\"https:\/\/www.lfsl.net\/wp-content\/uploads\/2020\/12\/Eva-Kristensson.jpg\" alt=\"\" width=\"117\" height=\"155\" srcset=\"https:\/\/www.lfsl.net\/wp-content\/uploads\/2020\/12\/Eva-Kristensson.jpg 786w, https:\/\/www.lfsl.net\/wp-content\/uploads\/2020\/12\/Eva-Kristensson-453x600.jpg 453w, https:\/\/www.lfsl.net\/wp-content\/uploads\/2020\/12\/Eva-Kristensson-768x1016.jpg 768w, https:\/\/www.lfsl.net\/wp-content\/uploads\/2020\/12\/Eva-Kristensson-774x1024.jpg 774w\" sizes=\"auto, (max-width: 117px) 100vw, 117px\" \/>Eva Kristensson \u00e4r idag verksam inom Sodexo Nordics som Director of Brand &amp; Communications. Hon har tidigare erfarenhet som bl.a. Director for Market Communication and Investor Relations p\u00e5 Micronic Laser Systems AB. Eva har drivit en egen kommunikationsbyr\u00e5, Straight Communication, inom strategisk kommunikation och h\u00e5llbarhetsfr\u00e5gor (1993-1997). \u00d6vriga styrelseuppdrag utg\u00f6rs av ledamot inom Franska Handelskammaren i Sverige och ledamot inom solenergibolaget Midsummer AB. Eva \u00e4r internationell civilekonom inom marknadsf\u00f6ring fr\u00e5n Uppsala Universitet. Oberoende i f\u00f6rh\u00e5llande till Lyc\u00e9e Fran\u00e7ais Saint Louis.<\/p>\n<p><img loading=\"lazy\" decoding=\"async\" class=\" wp-image-9556 alignleft\" src=\"https:\/\/www.lfsl.net\/wp-content\/uploads\/2020\/12\/Eric-Bonnel.png\" alt=\"\" width=\"156\" height=\"105\">Eric Bonnel bor i Sverige sedan 2001, med en period p\u00e5 4 \u00e5r i Storbritannien (2004-2008). Efter 20 \u00e5r inom finans p\u00e5 Handelsbanken startade han sin egen verksamhet i september 2020.<br>Han har ett barn p\u00e5 skolan sedan sedan 2010 och var ledamot i skolr\u00e5det (CE) i tv\u00e5 \u00e5r innan han valdes in i styrelsen i oktober 2020 av skolans f\u00f6r\u00e4ldrar. <br>Eric Bonnel \u00e4r volont\u00e4r i flera f\u00f6reningar och \u00e4r \u00e4ven styrelseledamot f\u00f6r den lokala Rugby-klubben. Han innehar en examen fr\u00e5n IPAG Business School i Paris.<\/p>\n\n\n<p>F\u00f6r mer information om styrelsens sammans\u00e4ttning och dess uppdrag: <a href=\"https:\/\/www.lfsl.net\/sv\/om-lfsl\/styrelsen\/\">Styrelsen<\/a><\/p>\n","protected":false},"excerpt":{"rendered":"<p>Den nya styrelsen p\u00e5 LFSL f\u00f6r 2020-2021 konstituerades den 19 november 2020. Styrelsens sammans\u00e4ttning omfattar nu tre nya medlemmar, en ledamot som vald av elevf\u00f6r\u00e4ldrarna och tv\u00e5 nya koopterade ledam\u00f6ter. De tv\u00e5 koopterade ledam\u00f6terna, Guillaume Lefebvre och Eva Kristensson, valdes till Ordf\u00f6rande, respektive Vice-ordf\u00f6rande. Eric Bonnel, ledamot vald av f\u00f6r\u00e4ldrarna, valdes till Kass\u00f6r. Guillaume Lefebvre &#8230; <\/p>\n<p class=\"read-more-container\"><a title=\"Styrelsen 2020-2021\" class=\"read-more button\" href=\"https:\/\/www.lfsl.net\/sv\/styrelsen-2020-2021\/#more-9565\" aria-label=\"L\u00e4s mer om Styrelsen 2020-2021\">L\u00e4s mer<\/a><\/p>\n","protected":false},"author":1,"featured_media":9578,"comment_status":"closed","ping_status":"closed","sticky":false,"template":"","format":"standard","meta":{"footnotes":""},"categories":[7],"tags":[],"class_list":["post-9565","post","type-post","status-publish","format-standard","has-post-thumbnail","hentry","category-okategoriserad"],"yoast_head":"<!-- This site is optimized with the Yoast SEO plugin v27.4 - https:\/\/yoast.com\/product\/yoast-seo-wordpress\/ -->\n<title>Styrelsen 2020-2021 &#8211; Lyc\u00e9e Fran\u00e7ais Saint Louis de Stockholm<\/title>\n<meta name=\"robots\" content=\"index, follow, max-snippet:-1, max-image-preview:large, max-video-preview:-1\" \/>\n<link rel=\"canonical\" href=\"https:\/\/www.lfsl.net\/sv\/styrelsen-2020-2021\/\" \/>\n<meta property=\"og:locale\" content=\"sv_SE\" \/>\n<meta property=\"og:type\" content=\"article\" \/>\n<meta property=\"og:title\" content=\"Styrelsen 2020-2021 &#8211; Lyc\u00e9e Fran\u00e7ais Saint Louis de Stockholm\" \/>\n<meta property=\"og:description\" content=\"Den nya styrelsen p\u00e5 LFSL f\u00f6r 2020-2021 konstituerades den 19 november 2020. Styrelsens sammans\u00e4ttning omfattar nu tre nya medlemmar, en ledamot som vald av elevf\u00f6r\u00e4ldrarna och tv\u00e5 nya koopterade ledam\u00f6ter. De tv\u00e5 koopterade ledam\u00f6terna, Guillaume Lefebvre och Eva Kristensson, valdes till Ordf\u00f6rande, respektive Vice-ordf\u00f6rande. Eric Bonnel, ledamot vald av f\u00f6r\u00e4ldrarna, valdes till Kass\u00f6r. Guillaume Lefebvre ... L\u00e4s mer\" \/>\n<meta property=\"og:url\" content=\"https:\/\/www.lfsl.net\/sv\/styrelsen-2020-2021\/\" \/>\n<meta property=\"og:site_name\" content=\"Lyc\u00e9e Fran\u00e7ais Saint Louis de Stockholm\" \/>\n<meta property=\"article:publisher\" content=\"https:\/\/www.facebook.com\/Lyc%c3%a9e-Francais-Saint-Louis-182116921840529\/\" \/>\n<meta property=\"article:published_time\" content=\"2020-12-07T12:53:23+00:00\" \/>\n<meta property=\"article:modified_time\" content=\"2020-12-07T13:03:00+00:00\" \/>\n<meta property=\"og:image\" content=\"https:\/\/www.lfsl.net\/wp-content\/uploads\/2020\/12\/Fondation_4_crop.jpg\" \/>\n\t<meta property=\"og:image:width\" content=\"674\" \/>\n\t<meta property=\"og:image:height\" content=\"379\" \/>\n\t<meta property=\"og:image:type\" content=\"image\/jpeg\" \/>\n<meta name=\"author\" content=\"LFSL\" \/>\n<meta name=\"twitter:card\" content=\"summary_large_image\" \/>\n<script type=\"application\/ld+json\" class=\"yoast-schema-graph\">{\"@context\":\"https:\\\/\\\/schema.org\",\"@graph\":[{\"@type\":\"Article\",\"@id\":\"https:\\\/\\\/www.lfsl.net\\\/sv\\\/styrelsen-2020-2021\\\/#article\",\"isPartOf\":{\"@id\":\"https:\\\/\\\/www.lfsl.net\\\/sv\\\/styrelsen-2020-2021\\\/\"},\"author\":{\"name\":\"LFSL\",\"@id\":\"https:\\\/\\\/www.lfsl.net\\\/sv\\\/#\\\/schema\\\/person\\\/b844e4fec0b6546045ed48d495805bfc\"},\"headline\":\"Styrelsen 2020-2021\",\"datePublished\":\"2020-12-07T12:53:23+00:00\",\"dateModified\":\"2020-12-07T13:03:00+00:00\",\"mainEntityOfPage\":{\"@id\":\"https:\\\/\\\/www.lfsl.net\\\/sv\\\/styrelsen-2020-2021\\\/\"},\"wordCount\":359,\"publisher\":{\"@id\":\"https:\\\/\\\/www.lfsl.net\\\/sv\\\/#organization\"},\"image\":{\"@id\":\"https:\\\/\\\/www.lfsl.net\\\/sv\\\/styrelsen-2020-2021\\\/#primaryimage\"},\"thumbnailUrl\":\"https:\\\/\\\/www.lfsl.net\\\/wp-content\\\/uploads\\\/2020\\\/12\\\/Fondation_4_crop.jpg\",\"articleSection\":[\"Okategoriserad\"],\"inLanguage\":\"sv-SE\"},{\"@type\":\"WebPage\",\"@id\":\"https:\\\/\\\/www.lfsl.net\\\/sv\\\/styrelsen-2020-2021\\\/\",\"url\":\"https:\\\/\\\/www.lfsl.net\\\/sv\\\/styrelsen-2020-2021\\\/\",\"name\":\"Styrelsen 2020-2021 &#8211; Lyc\u00e9e Fran\u00e7ais Saint Louis de Stockholm\",\"isPartOf\":{\"@id\":\"https:\\\/\\\/www.lfsl.net\\\/sv\\\/#website\"},\"primaryImageOfPage\":{\"@id\":\"https:\\\/\\\/www.lfsl.net\\\/sv\\\/styrelsen-2020-2021\\\/#primaryimage\"},\"image\":{\"@id\":\"https:\\\/\\\/www.lfsl.net\\\/sv\\\/styrelsen-2020-2021\\\/#primaryimage\"},\"thumbnailUrl\":\"https:\\\/\\\/www.lfsl.net\\\/wp-content\\\/uploads\\\/2020\\\/12\\\/Fondation_4_crop.jpg\",\"datePublished\":\"2020-12-07T12:53:23+00:00\",\"dateModified\":\"2020-12-07T13:03:00+00:00\",\"breadcrumb\":{\"@id\":\"https:\\\/\\\/www.lfsl.net\\\/sv\\\/styrelsen-2020-2021\\\/#breadcrumb\"},\"inLanguage\":\"sv-SE\",\"potentialAction\":[{\"@type\":\"ReadAction\",\"target\":[\"https:\\\/\\\/www.lfsl.net\\\/sv\\\/styrelsen-2020-2021\\\/\"]}]},{\"@type\":\"ImageObject\",\"inLanguage\":\"sv-SE\",\"@id\":\"https:\\\/\\\/www.lfsl.net\\\/sv\\\/styrelsen-2020-2021\\\/#primaryimage\",\"url\":\"https:\\\/\\\/www.lfsl.net\\\/wp-content\\\/uploads\\\/2020\\\/12\\\/Fondation_4_crop.jpg\",\"contentUrl\":\"https:\\\/\\\/www.lfsl.net\\\/wp-content\\\/uploads\\\/2020\\\/12\\\/Fondation_4_crop.jpg\",\"width\":674,\"height\":379},{\"@type\":\"BreadcrumbList\",\"@id\":\"https:\\\/\\\/www.lfsl.net\\\/sv\\\/styrelsen-2020-2021\\\/#breadcrumb\",\"itemListElement\":[{\"@type\":\"ListItem\",\"position\":1,\"name\":\"Home\",\"item\":\"https:\\\/\\\/www.lfsl.net\\\/sv\\\/\"},{\"@type\":\"ListItem\",\"position\":2,\"name\":\"Styrelsen 2020-2021\"}]},{\"@type\":\"WebSite\",\"@id\":\"https:\\\/\\\/www.lfsl.net\\\/sv\\\/#website\",\"url\":\"https:\\\/\\\/www.lfsl.net\\\/sv\\\/\",\"name\":\"Lyc\u00e9e Fran\u00e7ais Saint Louis de Stockholm\",\"description\":\"\u00c9tablissement membre du r\u00e9seau AEFE\",\"publisher\":{\"@id\":\"https:\\\/\\\/www.lfsl.net\\\/sv\\\/#organization\"},\"potentialAction\":[{\"@type\":\"SearchAction\",\"target\":{\"@type\":\"EntryPoint\",\"urlTemplate\":\"https:\\\/\\\/www.lfsl.net\\\/sv\\\/?s={search_term_string}\"},\"query-input\":{\"@type\":\"PropertyValueSpecification\",\"valueRequired\":true,\"valueName\":\"search_term_string\"}}],\"inLanguage\":\"sv-SE\"},{\"@type\":\"Organization\",\"@id\":\"https:\\\/\\\/www.lfsl.net\\\/sv\\\/#organization\",\"name\":\"Lyc\u00e9e Fran\u00e7ais Saint Louis\",\"url\":\"https:\\\/\\\/www.lfsl.net\\\/sv\\\/\",\"logo\":{\"@type\":\"ImageObject\",\"inLanguage\":\"sv-SE\",\"@id\":\"https:\\\/\\\/www.lfsl.net\\\/sv\\\/#\\\/schema\\\/logo\\\/image\\\/\",\"url\":\"https:\\\/\\\/www.lfsl.net\\\/wp-content\\\/uploads\\\/2021\\\/03\\\/LFSL-logo.jpg\",\"contentUrl\":\"https:\\\/\\\/www.lfsl.net\\\/wp-content\\\/uploads\\\/2021\\\/03\\\/LFSL-logo.jpg\",\"width\":330,\"height\":473,\"caption\":\"Lyc\u00e9e Fran\u00e7ais Saint Louis\"},\"image\":{\"@id\":\"https:\\\/\\\/www.lfsl.net\\\/sv\\\/#\\\/schema\\\/logo\\\/image\\\/\"},\"sameAs\":[\"https:\\\/\\\/www.facebook.com\\\/Lyc\u00e9e-Francais-Saint-Louis-182116921840529\\\/\",\"https:\\\/\\\/www.instagram.com\\\/lyceefrancaisstockholm\\\/\",\"https:\\\/\\\/www.linkedin.com\\\/school\\\/lfsl\\\/\",\"https:\\\/\\\/www.youtube.com\\\/channel\\\/UCchS4IO4jE_YY0ILwn5NgGQ\"]},{\"@type\":\"Person\",\"@id\":\"https:\\\/\\\/www.lfsl.net\\\/sv\\\/#\\\/schema\\\/person\\\/b844e4fec0b6546045ed48d495805bfc\",\"name\":\"LFSL\",\"image\":{\"@type\":\"ImageObject\",\"inLanguage\":\"sv-SE\",\"@id\":\"https:\\\/\\\/secure.gravatar.com\\\/avatar\\\/8675186c12a5532dad5f25706eb6019c936983ed4945888898482ec1904338ec?s=96&d=mm&r=g\",\"url\":\"https:\\\/\\\/secure.gravatar.com\\\/avatar\\\/8675186c12a5532dad5f25706eb6019c936983ed4945888898482ec1904338ec?s=96&d=mm&r=g\",\"contentUrl\":\"https:\\\/\\\/secure.gravatar.com\\\/avatar\\\/8675186c12a5532dad5f25706eb6019c936983ed4945888898482ec1904338ec?s=96&d=mm&r=g\",\"caption\":\"LFSL\"},\"url\":\"https:\\\/\\\/www.lfsl.net\\\/sv\\\/author\\\/lfsladmin\\\/\"}]}<\/script>\n<!-- \/ Yoast SEO plugin. -->","yoast_head_json":{"title":"Styrelsen 2020-2021 &#8211; Lyc\u00e9e Fran\u00e7ais Saint Louis de Stockholm","robots":{"index":"index","follow":"follow","max-snippet":"max-snippet:-1","max-image-preview":"max-image-preview:large","max-video-preview":"max-video-preview:-1"},"canonical":"https:\/\/www.lfsl.net\/sv\/styrelsen-2020-2021\/","og_locale":"sv_SE","og_type":"article","og_title":"Styrelsen 2020-2021 &#8211; Lyc\u00e9e Fran\u00e7ais Saint Louis de Stockholm","og_description":"Den nya styrelsen p\u00e5 LFSL f\u00f6r 2020-2021 konstituerades den 19 november 2020. Styrelsens sammans\u00e4ttning omfattar nu tre nya medlemmar, en ledamot som vald av elevf\u00f6r\u00e4ldrarna och tv\u00e5 nya koopterade ledam\u00f6ter. De tv\u00e5 koopterade ledam\u00f6terna, Guillaume Lefebvre och Eva Kristensson, valdes till Ordf\u00f6rande, respektive Vice-ordf\u00f6rande. Eric Bonnel, ledamot vald av f\u00f6r\u00e4ldrarna, valdes till Kass\u00f6r. Guillaume Lefebvre ... L\u00e4s mer","og_url":"https:\/\/www.lfsl.net\/sv\/styrelsen-2020-2021\/","og_site_name":"Lyc\u00e9e Fran\u00e7ais Saint Louis de Stockholm","article_publisher":"https:\/\/www.facebook.com\/Lyc%c3%a9e-Francais-Saint-Louis-182116921840529\/","article_published_time":"2020-12-07T12:53:23+00:00","article_modified_time":"2020-12-07T13:03:00+00:00","og_image":[{"width":674,"height":379,"url":"https:\/\/www.lfsl.net\/wp-content\/uploads\/2020\/12\/Fondation_4_crop.jpg","type":"image\/jpeg"}],"author":"LFSL","twitter_card":"summary_large_image","schema":{"@context":"https:\/\/schema.org","@graph":[{"@type":"Article","@id":"https:\/\/www.lfsl.net\/sv\/styrelsen-2020-2021\/#article","isPartOf":{"@id":"https:\/\/www.lfsl.net\/sv\/styrelsen-2020-2021\/"},"author":{"name":"LFSL","@id":"https:\/\/www.lfsl.net\/sv\/#\/schema\/person\/b844e4fec0b6546045ed48d495805bfc"},"headline":"Styrelsen 2020-2021","datePublished":"2020-12-07T12:53:23+00:00","dateModified":"2020-12-07T13:03:00+00:00","mainEntityOfPage":{"@id":"https:\/\/www.lfsl.net\/sv\/styrelsen-2020-2021\/"},"wordCount":359,"publisher":{"@id":"https:\/\/www.lfsl.net\/sv\/#organization"},"image":{"@id":"https:\/\/www.lfsl.net\/sv\/styrelsen-2020-2021\/#primaryimage"},"thumbnailUrl":"https:\/\/www.lfsl.net\/wp-content\/uploads\/2020\/12\/Fondation_4_crop.jpg","articleSection":["Okategoriserad"],"inLanguage":"sv-SE"},{"@type":"WebPage","@id":"https:\/\/www.lfsl.net\/sv\/styrelsen-2020-2021\/","url":"https:\/\/www.lfsl.net\/sv\/styrelsen-2020-2021\/","name":"Styrelsen 2020-2021 &#8211; Lyc\u00e9e Fran\u00e7ais Saint Louis de Stockholm","isPartOf":{"@id":"https:\/\/www.lfsl.net\/sv\/#website"},"primaryImageOfPage":{"@id":"https:\/\/www.lfsl.net\/sv\/styrelsen-2020-2021\/#primaryimage"},"image":{"@id":"https:\/\/www.lfsl.net\/sv\/styrelsen-2020-2021\/#primaryimage"},"thumbnailUrl":"https:\/\/www.lfsl.net\/wp-content\/uploads\/2020\/12\/Fondation_4_crop.jpg","datePublished":"2020-12-07T12:53:23+00:00","dateModified":"2020-12-07T13:03:00+00:00","breadcrumb":{"@id":"https:\/\/www.lfsl.net\/sv\/styrelsen-2020-2021\/#breadcrumb"},"inLanguage":"sv-SE","potentialAction":[{"@type":"ReadAction","target":["https:\/\/www.lfsl.net\/sv\/styrelsen-2020-2021\/"]}]},{"@type":"ImageObject","inLanguage":"sv-SE","@id":"https:\/\/www.lfsl.net\/sv\/styrelsen-2020-2021\/#primaryimage","url":"https:\/\/www.lfsl.net\/wp-content\/uploads\/2020\/12\/Fondation_4_crop.jpg","contentUrl":"https:\/\/www.lfsl.net\/wp-content\/uploads\/2020\/12\/Fondation_4_crop.jpg","width":674,"height":379},{"@type":"BreadcrumbList","@id":"https:\/\/www.lfsl.net\/sv\/styrelsen-2020-2021\/#breadcrumb","itemListElement":[{"@type":"ListItem","position":1,"name":"Home","item":"https:\/\/www.lfsl.net\/sv\/"},{"@type":"ListItem","position":2,"name":"Styrelsen 2020-2021"}]},{"@type":"WebSite","@id":"https:\/\/www.lfsl.net\/sv\/#website","url":"https:\/\/www.lfsl.net\/sv\/","name":"Lyc\u00e9e Fran\u00e7ais Saint Louis de Stockholm","description":"\u00c9tablissement membre du r\u00e9seau AEFE","publisher":{"@id":"https:\/\/www.lfsl.net\/sv\/#organization"},"potentialAction":[{"@type":"SearchAction","target":{"@type":"EntryPoint","urlTemplate":"https:\/\/www.lfsl.net\/sv\/?s={search_term_string}"},"query-input":{"@type":"PropertyValueSpecification","valueRequired":true,"valueName":"search_term_string"}}],"inLanguage":"sv-SE"},{"@type":"Organization","@id":"https:\/\/www.lfsl.net\/sv\/#organization","name":"Lyc\u00e9e Fran\u00e7ais Saint Louis","url":"https:\/\/www.lfsl.net\/sv\/","logo":{"@type":"ImageObject","inLanguage":"sv-SE","@id":"https:\/\/www.lfsl.net\/sv\/#\/schema\/logo\/image\/","url":"https:\/\/www.lfsl.net\/wp-content\/uploads\/2021\/03\/LFSL-logo.jpg","contentUrl":"https:\/\/www.lfsl.net\/wp-content\/uploads\/2021\/03\/LFSL-logo.jpg","width":330,"height":473,"caption":"Lyc\u00e9e Fran\u00e7ais Saint Louis"},"image":{"@id":"https:\/\/www.lfsl.net\/sv\/#\/schema\/logo\/image\/"},"sameAs":["https:\/\/www.facebook.com\/Lyc\u00e9e-Francais-Saint-Louis-182116921840529\/","https:\/\/www.instagram.com\/lyceefrancaisstockholm\/","https:\/\/www.linkedin.com\/school\/lfsl\/","https:\/\/www.youtube.com\/channel\/UCchS4IO4jE_YY0ILwn5NgGQ"]},{"@type":"Person","@id":"https:\/\/www.lfsl.net\/sv\/#\/schema\/person\/b844e4fec0b6546045ed48d495805bfc","name":"LFSL","image":{"@type":"ImageObject","inLanguage":"sv-SE","@id":"https:\/\/secure.gravatar.com\/avatar\/8675186c12a5532dad5f25706eb6019c936983ed4945888898482ec1904338ec?s=96&d=mm&r=g","url":"https:\/\/secure.gravatar.com\/avatar\/8675186c12a5532dad5f25706eb6019c936983ed4945888898482ec1904338ec?s=96&d=mm&r=g","contentUrl":"https:\/\/secure.gravatar.com\/avatar\/8675186c12a5532dad5f25706eb6019c936983ed4945888898482ec1904338ec?s=96&d=mm&r=g","caption":"LFSL"},"url":"https:\/\/www.lfsl.net\/sv\/author\/lfsladmin\/"}]}},"_links":{"self":[{"href":"https:\/\/www.lfsl.net\/sv\/wp-json\/wp\/v2\/posts\/9565","targetHints":{"allow":["GET"]}}],"collection":[{"href":"https:\/\/www.lfsl.net\/sv\/wp-json\/wp\/v2\/posts"}],"about":[{"href":"https:\/\/www.lfsl.net\/sv\/wp-json\/wp\/v2\/types\/post"}],"author":[{"embeddable":true,"href":"https:\/\/www.lfsl.net\/sv\/wp-json\/wp\/v2\/users\/1"}],"replies":[{"embeddable":true,"href":"https:\/\/www.lfsl.net\/sv\/wp-json\/wp\/v2\/comments?post=9565"}],"version-history":[{"count":9,"href":"https:\/\/www.lfsl.net\/sv\/wp-json\/wp\/v2\/posts\/9565\/revisions"}],"predecessor-version":[{"id":9591,"href":"https:\/\/www.lfsl.net\/sv\/wp-json\/wp\/v2\/posts\/9565\/revisions\/9591"}],"wp:featuredmedia":[{"embeddable":true,"href":"https:\/\/www.lfsl.net\/sv\/wp-json\/wp\/v2\/media\/9578"}],"wp:attachment":[{"href":"https:\/\/www.lfsl.net\/sv\/wp-json\/wp\/v2\/media?parent=9565"}],"wp:term":[{"taxonomy":"category","embeddable":true,"href":"https:\/\/www.lfsl.net\/sv\/wp-json\/wp\/v2\/categories?post=9565"},{"taxonomy":"post_tag","embeddable":true,"href":"https:\/\/www.lfsl.net\/sv\/wp-json\/wp\/v2\/tags?post=9565"}],"curies":[{"name":"wp","href":"https:\/\/api.w.org\/{rel}","templated":true}]}}