{"id":9715,"date":"2021-01-04T16:44:41","date_gmt":"2021-01-04T16:44:41","guid":{"rendered":"https:\/\/www.lfsl.net\/?p=9715"},"modified":"2021-01-07T16:44:53","modified_gmt":"2021-01-07T16:44:53","slug":"endlich-meine-shultute-antligen-min-skolstrut","status":"publish","type":"post","link":"https:\/\/www.lfsl.net\/sv\/endlich-meine-shultute-antligen-min-skolstrut\/","title":{"rendered":"&#8221;Endlich meine Sh\u00fcltute!&#8221; &#8211; \u00c4ntligen min &#8221;skolstrut&#8221;!"},"content":{"rendered":"\n<p>Vilken stor \u00f6verraskning i b\u00f6rjan av skol\u00e5ret!<\/p>\n\n\n\n<p>Det var inte s\u00e5 mycket att l\u00e4ra sig det tyska\nalfabetet eller dagarna och m\u00e5naderna som entusiasmerade de 25 eleverna i 5\u00e8me,\nsom b\u00f6rjade i tyska som LV2, utan det var den ber\u00f6mda &#8221;Schult\u00fcten&#8221;.<\/p>\n\n\n\n<p>Vanligtvis \u00e4r det de unga tyska eleverna som\nb\u00f6rjar i f\u00f6rsta klass i skolan (1. Klasse) som erbjuds sin\n&#8221;skolv\u00e4ska&#8221;. F\u00f6r\u00e4ldrar och farf\u00f6r\u00e4ldrar k\u00e4mpar f\u00f6r att i hemlighet\ng\u00f6ra den vackraste Schult\u00fcten, som de sedan fyller med skolmaterial, en\nmini-gossedjur, oemotst\u00e5ndliga Haribo och m\u00e5nga andra saker &#8230;<\/p>\n\n\n\n<p>P\u00e5 LFSL har vi anpassat denna tradition &#8230;<\/p>\n\n\n\n<p>I juni 2020, tillbaka fr\u00e5n en l\u00e5ng tid av\ndistansundervisning hemma, tog de d\u00e5varande tyskeleverna i&nbsp; 5\u00e8me tillf\u00e4llet i akt att med stor gl\u00e4dje\ng\u00f6ra egna Schult\u00fcten till sina framtida klasskamrater som skulle b\u00f6rja tyska.\nF\u00f6r att fira sin debut p\u00e5 tyska \ud83d\ude09 En riktig\nkonstlektion!<\/p>\n\n\n\n<p>I augusti 2020 polerade de sina dekorationer\noch fyllde dem med allt som vissa tyska institutioner i Stockholm gener\u00f6st hade\nskickat oss.<\/p>\n\n\n\n<p>Och det var p\u00e5 gott hum\u00f6r och med stolthet att\ntre germanister i 4\u00e8me kom f\u00f6r att dela ut det som kallas\n&#8221;Schult\u00fcten&#8221;.<\/p>\n\n\n\n<p>Allt som \u00e5terstod f\u00f6r eleverna i 5\u00e8me var att\narbeta bra i klassen f\u00f6r att kunna svara p\u00e5 vykorten som fanns i konerna, bland\nballonger i Tysklands f\u00e4rger och ambassadens penna &#8230;<\/p>\n\n\n\n<p>Tack till eleverna i 4\u00e8me f\u00f6r deras deltagande\noch entusiasm!<\/p>\n\n\n\n<p>Tack till den tyska ambassaden i Sverige, den\nsvensk-tyska handelskammaren och Goethe-institutet i Stockholm f\u00f6r deras\ngenerositet.<\/p>\n\n\n\n<p>Ein tolles neues Schuljahr an allen!<\/p>\n\n\n\n<ul class=\"wp-block-gallery columns-3 is-cropped wp-block-gallery-1 is-layout-flex wp-block-gallery-is-layout-flex\"><li class=\"blocks-gallery-item\"><figure><img loading=\"lazy\" decoding=\"async\" width=\"1200\" height=\"718\" src=\"https:\/\/www.lfsl.net\/wp-content\/uploads\/2021\/01\/Bild_5-1200x718.jpeg\" alt=\"\" data-id=\"9709\" data-link=\"https:\/\/www.lfsl.net\/sv\/bild_5-2\/\" class=\"wp-image-9709\" srcset=\"https:\/\/www.lfsl.net\/wp-content\/uploads\/2021\/01\/Bild_5-1200x718.jpeg 1200w, https:\/\/www.lfsl.net\/wp-content\/uploads\/2021\/01\/Bild_5-600x359.jpeg 600w, https:\/\/www.lfsl.net\/wp-content\/uploads\/2021\/01\/Bild_5-768x460.jpeg 768w, https:\/\/www.lfsl.net\/wp-content\/uploads\/2021\/01\/Bild_5.jpeg 1673w\" sizes=\"auto, (max-width: 1200px) 100vw, 1200px\" \/><\/figure><\/li><li class=\"blocks-gallery-item\"><figure><img loading=\"lazy\" decoding=\"async\" width=\"750\" height=\"1000\" src=\"https:\/\/www.lfsl.net\/wp-content\/uploads\/2021\/01\/Bild_4.jpeg\" alt=\"\" data-id=\"9706\" data-link=\"https:\/\/www.lfsl.net\/sv\/bild_4-2\/\" class=\"wp-image-9706\" srcset=\"https:\/\/www.lfsl.net\/wp-content\/uploads\/2021\/01\/Bild_4.jpeg 750w, https:\/\/www.lfsl.net\/wp-content\/uploads\/2021\/01\/Bild_4-450x600.jpeg 450w\" sizes=\"auto, (max-width: 750px) 100vw, 750px\" \/><\/figure><\/li><li class=\"blocks-gallery-item\"><figure><img loading=\"lazy\" decoding=\"async\" width=\"1200\" height=\"892\" src=\"https:\/\/www.lfsl.net\/wp-content\/uploads\/2021\/01\/Bild_3-1200x892.jpeg\" alt=\"\" data-id=\"9703\" data-link=\"https:\/\/www.lfsl.net\/sv\/bild_3-2\/\" class=\"wp-image-9703\" srcset=\"https:\/\/www.lfsl.net\/wp-content\/uploads\/2021\/01\/Bild_3-1200x892.jpeg 1200w, https:\/\/www.lfsl.net\/wp-content\/uploads\/2021\/01\/Bild_3-600x446.jpeg 600w, https:\/\/www.lfsl.net\/wp-content\/uploads\/2021\/01\/Bild_3-768x571.jpeg 768w, https:\/\/www.lfsl.net\/wp-content\/uploads\/2021\/01\/Bild_3.jpeg 1346w\" sizes=\"auto, (max-width: 1200px) 100vw, 1200px\" \/><\/figure><\/li><li class=\"blocks-gallery-item\"><figure><img loading=\"lazy\" decoding=\"async\" width=\"1200\" height=\"900\" src=\"https:\/\/www.lfsl.net\/wp-content\/uploads\/2021\/01\/Bild_2-1200x900.jpeg\" alt=\"\" data-id=\"9700\" data-link=\"https:\/\/www.lfsl.net\/sv\/bild_2-2\/\" class=\"wp-image-9700\" srcset=\"https:\/\/www.lfsl.net\/wp-content\/uploads\/2021\/01\/Bild_2-1200x900.jpeg 1200w, https:\/\/www.lfsl.net\/wp-content\/uploads\/2021\/01\/Bild_2-600x450.jpeg 600w, https:\/\/www.lfsl.net\/wp-content\/uploads\/2021\/01\/Bild_2-768x576.jpeg 768w, https:\/\/www.lfsl.net\/wp-content\/uploads\/2021\/01\/Bild_2.jpeg 1334w\" sizes=\"auto, (max-width: 1200px) 100vw, 1200px\" \/><\/figure><\/li><li class=\"blocks-gallery-item\"><figure><img loading=\"lazy\" decoding=\"async\" width=\"1200\" height=\"748\" src=\"https:\/\/www.lfsl.net\/wp-content\/uploads\/2021\/01\/Bild-1-1200x748.jpeg\" alt=\"\" data-id=\"9697\" data-link=\"https:\/\/www.lfsl.net\/sv\/bild-1-2\/\" class=\"wp-image-9697\" srcset=\"https:\/\/www.lfsl.net\/wp-content\/uploads\/2021\/01\/Bild-1-1200x748.jpeg 1200w, https:\/\/www.lfsl.net\/wp-content\/uploads\/2021\/01\/Bild-1-600x374.jpeg 600w, https:\/\/www.lfsl.net\/wp-content\/uploads\/2021\/01\/Bild-1-768x479.jpeg 768w, https:\/\/www.lfsl.net\/wp-content\/uploads\/2021\/01\/Bild-1.jpeg 1389w\" sizes=\"auto, (max-width: 1200px) 100vw, 1200px\" \/><\/figure><\/li><li class=\"blocks-gallery-item\"><figure><img loading=\"lazy\" decoding=\"async\" width=\"1200\" height=\"718\" src=\"https:\/\/www.lfsl.net\/wp-content\/uploads\/2021\/01\/20200902_115403-1200x718.jpg\" alt=\"\" data-id=\"9694\" data-link=\"https:\/\/www.lfsl.net\/sv\/20200902_115403-2\/\" class=\"wp-image-9694\" srcset=\"https:\/\/www.lfsl.net\/wp-content\/uploads\/2021\/01\/20200902_115403-1200x718.jpg 1200w, https:\/\/www.lfsl.net\/wp-content\/uploads\/2021\/01\/20200902_115403-600x359.jpg 600w, https:\/\/www.lfsl.net\/wp-content\/uploads\/2021\/01\/20200902_115403-768x459.jpg 768w\" sizes=\"auto, (max-width: 1200px) 100vw, 1200px\" \/><\/figure><\/li><li class=\"blocks-gallery-item\"><figure><img loading=\"lazy\" decoding=\"async\" width=\"724\" height=\"1024\" src=\"https:\/\/www.lfsl.net\/wp-content\/uploads\/2021\/01\/affiche-Schult\u00fcten-724x1024.jpg\" alt=\"\" data-id=\"9712\" data-link=\"https:\/\/www.lfsl.net\/sv\/affiche-schultuten-2\/\" class=\"wp-image-9712\" srcset=\"https:\/\/www.lfsl.net\/wp-content\/uploads\/2021\/01\/affiche-Schult\u00fcten-724x1024.jpg 724w, https:\/\/www.lfsl.net\/wp-content\/uploads\/2021\/01\/affiche-Schult\u00fcten-424x600.jpg 424w, https:\/\/www.lfsl.net\/wp-content\/uploads\/2021\/01\/affiche-Schult\u00fcten-768x1086.jpg 768w, https:\/\/www.lfsl.net\/wp-content\/uploads\/2021\/01\/affiche-Schult\u00fcten.jpg 1587w\" sizes=\"auto, (max-width: 724px) 100vw, 724px\" \/><\/figure><\/li><\/ul>\n","protected":false},"excerpt":{"rendered":"<p>Vilken stor \u00f6verraskning i b\u00f6rjan av skol\u00e5ret! Det var inte s\u00e5 mycket att l\u00e4ra sig det tyska alfabetet eller dagarna och m\u00e5naderna som entusiasmerade de 25 eleverna i 5\u00e8me, som b\u00f6rjade i tyska som LV2, utan det var den ber\u00f6mda &#8221;Schult\u00fcten&#8221;. Vanligtvis \u00e4r det de unga tyska eleverna som b\u00f6rjar i f\u00f6rsta klass i skolan &#8230; <\/p>\n<p class=\"read-more-container\"><a title=\"&#8221;Endlich meine Sh\u00fcltute!&#8221; &#8211; \u00c4ntligen min &#8221;skolstrut&#8221;!\" class=\"read-more button\" href=\"https:\/\/www.lfsl.net\/sv\/endlich-meine-shultute-antligen-min-skolstrut\/#more-9715\" aria-label=\"L\u00e4s mer om &#8221;Endlich meine Sh\u00fcltute!&#8221; &#8211; \u00c4ntligen min &#8221;skolstrut&#8221;!\">L\u00e4s mer<\/a><\/p>\n","protected":false},"author":1,"featured_media":9691,"comment_status":"closed","ping_status":"closed","sticky":false,"template":"","format":"standard","meta":{"footnotes":""},"categories":[7],"tags":[],"class_list":["post-9715","post","type-post","status-publish","format-standard","has-post-thumbnail","hentry","category-okategoriserad"],"yoast_head":"<!-- This site is optimized with the Yoast SEO plugin v27.4 - https:\/\/yoast.com\/product\/yoast-seo-wordpress\/ -->\n<title>&quot;Endlich meine Sh\u00fcltute!&quot; - \u00c4ntligen min &quot;skolstrut&quot;! &#8211; Lyc\u00e9e Fran\u00e7ais Saint Louis de Stockholm<\/title>\n<meta name=\"robots\" content=\"index, follow, max-snippet:-1, max-image-preview:large, max-video-preview:-1\" \/>\n<link rel=\"canonical\" href=\"https:\/\/www.lfsl.net\/sv\/endlich-meine-shultute-antligen-min-skolstrut\/\" \/>\n<meta property=\"og:locale\" content=\"sv_SE\" \/>\n<meta property=\"og:type\" content=\"article\" \/>\n<meta property=\"og:title\" content=\"&quot;Endlich meine Sh\u00fcltute!&quot; - \u00c4ntligen min &quot;skolstrut&quot;! &#8211; Lyc\u00e9e Fran\u00e7ais Saint Louis de Stockholm\" \/>\n<meta property=\"og:description\" content=\"Vilken stor \u00f6verraskning i b\u00f6rjan av skol\u00e5ret! Det var inte s\u00e5 mycket att l\u00e4ra sig det tyska alfabetet eller dagarna och m\u00e5naderna som entusiasmerade de 25 eleverna i 5\u00e8me, som b\u00f6rjade i tyska som LV2, utan det var den ber\u00f6mda &#8221;Schult\u00fcten&#8221;. Vanligtvis \u00e4r det de unga tyska eleverna som b\u00f6rjar i f\u00f6rsta klass i skolan ... L\u00e4s mer\" \/>\n<meta property=\"og:url\" content=\"https:\/\/www.lfsl.net\/sv\/endlich-meine-shultute-antligen-min-skolstrut\/\" \/>\n<meta property=\"og:site_name\" content=\"Lyc\u00e9e Fran\u00e7ais Saint Louis de Stockholm\" \/>\n<meta property=\"article:publisher\" content=\"https:\/\/www.facebook.com\/Lyc%c3%a9e-Francais-Saint-Louis-182116921840529\/\" \/>\n<meta property=\"article:published_time\" content=\"2021-01-04T16:44:41+00:00\" \/>\n<meta property=\"article:modified_time\" content=\"2021-01-07T16:44:53+00:00\" \/>\n<meta property=\"og:image\" content=\"https:\/\/www.lfsl.net\/wp-content\/uploads\/2021\/01\/affiche-Schult\u00fcten_crop.jpg\" \/>\n\t<meta property=\"og:image:width\" content=\"1587\" \/>\n\t<meta property=\"og:image:height\" content=\"893\" \/>\n\t<meta property=\"og:image:type\" content=\"image\/jpeg\" \/>\n<meta name=\"author\" content=\"LFSL\" \/>\n<meta name=\"twitter:card\" content=\"summary_large_image\" \/>\n<script type=\"application\/ld+json\" class=\"yoast-schema-graph\">{\"@context\":\"https:\\\/\\\/schema.org\",\"@graph\":[{\"@type\":\"Article\",\"@id\":\"https:\\\/\\\/www.lfsl.net\\\/sv\\\/endlich-meine-shultute-antligen-min-skolstrut\\\/#article\",\"isPartOf\":{\"@id\":\"https:\\\/\\\/www.lfsl.net\\\/sv\\\/endlich-meine-shultute-antligen-min-skolstrut\\\/\"},\"author\":{\"name\":\"LFSL\",\"@id\":\"https:\\\/\\\/www.lfsl.net\\\/sv\\\/#\\\/schema\\\/person\\\/b844e4fec0b6546045ed48d495805bfc\"},\"headline\":\"&#8221;Endlich meine Sh\u00fcltute!&#8221; &#8211; \u00c4ntligen min &#8221;skolstrut&#8221;!\",\"datePublished\":\"2021-01-04T16:44:41+00:00\",\"dateModified\":\"2021-01-07T16:44:53+00:00\",\"mainEntityOfPage\":{\"@id\":\"https:\\\/\\\/www.lfsl.net\\\/sv\\\/endlich-meine-shultute-antligen-min-skolstrut\\\/\"},\"wordCount\":291,\"publisher\":{\"@id\":\"https:\\\/\\\/www.lfsl.net\\\/sv\\\/#organization\"},\"image\":{\"@id\":\"https:\\\/\\\/www.lfsl.net\\\/sv\\\/endlich-meine-shultute-antligen-min-skolstrut\\\/#primaryimage\"},\"thumbnailUrl\":\"https:\\\/\\\/www.lfsl.net\\\/wp-content\\\/uploads\\\/2021\\\/01\\\/affiche-Schult\u00fcten_crop.jpg\",\"articleSection\":[\"Okategoriserad\"],\"inLanguage\":\"sv-SE\"},{\"@type\":\"WebPage\",\"@id\":\"https:\\\/\\\/www.lfsl.net\\\/sv\\\/endlich-meine-shultute-antligen-min-skolstrut\\\/\",\"url\":\"https:\\\/\\\/www.lfsl.net\\\/sv\\\/endlich-meine-shultute-antligen-min-skolstrut\\\/\",\"name\":\"\\\"Endlich meine Sh\u00fcltute!\\\" - \u00c4ntligen min \\\"skolstrut\\\"! &#8211; Lyc\u00e9e Fran\u00e7ais Saint Louis de Stockholm\",\"isPartOf\":{\"@id\":\"https:\\\/\\\/www.lfsl.net\\\/sv\\\/#website\"},\"primaryImageOfPage\":{\"@id\":\"https:\\\/\\\/www.lfsl.net\\\/sv\\\/endlich-meine-shultute-antligen-min-skolstrut\\\/#primaryimage\"},\"image\":{\"@id\":\"https:\\\/\\\/www.lfsl.net\\\/sv\\\/endlich-meine-shultute-antligen-min-skolstrut\\\/#primaryimage\"},\"thumbnailUrl\":\"https:\\\/\\\/www.lfsl.net\\\/wp-content\\\/uploads\\\/2021\\\/01\\\/affiche-Schult\u00fcten_crop.jpg\",\"datePublished\":\"2021-01-04T16:44:41+00:00\",\"dateModified\":\"2021-01-07T16:44:53+00:00\",\"breadcrumb\":{\"@id\":\"https:\\\/\\\/www.lfsl.net\\\/sv\\\/endlich-meine-shultute-antligen-min-skolstrut\\\/#breadcrumb\"},\"inLanguage\":\"sv-SE\",\"potentialAction\":[{\"@type\":\"ReadAction\",\"target\":[\"https:\\\/\\\/www.lfsl.net\\\/sv\\\/endlich-meine-shultute-antligen-min-skolstrut\\\/\"]}]},{\"@type\":\"ImageObject\",\"inLanguage\":\"sv-SE\",\"@id\":\"https:\\\/\\\/www.lfsl.net\\\/sv\\\/endlich-meine-shultute-antligen-min-skolstrut\\\/#primaryimage\",\"url\":\"https:\\\/\\\/www.lfsl.net\\\/wp-content\\\/uploads\\\/2021\\\/01\\\/affiche-Schult\u00fcten_crop.jpg\",\"contentUrl\":\"https:\\\/\\\/www.lfsl.net\\\/wp-content\\\/uploads\\\/2021\\\/01\\\/affiche-Schult\u00fcten_crop.jpg\",\"width\":1587,\"height\":893},{\"@type\":\"BreadcrumbList\",\"@id\":\"https:\\\/\\\/www.lfsl.net\\\/sv\\\/endlich-meine-shultute-antligen-min-skolstrut\\\/#breadcrumb\",\"itemListElement\":[{\"@type\":\"ListItem\",\"position\":1,\"name\":\"Home\",\"item\":\"https:\\\/\\\/www.lfsl.net\\\/sv\\\/\"},{\"@type\":\"ListItem\",\"position\":2,\"name\":\"&#8220;Endlich meine Sh\u00fcltute!&#8221; &#8211; \u00c4ntligen min &#8220;skolstrut&#8221;!\"}]},{\"@type\":\"WebSite\",\"@id\":\"https:\\\/\\\/www.lfsl.net\\\/sv\\\/#website\",\"url\":\"https:\\\/\\\/www.lfsl.net\\\/sv\\\/\",\"name\":\"Lyc\u00e9e Fran\u00e7ais Saint Louis de Stockholm\",\"description\":\"\u00c9tablissement membre du r\u00e9seau AEFE\",\"publisher\":{\"@id\":\"https:\\\/\\\/www.lfsl.net\\\/sv\\\/#organization\"},\"potentialAction\":[{\"@type\":\"SearchAction\",\"target\":{\"@type\":\"EntryPoint\",\"urlTemplate\":\"https:\\\/\\\/www.lfsl.net\\\/sv\\\/?s={search_term_string}\"},\"query-input\":{\"@type\":\"PropertyValueSpecification\",\"valueRequired\":true,\"valueName\":\"search_term_string\"}}],\"inLanguage\":\"sv-SE\"},{\"@type\":\"Organization\",\"@id\":\"https:\\\/\\\/www.lfsl.net\\\/sv\\\/#organization\",\"name\":\"Lyc\u00e9e Fran\u00e7ais Saint Louis\",\"url\":\"https:\\\/\\\/www.lfsl.net\\\/sv\\\/\",\"logo\":{\"@type\":\"ImageObject\",\"inLanguage\":\"sv-SE\",\"@id\":\"https:\\\/\\\/www.lfsl.net\\\/sv\\\/#\\\/schema\\\/logo\\\/image\\\/\",\"url\":\"https:\\\/\\\/www.lfsl.net\\\/wp-content\\\/uploads\\\/2021\\\/03\\\/LFSL-logo.jpg\",\"contentUrl\":\"https:\\\/\\\/www.lfsl.net\\\/wp-content\\\/uploads\\\/2021\\\/03\\\/LFSL-logo.jpg\",\"width\":330,\"height\":473,\"caption\":\"Lyc\u00e9e Fran\u00e7ais Saint Louis\"},\"image\":{\"@id\":\"https:\\\/\\\/www.lfsl.net\\\/sv\\\/#\\\/schema\\\/logo\\\/image\\\/\"},\"sameAs\":[\"https:\\\/\\\/www.facebook.com\\\/Lyc\u00e9e-Francais-Saint-Louis-182116921840529\\\/\",\"https:\\\/\\\/www.instagram.com\\\/lyceefrancaisstockholm\\\/\",\"https:\\\/\\\/www.linkedin.com\\\/school\\\/lfsl\\\/\",\"https:\\\/\\\/www.youtube.com\\\/channel\\\/UCchS4IO4jE_YY0ILwn5NgGQ\"]},{\"@type\":\"Person\",\"@id\":\"https:\\\/\\\/www.lfsl.net\\\/sv\\\/#\\\/schema\\\/person\\\/b844e4fec0b6546045ed48d495805bfc\",\"name\":\"LFSL\",\"image\":{\"@type\":\"ImageObject\",\"inLanguage\":\"sv-SE\",\"@id\":\"https:\\\/\\\/secure.gravatar.com\\\/avatar\\\/8675186c12a5532dad5f25706eb6019c936983ed4945888898482ec1904338ec?s=96&d=mm&r=g\",\"url\":\"https:\\\/\\\/secure.gravatar.com\\\/avatar\\\/8675186c12a5532dad5f25706eb6019c936983ed4945888898482ec1904338ec?s=96&d=mm&r=g\",\"contentUrl\":\"https:\\\/\\\/secure.gravatar.com\\\/avatar\\\/8675186c12a5532dad5f25706eb6019c936983ed4945888898482ec1904338ec?s=96&d=mm&r=g\",\"caption\":\"LFSL\"},\"url\":\"https:\\\/\\\/www.lfsl.net\\\/sv\\\/author\\\/lfsladmin\\\/\"}]}<\/script>\n<!-- \/ Yoast SEO plugin. -->","yoast_head_json":{"title":"\"Endlich meine Sh\u00fcltute!\" - \u00c4ntligen min \"skolstrut\"! &#8211; Lyc\u00e9e Fran\u00e7ais Saint Louis de Stockholm","robots":{"index":"index","follow":"follow","max-snippet":"max-snippet:-1","max-image-preview":"max-image-preview:large","max-video-preview":"max-video-preview:-1"},"canonical":"https:\/\/www.lfsl.net\/sv\/endlich-meine-shultute-antligen-min-skolstrut\/","og_locale":"sv_SE","og_type":"article","og_title":"\"Endlich meine Sh\u00fcltute!\" - \u00c4ntligen min \"skolstrut\"! &#8211; Lyc\u00e9e Fran\u00e7ais Saint Louis de Stockholm","og_description":"Vilken stor \u00f6verraskning i b\u00f6rjan av skol\u00e5ret! Det var inte s\u00e5 mycket att l\u00e4ra sig det tyska alfabetet eller dagarna och m\u00e5naderna som entusiasmerade de 25 eleverna i 5\u00e8me, som b\u00f6rjade i tyska som LV2, utan det var den ber\u00f6mda &#8221;Schult\u00fcten&#8221;. Vanligtvis \u00e4r det de unga tyska eleverna som b\u00f6rjar i f\u00f6rsta klass i skolan ... L\u00e4s mer","og_url":"https:\/\/www.lfsl.net\/sv\/endlich-meine-shultute-antligen-min-skolstrut\/","og_site_name":"Lyc\u00e9e Fran\u00e7ais Saint Louis de Stockholm","article_publisher":"https:\/\/www.facebook.com\/Lyc%c3%a9e-Francais-Saint-Louis-182116921840529\/","article_published_time":"2021-01-04T16:44:41+00:00","article_modified_time":"2021-01-07T16:44:53+00:00","og_image":[{"width":1587,"height":893,"url":"https:\/\/www.lfsl.net\/wp-content\/uploads\/2021\/01\/affiche-Schult\u00fcten_crop.jpg","type":"image\/jpeg"}],"author":"LFSL","twitter_card":"summary_large_image","schema":{"@context":"https:\/\/schema.org","@graph":[{"@type":"Article","@id":"https:\/\/www.lfsl.net\/sv\/endlich-meine-shultute-antligen-min-skolstrut\/#article","isPartOf":{"@id":"https:\/\/www.lfsl.net\/sv\/endlich-meine-shultute-antligen-min-skolstrut\/"},"author":{"name":"LFSL","@id":"https:\/\/www.lfsl.net\/sv\/#\/schema\/person\/b844e4fec0b6546045ed48d495805bfc"},"headline":"&#8221;Endlich meine Sh\u00fcltute!&#8221; &#8211; \u00c4ntligen min &#8221;skolstrut&#8221;!","datePublished":"2021-01-04T16:44:41+00:00","dateModified":"2021-01-07T16:44:53+00:00","mainEntityOfPage":{"@id":"https:\/\/www.lfsl.net\/sv\/endlich-meine-shultute-antligen-min-skolstrut\/"},"wordCount":291,"publisher":{"@id":"https:\/\/www.lfsl.net\/sv\/#organization"},"image":{"@id":"https:\/\/www.lfsl.net\/sv\/endlich-meine-shultute-antligen-min-skolstrut\/#primaryimage"},"thumbnailUrl":"https:\/\/www.lfsl.net\/wp-content\/uploads\/2021\/01\/affiche-Schult\u00fcten_crop.jpg","articleSection":["Okategoriserad"],"inLanguage":"sv-SE"},{"@type":"WebPage","@id":"https:\/\/www.lfsl.net\/sv\/endlich-meine-shultute-antligen-min-skolstrut\/","url":"https:\/\/www.lfsl.net\/sv\/endlich-meine-shultute-antligen-min-skolstrut\/","name":"\"Endlich meine Sh\u00fcltute!\" - \u00c4ntligen min \"skolstrut\"! &#8211; Lyc\u00e9e Fran\u00e7ais Saint Louis de Stockholm","isPartOf":{"@id":"https:\/\/www.lfsl.net\/sv\/#website"},"primaryImageOfPage":{"@id":"https:\/\/www.lfsl.net\/sv\/endlich-meine-shultute-antligen-min-skolstrut\/#primaryimage"},"image":{"@id":"https:\/\/www.lfsl.net\/sv\/endlich-meine-shultute-antligen-min-skolstrut\/#primaryimage"},"thumbnailUrl":"https:\/\/www.lfsl.net\/wp-content\/uploads\/2021\/01\/affiche-Schult\u00fcten_crop.jpg","datePublished":"2021-01-04T16:44:41+00:00","dateModified":"2021-01-07T16:44:53+00:00","breadcrumb":{"@id":"https:\/\/www.lfsl.net\/sv\/endlich-meine-shultute-antligen-min-skolstrut\/#breadcrumb"},"inLanguage":"sv-SE","potentialAction":[{"@type":"ReadAction","target":["https:\/\/www.lfsl.net\/sv\/endlich-meine-shultute-antligen-min-skolstrut\/"]}]},{"@type":"ImageObject","inLanguage":"sv-SE","@id":"https:\/\/www.lfsl.net\/sv\/endlich-meine-shultute-antligen-min-skolstrut\/#primaryimage","url":"https:\/\/www.lfsl.net\/wp-content\/uploads\/2021\/01\/affiche-Schult\u00fcten_crop.jpg","contentUrl":"https:\/\/www.lfsl.net\/wp-content\/uploads\/2021\/01\/affiche-Schult\u00fcten_crop.jpg","width":1587,"height":893},{"@type":"BreadcrumbList","@id":"https:\/\/www.lfsl.net\/sv\/endlich-meine-shultute-antligen-min-skolstrut\/#breadcrumb","itemListElement":[{"@type":"ListItem","position":1,"name":"Home","item":"https:\/\/www.lfsl.net\/sv\/"},{"@type":"ListItem","position":2,"name":"&#8220;Endlich meine Sh\u00fcltute!&#8221; &#8211; \u00c4ntligen min &#8220;skolstrut&#8221;!"}]},{"@type":"WebSite","@id":"https:\/\/www.lfsl.net\/sv\/#website","url":"https:\/\/www.lfsl.net\/sv\/","name":"Lyc\u00e9e Fran\u00e7ais Saint Louis de Stockholm","description":"\u00c9tablissement membre du r\u00e9seau AEFE","publisher":{"@id":"https:\/\/www.lfsl.net\/sv\/#organization"},"potentialAction":[{"@type":"SearchAction","target":{"@type":"EntryPoint","urlTemplate":"https:\/\/www.lfsl.net\/sv\/?s={search_term_string}"},"query-input":{"@type":"PropertyValueSpecification","valueRequired":true,"valueName":"search_term_string"}}],"inLanguage":"sv-SE"},{"@type":"Organization","@id":"https:\/\/www.lfsl.net\/sv\/#organization","name":"Lyc\u00e9e Fran\u00e7ais Saint Louis","url":"https:\/\/www.lfsl.net\/sv\/","logo":{"@type":"ImageObject","inLanguage":"sv-SE","@id":"https:\/\/www.lfsl.net\/sv\/#\/schema\/logo\/image\/","url":"https:\/\/www.lfsl.net\/wp-content\/uploads\/2021\/03\/LFSL-logo.jpg","contentUrl":"https:\/\/www.lfsl.net\/wp-content\/uploads\/2021\/03\/LFSL-logo.jpg","width":330,"height":473,"caption":"Lyc\u00e9e Fran\u00e7ais Saint Louis"},"image":{"@id":"https:\/\/www.lfsl.net\/sv\/#\/schema\/logo\/image\/"},"sameAs":["https:\/\/www.facebook.com\/Lyc\u00e9e-Francais-Saint-Louis-182116921840529\/","https:\/\/www.instagram.com\/lyceefrancaisstockholm\/","https:\/\/www.linkedin.com\/school\/lfsl\/","https:\/\/www.youtube.com\/channel\/UCchS4IO4jE_YY0ILwn5NgGQ"]},{"@type":"Person","@id":"https:\/\/www.lfsl.net\/sv\/#\/schema\/person\/b844e4fec0b6546045ed48d495805bfc","name":"LFSL","image":{"@type":"ImageObject","inLanguage":"sv-SE","@id":"https:\/\/secure.gravatar.com\/avatar\/8675186c12a5532dad5f25706eb6019c936983ed4945888898482ec1904338ec?s=96&d=mm&r=g","url":"https:\/\/secure.gravatar.com\/avatar\/8675186c12a5532dad5f25706eb6019c936983ed4945888898482ec1904338ec?s=96&d=mm&r=g","contentUrl":"https:\/\/secure.gravatar.com\/avatar\/8675186c12a5532dad5f25706eb6019c936983ed4945888898482ec1904338ec?s=96&d=mm&r=g","caption":"LFSL"},"url":"https:\/\/www.lfsl.net\/sv\/author\/lfsladmin\/"}]}},"_links":{"self":[{"href":"https:\/\/www.lfsl.net\/sv\/wp-json\/wp\/v2\/posts\/9715","targetHints":{"allow":["GET"]}}],"collection":[{"href":"https:\/\/www.lfsl.net\/sv\/wp-json\/wp\/v2\/posts"}],"about":[{"href":"https:\/\/www.lfsl.net\/sv\/wp-json\/wp\/v2\/types\/post"}],"author":[{"embeddable":true,"href":"https:\/\/www.lfsl.net\/sv\/wp-json\/wp\/v2\/users\/1"}],"replies":[{"embeddable":true,"href":"https:\/\/www.lfsl.net\/sv\/wp-json\/wp\/v2\/comments?post=9715"}],"version-history":[{"count":3,"href":"https:\/\/www.lfsl.net\/sv\/wp-json\/wp\/v2\/posts\/9715\/revisions"}],"predecessor-version":[{"id":9722,"href":"https:\/\/www.lfsl.net\/sv\/wp-json\/wp\/v2\/posts\/9715\/revisions\/9722"}],"wp:featuredmedia":[{"embeddable":true,"href":"https:\/\/www.lfsl.net\/sv\/wp-json\/wp\/v2\/media\/9691"}],"wp:attachment":[{"href":"https:\/\/www.lfsl.net\/sv\/wp-json\/wp\/v2\/media?parent=9715"}],"wp:term":[{"taxonomy":"category","embeddable":true,"href":"https:\/\/www.lfsl.net\/sv\/wp-json\/wp\/v2\/categories?post=9715"},{"taxonomy":"post_tag","embeddable":true,"href":"https:\/\/www.lfsl.net\/sv\/wp-json\/wp\/v2\/tags?post=9715"}],"curies":[{"name":"wp","href":"https:\/\/api.w.org\/{rel}","templated":true}]}}